{"id":17209,"date":"2015-10-13T20:10:03","date_gmt":"2015-10-13T20:10:03","guid":{"rendered":"http:\/\/www.letourismeaparis.fr\/?p=17209"},"modified":"2015-10-13T20:10:03","modified_gmt":"2015-10-13T20:10:03","slug":"patrimoines-et-territoire-agir-pour-le-climat-au-xxie-siecle-des-conferences-a-la-cite-de-larchitecture","status":"publish","type":"post","link":"http:\/\/www.letourismeaparis.fr\/index.php\/2015\/10\/13\/patrimoines-et-territoire-agir-pour-le-climat-au-xxie-siecle-des-conferences-a-la-cite-de-larchitecture\/","title":{"rendered":"Patrimoines et territoire. Agir pour le climat au XXIe si\u00e8cle :  des conf\u00e9rences \u00e0 la cit\u00e9 de l&#039;architecture"},"content":{"rendered":"<p><strong>Depuis 40 ans les ph\u00e9nom\u00e8nes climatiques plan\u00e9taires se sont aggrav\u00e9s et la relation entre d\u00e9veloppement, \u00e9puisement des ressources, d\u00e9r\u00e9gulation environnementale et r\u00e9chauffement climatique, est d\u00e9sormais \u00e9tablie.<\/strong><br \/>\nT\u00e9moins de leur rapport aux lieux, aux ressources et au climat dans l\u2018histoire, int\u00e9gr\u00e9es aux paysages et aux territoires, l\u2019architecture et les centres anciens sont aujourd\u2019hui reconnus comme patrimoine.<br \/>\nA traverser ces enjeux, les cours aborderont les questions de temporalit\u00e9s, de ressources et d\u2019habitabilit\u00e9.\u00a0Et en prolongement, celles de l\u2019adaptation de nos modes de vie, d\u2019organisation et de d\u00e9veloppement sur nos territoires.<br \/>\nJeudi 5 novembre \/\u00a0<strong>Philippe Madec<\/strong>\u00a0<strong>\u00a0\u00a0\u00a0<\/strong><strong><em>Conf\u00e9rence introductive\u00a0<\/em><\/strong><strong><em>\u00a0\u00a0\u00a0\u00a0<\/em><\/strong><strong><em>\u00ab\u00a0\u2026 le climat que j\u2019habite.\u00a0\u00bb<\/em><\/strong>\u00a0<strong><br \/>\n<\/strong><br \/>\n<strong>I-\u00a0 Energie et cultures constructives\u00a0: continuit\u00e9s\u00a0<\/strong><strong>\u00a0<\/strong><strong>et ruptures\u00a0<\/strong><br \/>\n<a href=\"http:\/\/www.letourismeaparis.fr\/wp-content\/uploads\/2015\/10\/p-et-t.jpg\"><img loading=\"lazy\" decoding=\"async\" class=\"aligncenter size-full wp-image-17210\" src=\"http:\/\/www.letourismeaparis.fr\/wp-content\/uploads\/2015\/10\/p-et-t.jpg\" alt=\"p et t\" width=\"180\" height=\"229\" \/><\/a><br \/>\n2- Jeudi 12novembre 2015 \/\u00a0<strong>Dominique Gauzin-M\u00fcller<\/strong>\u00a0\u00a0\u00a0\u00a0\u00a0<!--more--><br \/>\nClimats et milieux. Variables et permanence de\u00a0l\u2019architecture<br \/>\n3-Jeudi19 novembre 2015 \/\u00a0<strong>Bruno Barroca<\/strong><br \/>\nVille et extr\u00eames climatiques\u00a0: les risques (urbains)\u00a0\u00a0en questions<br \/>\n4- Jeudi 26 novembre 2015\/\u00a0\u00a0<strong>Emmanuelle Gallo<\/strong><br \/>\n<strong>\u00a0\u00a0\u00a0\u00a0\u00a0<\/strong>L\u2019invention et les \u00e9volutions du chauffage moderne\u00a0centralis\u00e9<br \/>\n5- Jeudi 3 d\u00e9cembre2015 \/\u00a0<strong>Tristan Guilloux<\/strong>\u00a0<strong><br \/>\n<\/strong>Les colonies, un laboratoire d\u2019architecture climatique\u00a0?<br \/>\n6- Jeudi 7 janvier 2016 \/\u00a0<strong>Giulia Marino<\/strong><br \/>\nModernit\u00e9 architecturale, industrie, confort et climat artificiel au XX\u00e8me si\u00e8cle\u00a0<strong>\u00a0<\/strong><br \/>\n7- Jeudi 21 janvier 2016 \/<strong>\u00a0Andr\u00e9 Ravereau- Gilles Perraudin<br \/>\n<\/strong>D\u2019une g\u00e9n\u00e9ration de pionniers \u00e0 leurs h\u00e9ritiers, vers une architecture situ\u00e9e (1950-2015)<br \/>\n&nbsp;<br \/>\n<strong>II- Patrimoine et adaptations climatique au XXIe si\u00e8cle<br \/>\n<\/strong>\u00a08- Jeudi 4 f\u00e9vrier 2016 \/<strong>\u00a0Alain Marinos<br \/>\n<\/strong>\u00a0\u00a0\u00a0\u00a0\u00a0\u00a0\u00a0Cultures et\u00a0\u00a0climats<br \/>\n9- Jeudi 18 f\u00e9vrier 2016\/<strong>\u00a0Benjamin Mouton<br \/>\n<\/strong>\u00a0\u00a0\u00a0\u00a0\u00a0\u00a0Patrimoine et climats, voyage en\u00a0<em>\u00a0<\/em>Absurdie\u00a0<em>\u2026<\/em><br \/>\n10- Jeudi 10 mars 2016 \/<strong>\u00a0Fr\u00e9d\u00e9ric.Auclair -Yves Contassot,\u00a0 Marie-Jeanne Dumont , Yann Fran\u00e7oise,\u00a0 Jacky Cruchon\u00a0<\/strong>\u00a0\u00a0Pr\u00e9server et pr\u00e9voir : les probl\u00e9matiques des\u00a0centres historiques \u00e0 l\u2019horizon 2100\u00a0\u00a0\u00a0<!--more--><br \/>\n11- Jeudi 24 mars 2016<strong>\u00a0\/ Djamel Klouche-Corinne Poulain<\/strong><br \/>\n\u00ab\u00a0Soleil, espace, arbres\u2026\u00a0\u00bb. Agir \u00e0 l\u2018\u00e9chelle des barres et des tours\u00a0\u00a0\u00a0<!--more--><br \/>\n12- Jeudi 31 mars 2016 \/<strong>\u00a0Alberto Magnaghi-\u00a0\u00a0<em>introduction\u00a0: Agn\u00e8s Berland-Berthon<\/em><\/strong><br \/>\nLe patrimoine territorial\u00a0: un gisement de savoirs pour le futur des \u00e9tablissements humains<br \/>\n13- Jeudi 7 avril 2016 \/<strong>\u00a0Jean Richer-Mireille Guignard<\/strong><br \/>\nL\u2019horizon se rapproche. Appel \u00e0 la m\u00e9diation des paysages culturels dans l\u2019adaptation\u00a0 aux effets du changement climatique.<br \/>\n<strong>Auditorium de la Cit\u00e9 de l&rsquo;architecture et du patrimoine<\/strong><br \/>\n<strong> 7 avenue Albert de Mun<\/strong><br \/>\n<strong> 75116 Paris<\/strong><br \/>\n<strong> Acc\u00e8s handicap\u00e9<\/strong><br \/>\n&nbsp;<\/p>\n","protected":false},"excerpt":{"rendered":"<p>Depuis 40 ans les ph\u00e9nom\u00e8nes climatiques plan\u00e9taires se sont aggrav\u00e9s et la relation entre d\u00e9veloppement, \u00e9puisement des ressources, d\u00e9r\u00e9gulation environnementale et r\u00e9chauffement climatique, est d\u00e9sormais \u00e9tablie. T\u00e9moins de leur rapport aux lieux, aux ressources et au climat dans l\u2018histoire, int\u00e9gr\u00e9es&#8230;<\/p>\n","protected":false},"author":2,"featured_media":0,"comment_status":"open","ping_status":"open","sticky":false,"template":"","format":"standard","meta":{"ngg_post_thumbnail":0,"jetpack_post_was_ever_published":false,"_jetpack_newsletter_access":"","footnotes":""},"categories":[17],"tags":[],"class_list":["post-17209","post","type-post","status-publish","format-standard","hentry","category-conferences"],"jetpack_featured_media_url":"","jetpack-related-posts":[{"id":9993,"url":"http:\/\/www.letourismeaparis.fr\/index.php\/2011\/04\/03\/semaine-du-developpement-durable-dans-le-3-eme\/","url_meta":{"origin":17209,"position":0},"title":"Semaine du d\u00e9veloppement durable dans le 3 \u00e8me","author":"Fabienne TM","date":"3 avril 2011","format":false,"excerpt":"Des conf\u00e9rences, une exposition, des visites, des projections, des expositions, des animations, une s\u00e9ance de conte. Exposition d\u2019un Paris plong\u00e9 dans un climat fiction qui r\u00e9invente ses modes de vie urbains. Mairie du 3e \u203a Rez-de-chauss\u00e9e Jeudi 7 avril \u00e0 19h :\u00a0 le 3 \u00e8me arrondissement dva s\u2019engager sur un\u2026","rel":"","context":"Dans &quot;Non class\u00e9&quot;","block_context":{"text":"Non class\u00e9","link":"http:\/\/www.letourismeaparis.fr\/index.php\/category\/non-classe\/"},"img":{"alt_text":"","src":"","width":0,"height":0},"classes":[]},{"id":15642,"url":"http:\/\/www.letourismeaparis.fr\/index.php\/2014\/09\/19\/dimanche-21-septembre-marche-mondiale-pour-le-climat\/","url_meta":{"origin":17209,"position":1},"title":"Dimanche 21 septembre,  marche mondiale pour le Climat.","author":"Fabienne TM","date":"19 septembre 2014","format":false,"excerpt":"3 000 \u00e9v\u00e8nements sont pr\u00e9vus dans 136 pays. Cet \u00e9v\u00e8nement, , intervient deux jours avant le sommet sp\u00e9cial des Nations Unies sur le changement climatique qui se tiendra \u00e0 New York le 23 septembre. Cette r\u00e9union pr\u00e9liminaire \u00e0 la Conf\u00e9rence mondiale sur le Climat qui aura lieu \u00e0 Paris en\u2026","rel":"","context":"Dans &quot;Familles&quot;","block_context":{"text":"Familles","link":"http:\/\/www.letourismeaparis.fr\/index.php\/category\/familles\/"},"img":{"alt_text":"","src":"https:\/\/i0.wp.com\/www.letourismeaparis.fr\/wp-content\/uploads\/2014\/09\/3586-222x300.png?resize=350%2C200","width":350,"height":200},"classes":[]},{"id":4162,"url":"http:\/\/www.letourismeaparis.fr\/index.php\/2009\/09\/19\/les-journees-du-patrimoine-12eme-n1\/","url_meta":{"origin":17209,"position":2},"title":"Les journ\u00e9es du Patrimoine (12\u00e8me)","author":"Fabienne TM","date":"19 septembre 2009","format":false,"excerpt":"Le Faubourg Saint Antoine, quartier des \u00e9b\u00e9nistes Parcours-d\u00e9couverte des anciens ateliers des \u00e9b\u00e9nistes dans des passages insoup\u00e7onn\u00e9s. Visite-conf\u00e9rence propos\u00e9e par Elodie Parison, membre de la F\u00e9deration fran\u00e7aise des Conf\u00e9renciers d\u2019arts RDV sur les marches de l\u2019Op\u00e9ra Bastille - R\u00e9servations : 06 07 54 71 39 Horaires : sam 14h 5\u2026","rel":"","context":"Dans &quot;Non class\u00e9&quot;","block_context":{"text":"Non class\u00e9","link":"http:\/\/www.letourismeaparis.fr\/index.php\/category\/non-classe\/"},"img":{"alt_text":"","src":"","width":0,"height":0},"classes":[]},{"id":2930,"url":"http:\/\/www.letourismeaparis.fr\/index.php\/2009\/05\/19\/le-grand-paris-a-la-cite-de-larchitecture\/","url_meta":{"origin":17209,"position":3},"title":"Le Grand Paris \u00e0 la Cit\u00e9 de l&#039;architecture (entr\u00e9e libre)","author":"Fabienne TM","date":"19 mai 2009","format":false,"excerpt":"jusqu'au 22 novembre 2009, la Cit\u00e9 de l\u2019architecture et du patrimoine propose une exposition pour d\u00e9couvrir le sc\u00e9nario de chacune des dix \u00e9quipes travaillant sur le projet. La sc\u00e9nographie de Jean-Christophe Quinton articule les 10 modules contemporains dans un grand parcours historique, tout en laissant \u00e0 chaque \u00e9quipe l\u2019enti\u00e8re libert\u00e9\u2026","rel":"","context":"Dans &quot;Non class\u00e9&quot;","block_context":{"text":"Non class\u00e9","link":"http:\/\/www.letourismeaparis.fr\/index.php\/category\/non-classe\/"},"img":{"alt_text":"","src":"","width":0,"height":0},"classes":[]},{"id":17226,"url":"http:\/\/www.letourismeaparis.fr\/index.php\/2015\/10\/16\/climat-lexpo-a-360-a-la-cite-des-sciences\/","url_meta":{"origin":17209,"position":4},"title":"Climat, l&#039;expo \u00e0 360\u00b0 \u00e0 la cit\u00e9 des sciences","author":"Fabienne TM","date":"16 octobre 2015","format":false,"excerpt":"\u00a0 \u00c0 l\u2019occasion de la Conf\u00e9rence mondiale sur le climat COP21 qui se tiendra \u00e0 Paris du 30 novembre au 11 d\u00e9cembre 2015,\u00a0Climat, l'expo \u00e0 360\u00b0\u00a0fait le point sur les questions soulev\u00e9es par l\u2019augmentation des gaz \u00e0 effet de serre li\u00e9e aux activit\u00e9s humaines. \u00a9 Kadir van Lohuizen\/NOOR M\u00ealant\u00a0enqu\u00eate scientifique\u00a0et\u2026","rel":"","context":"Dans &quot;Mus\u00e9es \/ Expositions&quot;","block_context":{"text":"Mus\u00e9es \/ Expositions","link":"http:\/\/www.letourismeaparis.fr\/index.php\/category\/culture\/musees-expositions\/"},"img":{"alt_text":"","src":"https:\/\/i0.wp.com\/www.letourismeaparis.fr\/wp-content\/uploads\/2015\/10\/climat-203x300.jpg?resize=350%2C200","width":350,"height":200},"classes":[]},{"id":20903,"url":"http:\/\/www.letourismeaparis.fr\/index.php\/2018\/03\/30\/les-journees-des-metiers-dart-du-3-au-8-avril\/","url_meta":{"origin":17209,"position":5},"title":"les journ\u00e9es des m\u00e9tiers d&#039;art du 3 au 8 avril","author":"Fabienne TM","date":"30 mars 2018","format":false,"excerpt":"Un temps fort d\u00e9di\u00e9 aux manifestations, aux portes ouvertes d'ateliers et centres de formation Participez au grand rendez-vous populaire consacr\u00e9 aux ouvertures d\u2019ateliers, centres de formations, lieux culturels, et aux expositions, manifestations, conf\u00e9rences, etc. 3 jours d\u00e9di\u00e9s \u00e0 la d\u00e9couverte, \u00e0 la rencontre, au partage avec des professionnels de passion,\u2026","rel":"","context":"Dans &quot;Actualit\u00e9s&quot;","block_context":{"text":"Actualit\u00e9s","link":"http:\/\/www.letourismeaparis.fr\/index.php\/category\/actualite\/"},"img":{"alt_text":"","src":"","width":0,"height":0},"classes":[]}],"jetpack_sharing_enabled":true,"jetpack_likes_enabled":true,"_links":{"self":[{"href":"http:\/\/www.letourismeaparis.fr\/index.php\/wp-json\/wp\/v2\/posts\/17209","targetHints":{"allow":["GET"]}}],"collection":[{"href":"http:\/\/www.letourismeaparis.fr\/index.php\/wp-json\/wp\/v2\/posts"}],"about":[{"href":"http:\/\/www.letourismeaparis.fr\/index.php\/wp-json\/wp\/v2\/types\/post"}],"author":[{"embeddable":true,"href":"http:\/\/www.letourismeaparis.fr\/index.php\/wp-json\/wp\/v2\/users\/2"}],"replies":[{"embeddable":true,"href":"http:\/\/www.letourismeaparis.fr\/index.php\/wp-json\/wp\/v2\/comments?post=17209"}],"version-history":[{"count":0,"href":"http:\/\/www.letourismeaparis.fr\/index.php\/wp-json\/wp\/v2\/posts\/17209\/revisions"}],"wp:attachment":[{"href":"http:\/\/www.letourismeaparis.fr\/index.php\/wp-json\/wp\/v2\/media?parent=17209"}],"wp:term":[{"taxonomy":"category","embeddable":true,"href":"http:\/\/www.letourismeaparis.fr\/index.php\/wp-json\/wp\/v2\/categories?post=17209"},{"taxonomy":"post_tag","embeddable":true,"href":"http:\/\/www.letourismeaparis.fr\/index.php\/wp-json\/wp\/v2\/tags?post=17209"}],"curies":[{"name":"wp","href":"https:\/\/api.w.org\/{rel}","templated":true}]}}