{"id":17224,"date":"2015-10-17T09:23:26","date_gmt":"2015-10-17T09:23:26","guid":{"rendered":"http:\/\/www.letourismeaparis.fr\/?p=17224"},"modified":"2015-10-17T09:23:26","modified_gmt":"2015-10-17T09:23:26","slug":"jacques-doucet-yves-saint-laurent-vivre-pour-lart-du-15-octobre-2015-au-14-fevrier-2016","status":"publish","type":"post","link":"http:\/\/www.letourismeaparis.fr\/index.php\/2015\/10\/17\/jacques-doucet-yves-saint-laurent-vivre-pour-lart-du-15-octobre-2015-au-14-fevrier-2016\/","title":{"rendered":"Jacques Doucet &#8211; Yves Saint Laurent  : Vivre pour l&#039;Art   du 15 octobre 2015 au 14 f\u00e9vrier 2016"},"content":{"rendered":"<h2>Jacques Doucet &#8211; Yves Saint Laurent<br \/>\nVivre pour l&rsquo;Art<\/h2>\n<p>du 15 octobre 2015 au 14 f\u00e9vrier 2016<br \/>\n&nbsp;<br \/>\n<strong>Cr\u00e9ateurs de beaut\u00e9, Jacques Doucet (1853-1929) et Yves Saint Laurent\u00a0(1936-2008)<\/strong><strong>\u00a0<\/strong><strong>sont tous les deux couturiers, chacun dans une moiti\u00e9 du XX<sup>\u00e8me<\/sup>\u00a0si\u00e8cle. Ils sont aussi deux collectionneurs de g\u00e9nie, qui composent pour eux-m\u00eames des r\u00e9unions d\u2019\u0153uvres d\u2019art extraordinaires.\u00a0\u00c0 partir d\u2019une s\u00e9lection de chefs-d\u2019\u0153uvre collectionn\u00e9s par Jacques Doucet et Yves Saint Laurent, dont quelques pi\u00e8ces qui habit\u00e8rent chez l\u2019un puis chez l\u2019autre, l\u2019exposition imagine un espace original vou\u00e9 au culte de la cr\u00e9ation.\u00a0<\/strong><!--more--><br \/>\n&nbsp;<br \/>\n\u00c0 la recherche d\u2019un certain absolu, Jacques Doucet et Yves Saint Laurent ont cr\u00e9\u00e9 des \u00ab espaces-collections \u00bb dans leurs maisons, qui formaient des expositions in\u00e9dites, de v\u00e9ritables installations, des \u0153uvres en soi.\u00a0<strong>Braque, Brancusi, Chirico, Coard, Csaky, Derain, Duchamp, Gray, Legrain, Laurencin, Manet, Matisse, Miklos, Modigliani, Picasso, Rousseau<\/strong>\u2026 De nombreux artistes, et plusieurs \u0153uvres, se trouvaient dans les deux appartements.<br \/>\n&nbsp;<br \/>\nDans l\u2019espace visionnaire d\u2019une galerie personnelle appel\u00e9e \u00ab studio \u00bb, Jacques Doucet fit cohabiter des \u0153uvres parmi\u00a0<strong>les plus importantes de l\u2019histoire de l\u2019art<\/strong>\u00a0moderne, de\u00a0<em>La charmeuse de serpents<\/em>\u00a0du Douanier Rousseau aux\u00a0<em>Demoiselles d\u2019Avignon<\/em>\u00a0de Picasso, en passant par la<em>\u00a0<\/em><em>Muse endormie II<\/em>\u00a0de Brancusi et\u00a0<em>La Blouse rose<\/em>\u00a0de Modigliani. \u00c0 partir des ann\u00e9es 1960, Yves Saint Laurent r\u00e9unit avec Pierre Berg\u00e9 une autre collection de chefs-d\u2019\u0153uvre. Au 55 rue de Babylone,\u00a0<strong>ils constituent un nouveau \u00ab mus\u00e9e vivant \u00bb<\/strong>\u00a0et font cohabiter les arts dits \u00ab premiers \u00bb, les grands ma\u00eetres tels Goya ou Picasso et des meubles Art d\u00e9co dont notamment ceux de Jean-Michel Frank.<br \/>\n&nbsp;<br \/>\nNous sommes \u00e0 la fois rue Saint-James, \u00e0 Neuilly, en 1928, dans la derni\u00e8re demeure de Jacques Doucet, et rue de Babylone, quelque cinquante ans plus tard, dans l\u2019appartement d\u2019Yves Saint Laurent et Pierre Berg\u00e9.\u00a0<strong>C\u2019est l\u2019esprit artistique de ces lieux qui est le sujet de cette exposition<\/strong>, leur parti-pris esth\u00e9tique qui pourrait tenir en une phrase :\u00a0<strong>la recherche de l\u2019espace parfait<\/strong>. Dans une sc\u00e9nographie et un d\u00e9cor inspir\u00e9s par l\u2019atmosph\u00e8re de ces lieux, l\u2019exposition propose un espace hybride, qui emm\u00e8ne le visiteur d\u2019un salon \u00e0 l\u2019autre, au fil de cinq salles et de nombreux effets miroir.<br \/>\n&nbsp;<br \/>\n3 rue L\u00e9once Reynaud, 75116 Paris<br \/>\nT\u00e9l.: 01 44 31 64 00<\/p>\n","protected":false},"excerpt":{"rendered":"<p>Jacques Doucet &#8211; Yves Saint Laurent Vivre pour l&rsquo;Art du 15 octobre 2015 au 14 f\u00e9vrier 2016 &nbsp; Cr\u00e9ateurs de beaut\u00e9, Jacques Doucet (1853-1929) et Yves Saint Laurent\u00a0(1936-2008)\u00a0sont tous les deux couturiers, chacun dans une moiti\u00e9 du XX\u00e8me\u00a0si\u00e8cle. Ils sont&#8230;<\/p>\n","protected":false},"author":2,"featured_media":0,"comment_status":"open","ping_status":"open","sticky":false,"template":"","format":"standard","meta":{"ngg_post_thumbnail":0,"jetpack_post_was_ever_published":false,"_jetpack_newsletter_access":"","footnotes":""},"categories":[1],"tags":[],"class_list":["post-17224","post","type-post","status-publish","format-standard","hentry","category-non-classe"],"jetpack_featured_media_url":"","jetpack-related-posts":[{"id":5219,"url":"http:\/\/www.letourismeaparis.fr\/index.php\/2009\/11\/14\/yves-saint-laurent-et-pierre-berge-chez-christies\/","url_meta":{"origin":17224,"position":0},"title":"Yves Saint Laurent et Pierre Berg\u00e9 chez Christie&#039;s","author":"Fabienne TM","date":"14 novembre 2009","format":false,"excerpt":"Apr\u00e8s\u00a0 la vente de la collection d\u2019objets d\u2019art d\u2019Yves Saint Laurent et de Pierre Berg\u00e9, Christie\u2019s pr\u00e9sente jusqu\u2019\u00e0 lundi, leur cadre intime de Deauville : un \"int\u00e9rieur proustien\". Exposition jusqu'\u00e0 lundi . \u00ab Ce ne sont pas des pi\u00e8ces de collection, mais des objets familiers \u00bb, Quelques objets et meubles\u2026","rel":"","context":"Dans &quot;Non class\u00e9&quot;","block_context":{"text":"Non class\u00e9","link":"http:\/\/www.letourismeaparis.fr\/index.php\/category\/non-classe\/"},"img":{"alt_text":"","src":"","width":0,"height":0},"classes":[]},{"id":6921,"url":"http:\/\/www.letourismeaparis.fr\/index.php\/2010\/08\/23\/yves-saint-laurent-au-petit-palais\/","url_meta":{"origin":17224,"position":1},"title":"Yves Saint Laurent au Petit Palais jusqu&#039;au 29 ao\u00fbt au petit Palais","author":"Fabienne TM","date":"23 ao\u00fbt 2010","format":false,"excerpt":"Premi\u00e8re r\u00e9trospective pr\u00e9sentant l\u2019int\u00e9gralit\u00e9 de l\u2019oeuvre d\u2019Yves Saint Laurent. Dessins, vid\u00e9os et mod\u00e8les d\u00e9voilent les 40 ann\u00e9es de carri\u00e8re de cet immense cr\u00e9ateur, depuis ses d\u00e9buts chez Dior \u00e0 son ultime collection en 2002. Une nocturne exceptionnelle le samedi 28 ao\u00fbt jusqu'\u00e0 minuit plus de 300 mod\u00e8les, de nombreux dessins,\u2026","rel":"","context":"Dans &quot;Non class\u00e9&quot;","block_context":{"text":"Non class\u00e9","link":"http:\/\/www.letourismeaparis.fr\/index.php\/category\/non-classe\/"},"img":{"alt_text":"","src":"","width":0,"height":0},"classes":[]},{"id":24573,"url":"http:\/\/www.letourismeaparis.fr\/index.php\/2022\/01\/29\/yves-saint-laurent\/","url_meta":{"origin":17224,"position":2},"title":"Yves Saint Laurent","author":"Fabienne TM","date":"29 janvier 2022","format":false,"excerpt":"dans six mus\u00e9es Du 29 janvier au 15 mai 2022, A l'occasion du 60e anniversaire du premier d\u00e9fil\u00e9 du couturier, chaque mus\u00e9e met en avant les liens que le cr\u00e9ateur entretenait avec l'art et les collections publiques fran\u00e7aises. \u00a0le Centre Pompidou, \u00a0L\u2019exposition consiste, par des jeux de rapprochements et de\u2026","rel":"","context":"Dans &quot;Luxe&quot;","block_context":{"text":"Luxe","link":"http:\/\/www.letourismeaparis.fr\/index.php\/category\/luxe\/"},"img":{"alt_text":"","src":"https:\/\/i0.wp.com\/www.letourismeaparis.fr\/wp-content\/uploads\/2022\/01\/Capture-d%E2%80%99e%CC%81cran-2022-01-29-a%CC%80-18.54.56.png?resize=350%2C200","width":350,"height":200},"classes":[]},{"id":25484,"url":"http:\/\/www.letourismeaparis.fr\/index.php\/2024\/02\/09\/transparences-le-pouvoir-des-matieresune-magnifique-exposition\/","url_meta":{"origin":17224,"position":3},"title":"Transparences, le pouvoir des mati\u00e8res,une magnifique exposition","author":"Fabienne TM","date":"9 f\u00e9vrier 2024","format":false,"excerpt":"Le Mus\u00e9e Yves Saint Laurent Paris pr\u00e9sente, jusqu\u2019au 25 ao\u00fbt 2024, Yves Saint Laurent : Transparences, le pouvoir des mati\u00e8res, deuxi\u00e8me chapitre d\u2019un r\u00e9cit entam\u00e9 l\u2019\u00e9t\u00e9 dernier \u00e0 la Cit\u00e9 de la dentelle et de la mode de Calais. Yves Saint Laurent s\u2019empare, d\u00e8s les ann\u00e9es 1960, des mati\u00e8res comme\u2026","rel":"","context":"Dans &quot;Haute couture&quot;","block_context":{"text":"Haute couture","link":"http:\/\/www.letourismeaparis.fr\/index.php\/category\/haute-couture\/"},"img":{"alt_text":"","src":"https:\/\/i0.wp.com\/www.letourismeaparis.fr\/wp-content\/uploads\/2024\/02\/Capture-decran-2024-02-09-a-15.42.24.png?resize=350%2C200","width":350,"height":200},"classes":[]},{"id":25804,"url":"http:\/\/www.letourismeaparis.fr\/index.php\/2024\/09\/19\/les-fleurs-dyves-saint-laurent-au-musee-yves-saint-laurent\/","url_meta":{"origin":17224,"position":4},"title":"\u00ab\u00a0Les Fleurs d\u2019Yves Saint Laurent\u00a0\u00bb. Au \u00a0Mus\u00e9e Yves Saint Laurent","author":"Fabienne TM","date":"19 septembre 2024","format":false,"excerpt":"\u00a0Une exposition\u00a0 merveilleuse \u2026un immense cr\u00e9ateur Une trentaine de silhouettes textiles et des dessins mettent en lumi\u00e8re cette symbiose entre l\u2019\u0153uvre d\u2019Yves Saint Laurent, la nature et la litt\u00e9rature. \u00a0Des bijoux sont \u00e9galement pr\u00e9sent\u00e9s. Un \"chic\" in\u00e9galable, des robes intemporelles notamment en organza ,organdi de soie ; des broderies somptueuses\u2026","rel":"","context":"Dans &quot;Artisanat&quot;","block_context":{"text":"Artisanat","link":"http:\/\/www.letourismeaparis.fr\/index.php\/category\/culture\/musees-expositions\/artisanat\/"},"img":{"alt_text":"","src":"","width":0,"height":0},"classes":[]},{"id":21364,"url":"http:\/\/www.letourismeaparis.fr\/index.php\/2018\/10\/03\/lasie-revee-dyves-saint-laurent-02-10-2018-au-27-01-2019\/","url_meta":{"origin":17224,"position":5},"title":"L&#039;Asie r\u00eav\u00e9e d&#039;Yves Saint Laurent 02.10.2018 au 27.01.2019","author":"Fabienne TM","date":"3 octobre 2018","format":false,"excerpt":"Premi\u00e8re exposition temporaire th\u00e9matique du mus\u00e9e Yves Saint Laurent Paris depuis son ouverture en octobre 2017, \u00abL'Asie r\u00eav\u00e9e d'Yves Saint Laurent \u00bbrassemble une cinquantaine de mod\u00e8les haute couture inspir\u00e9s de l'Inde, de la Chine et du Japon Ces pi\u00e8ces issues de la collection du mus\u00e9e seront pr\u00e9sent\u00e9es en dialogue avec\u2026","rel":"","context":"Dans &quot;Mus\u00e9es \/ Expositions&quot;","block_context":{"text":"Mus\u00e9es \/ Expositions","link":"http:\/\/www.letourismeaparis.fr\/index.php\/category\/culture\/musees-expositions\/"},"img":{"alt_text":"","src":"","width":0,"height":0},"classes":[]}],"jetpack_sharing_enabled":true,"jetpack_likes_enabled":true,"_links":{"self":[{"href":"http:\/\/www.letourismeaparis.fr\/index.php\/wp-json\/wp\/v2\/posts\/17224","targetHints":{"allow":["GET"]}}],"collection":[{"href":"http:\/\/www.letourismeaparis.fr\/index.php\/wp-json\/wp\/v2\/posts"}],"about":[{"href":"http:\/\/www.letourismeaparis.fr\/index.php\/wp-json\/wp\/v2\/types\/post"}],"author":[{"embeddable":true,"href":"http:\/\/www.letourismeaparis.fr\/index.php\/wp-json\/wp\/v2\/users\/2"}],"replies":[{"embeddable":true,"href":"http:\/\/www.letourismeaparis.fr\/index.php\/wp-json\/wp\/v2\/comments?post=17224"}],"version-history":[{"count":0,"href":"http:\/\/www.letourismeaparis.fr\/index.php\/wp-json\/wp\/v2\/posts\/17224\/revisions"}],"wp:attachment":[{"href":"http:\/\/www.letourismeaparis.fr\/index.php\/wp-json\/wp\/v2\/media?parent=17224"}],"wp:term":[{"taxonomy":"category","embeddable":true,"href":"http:\/\/www.letourismeaparis.fr\/index.php\/wp-json\/wp\/v2\/categories?post=17224"},{"taxonomy":"post_tag","embeddable":true,"href":"http:\/\/www.letourismeaparis.fr\/index.php\/wp-json\/wp\/v2\/tags?post=17224"}],"curies":[{"name":"wp","href":"https:\/\/api.w.org\/{rel}","templated":true}]}}