{"id":17226,"date":"2015-10-16T11:27:11","date_gmt":"2015-10-16T11:27:11","guid":{"rendered":"http:\/\/www.letourismeaparis.fr\/?p=17226"},"modified":"2015-10-16T11:27:11","modified_gmt":"2015-10-16T11:27:11","slug":"climat-lexpo-a-360-a-la-cite-des-sciences","status":"publish","type":"post","link":"http:\/\/www.letourismeaparis.fr\/index.php\/2015\/10\/16\/climat-lexpo-a-360-a-la-cite-des-sciences\/","title":{"rendered":"Climat, l&#039;expo \u00e0 360\u00b0 \u00e0 la cit\u00e9 des sciences"},"content":{"rendered":"<p><em>\u00a0<\/em><br \/>\n<strong>\u00c0 l\u2019occasion de la Conf\u00e9rence mondiale sur le climat COP21 qui se tiendra \u00e0 Paris du 30 novembre au 11 d\u00e9cembre 2015,\u00a0<\/strong><em><strong>Climat, l&rsquo;expo \u00e0 360\u00b0<\/strong><\/em><strong>\u00a0fait le point sur les questions soulev\u00e9es par l\u2019augmentation des gaz \u00e0 effet de serre li\u00e9e aux activit\u00e9s humaines.<a href=\"http:\/\/www.letourismeaparis.fr\/wp-content\/uploads\/2015\/10\/climat.jpg\"><img loading=\"lazy\" decoding=\"async\" class=\"aligncenter size-medium wp-image-17227\" src=\"http:\/\/www.letourismeaparis.fr\/wp-content\/uploads\/2015\/10\/climat-203x300.jpg\" alt=\"climat\" width=\"203\" height=\"300\" \/><\/a><\/strong><br \/>\n\u00a9 Kadir van Lohuizen\/NOOR<!--more--><br \/>\nM\u00ealant\u00a0<strong>enqu\u00eate scientifique<\/strong>\u00a0et cr\u00e9ation artistique, elle propose une approche documentaire, afin d&rsquo;offrir des\u00a0<strong>points de rep\u00e8re<\/strong><strong>\u00a0<\/strong>aux visiteurs. Outre la participation de nombreux scientifiques et personnalit\u00e9s de la soci\u00e9t\u00e9 civile aux d\u00e9bats en cours, elle pr\u00e9sente\u00a0<strong>les<\/strong>\u00a0<strong>derni\u00e8res actualit\u00e9s<\/strong>\u00a0et flux de donn\u00e9es sur les questions g\u00e9opolitiques, \u00e9conomiques, \u00e9nerg\u00e9tiques, environnementales, technologiques et scientifiques li\u00e9es au changement climatique.<br \/>\nEn compl\u00e9ment, un\u00a0<strong>parcours artistique<\/strong>, qui d\u00e9bute d\u00e8s le hall d&rsquo;entr\u00e9e de la Cit\u00e9 des sciences et de l&rsquo;industrie, pr\u00e9sente le travail du photographe Kadir van Lohuizen sur les cons\u00e9quences humaines de l\u2019\u00e9l\u00e9vation du niveau des mers ainsi que plusieurs installations originales d&rsquo;o\u00f9 \u00e9merge une vision prospective et imaginaire d&rsquo;un monde en mutation.<br \/>\n<em>Une exposition con\u00e7ue et r\u00e9alis\u00e9e par la r\u00e9daction de Science Actualit\u00e9s avec le concours de l\u2019AJSPI (Association des journalistes scientifiques de la presse d\u2019information), avec le soutien de la Fondation BNP Paribas et en partenariat avec le PNUE (Programme des Nations Unies pour l\u2019environnement).<\/em><\/p>\n<table width=\"100%\">\n<tbody>\n<tr>\n<td width=\"21\"><\/td>\n<td>30 Avenue Corentin Cariou, 75019 Paris<br \/>\n01 40 05 70 00<\/td>\n<\/tr>\n<\/tbody>\n<\/table>\n<p><a href=\"http:\/\/www.cite-sciences.fr\/fr\/au-programme\/expos-temporaires\/climat-lexpo-a-360\/lexposition\/une-enquete-scientifique\/\">http:\/\/www.cite-sciences.fr\/fr\/au-programme\/expos-temporaires\/climat-lexpo-a-360\/lexposition\/une-enquete-scientifique\/<\/a><\/p>\n","protected":false},"excerpt":{"rendered":"<p>\u00a0 \u00c0 l\u2019occasion de la Conf\u00e9rence mondiale sur le climat COP21 qui se tiendra \u00e0 Paris du 30 novembre au 11 d\u00e9cembre 2015,\u00a0Climat, l&rsquo;expo \u00e0 360\u00b0\u00a0fait le point sur les questions soulev\u00e9es par l\u2019augmentation des gaz \u00e0 effet de serre&#8230;<\/p>\n","protected":false},"author":2,"featured_media":0,"comment_status":"open","ping_status":"open","sticky":false,"template":"","format":"standard","meta":{"ngg_post_thumbnail":0,"jetpack_post_was_ever_published":false,"_jetpack_newsletter_access":"","footnotes":""},"categories":[27,46],"tags":[],"class_list":["post-17226","post","type-post","status-publish","format-standard","hentry","category-musees-expositions","category-sciences"],"jetpack_featured_media_url":"","jetpack-related-posts":[{"id":17259,"url":"http:\/\/www.letourismeaparis.fr\/index.php\/2015\/10\/22\/vacances-de-la-toussaint-au-palais-de-la-decouverte-et-a-la-cite-des-sciences-et-de-lindustrie\/","url_meta":{"origin":17226,"position":0},"title":"Vacances de la Toussaint  au Palais de la d\u00e9couverte et \u00e0 la Cit\u00e9 des sciences et de l\u2019industrie","author":"Fabienne TM","date":"22 octobre 2015","format":false,"excerpt":"Ouverts exceptionnellement les lundis, les deux mus\u00e9es proposent 14 jours non-stop d\u2018activit\u00e9s. Les ateliers et expos\u00e9s qui accompagnent les expositions temporaires aux th\u00e9matiques fortes et dans l\u2019air du temps, permettent \u00e0 chacun de trouver son bonheur. Ouvertures exceptionnelles les lundis 19 et 26 octobre. Ouverts tous les jours jusqu\u2019\u00e0 19h.\u2026","rel":"","context":"Dans &quot;Familles&quot;","block_context":{"text":"Familles","link":"http:\/\/www.letourismeaparis.fr\/index.php\/category\/familles\/"},"img":{"alt_text":"","src":"","width":0,"height":0},"classes":[]},{"id":24028,"url":"http:\/\/www.letourismeaparis.fr\/index.php\/2020\/08\/11\/pompei-au-grand-palais-jusquau-27-septembre\/","url_meta":{"origin":17226,"position":1},"title":"POMPEI AU GRAND PALAIS jusqu&rsquo;au 27 septembre","author":"Fabienne TM","date":"11 ao\u00fbt 2020","format":false,"excerpt":"Un parcours immersif plonge le visiteur au c\u0153ur de Pomp\u00e9i, du temps de sa splendeur et pendant la trag\u00e9die de sa destruction, par des projections 360\u00b0 en tr\u00e8s haute d\u00e9finition, des cr\u00e9ations sonores et des reconstitutions en 3D des rues et habitations. Alliant technologies et arch\u00e9ologie, l\u2019exposition raconte l\u2019histoire fascinante\u2026","rel":"","context":"Dans &quot;Non class\u00e9&quot;","block_context":{"text":"Non class\u00e9","link":"http:\/\/www.letourismeaparis.fr\/index.php\/category\/non-classe\/"},"img":{"alt_text":"","src":"","width":0,"height":0},"classes":[]},{"id":17481,"url":"http:\/\/www.letourismeaparis.fr\/index.php\/2015\/12\/03\/expo-empreinte-tour-du-monde-des-initiatives-ecologiques-reussies-du-7-decembre-au-14-janvier-gratuit\/","url_meta":{"origin":17226,"position":2},"title":"Expo Empreinte : tour du monde des initiatives \u00e9cologiques r\u00e9ussies du 7 d\u00e9cembre au 14 janvier (gratuit)","author":"Fabienne TM","date":"3 d\u00e9cembre 2015","format":false,"excerpt":"l\u2019exposition Empreinte, un tour du monde des initiatives \u00e9cologiques r\u00e9ussies,\u00a0accessible gratuitement \u00e0 l\u2019H\u00f4tel de Ville de Paris, Salle Pr\u00e9v\u00f4ts (10h \u00e0 18h30). Le d\u00e9r\u00e8glement climatique est bien r\u00e9el et il s\u2019acc\u00e9l\u00e8re. Il est donc l\u2019heure d\u2019une\u00a0transition \u00e9nerg\u00e9tique et certains de par le monde s\u2019y sont d\u00e9j\u00e0 engag\u00e9s au\u00a0quotidien. Le\u00a0collectif Argos\u00a0est\u2026","rel":"","context":"Dans &quot;Bons Plans&quot;","block_context":{"text":"Bons Plans","link":"http:\/\/www.letourismeaparis.fr\/index.php\/category\/bon-plan\/"},"img":{"alt_text":"","src":"https:\/\/i0.wp.com\/www.letourismeaparis.fr\/wp-content\/uploads\/2015\/12\/AFFICHE-60-X-80-BD-228x300-228x300.jpg?resize=350%2C200","width":350,"height":200},"classes":[]},{"id":26554,"url":"http:\/\/www.letourismeaparis.fr\/index.php\/2025\/11\/07\/explorespace-un-festival-dastronomie-au-beffroi-de-montrouge-gratuit\/","url_meta":{"origin":17226,"position":3},"title":"Explor&rsquo;Espace &#8211; Un festival d&rsquo;astronomie au Beffroi \u00a0 de MONTROUGE    \u00a0GRATUIT","author":"Fabienne TM","date":"7 novembre 2025","format":false,"excerpt":"Du 07 novembre 2025 au 09 novembre 2025 le Beffroi se transforme en vaisseau spatial g\u00e9ant Ateliers immersifs, spectacles cosmiques, conf\u00e9rences de haut vol, manipulations scientifiques et expositions c\u00e9lestes : du 7 au 9 novembre, vous \u00eates invit\u00e9s gratuitement \u00e0 embarquer pour un voyage ludique et interg\u00e9n\u00e9rationnel aux confins de\u2026","rel":"","context":"Dans &quot;Astronomie&quot;","block_context":{"text":"Astronomie","link":"http:\/\/www.letourismeaparis.fr\/index.php\/category\/culture\/musees-expositions\/astronomie\/"},"img":{"alt_text":"","src":"","width":0,"height":0},"classes":[]},{"id":24752,"url":"http:\/\/www.letourismeaparis.fr\/index.php\/2022\/06\/27\/les-dinosaures-envahissent-paris-expo\/","url_meta":{"origin":17226,"position":4},"title":"LES DINOSAURES ENVAHISSENT PARIS EXPO !","author":"Fabienne TM","date":"27 juin 2022","format":false,"excerpt":"LES DINOSAURES ENVAHISSENT PARIS EXPO ! Sur plus de 3000 m2, cette exposition unique en son genre plonge les visiteurs dans le temps et les invite \u00e0 un grand voyage sur plus de 200 millions d\u2019ann\u00e9es recr\u00e9\u00e9 par une sc\u00e9nographie ludique et des sp\u00e9cimens plus vrais que nature. Les visiteurs\u2026","rel":"","context":"Dans &quot;Familles&quot;","block_context":{"text":"Familles","link":"http:\/\/www.letourismeaparis.fr\/index.php\/category\/familles\/"},"img":{"alt_text":"","src":"https:\/\/i0.wp.com\/www.letourismeaparis.fr\/wp-content\/uploads\/2022\/06\/Capture-d%E2%80%99e%CC%81cran-2022-06-27-a%CC%80-16.45.44.png?resize=350%2C200","width":350,"height":200},"classes":[]},{"id":24268,"url":"http:\/\/www.letourismeaparis.fr\/index.php\/2020\/12\/17\/visite-guidee-de-lexposition-pierres-precieuses-chez-vous\/","url_meta":{"origin":17226,"position":5},"title":"VISITE GUID\u00c9E DE L&rsquo;EXPOSITION PIERRES PR\u00c9CIEUSES \u00ab\u00a0CHEZ VOUS\u00a0\u00bb!","author":"Fabienne TM","date":"17 d\u00e9cembre 2020","format":false,"excerpt":"https:\/\/www.youtube.com\/watch?v=nJjLTSfeMLQ&ab_channel=Mus%C3%A9umnationald%27Histoirenaturelle Pierres pr\u00e9cieuses embrasse l\u2019histoire plurimill\u00e9naire des min\u00e9raux tout en r\u00e9v\u00e9lant l\u2019adresse que l\u2019Homme d\u00e9ploie, depuis des si\u00e8cles, pour servir leur \u00e9clat. Cette approche \u2014 tant scientifique qu\u2019esth\u00e9tique \u2014 plonge aux origines de la Terre, s\u2019appuie sur les r\u00e9centes d\u00e9couvertes min\u00e9ralogiques et souligne l\u2019int\u00e9r\u00eat, la passion voire la fascination que\u2026","rel":"","context":"Dans &quot;Beaux arts&quot;","block_context":{"text":"Beaux arts","link":"http:\/\/www.letourismeaparis.fr\/index.php\/category\/culture\/musees-expositions\/beaux-arts\/"},"img":{"alt_text":"","src":"https:\/\/i0.wp.com\/www.letourismeaparis.fr\/wp-content\/uploads\/2020\/12\/Capture-d%E2%80%99e%CC%81cran-2020-12-17-a%CC%80-17.03.46.png?resize=350%2C200","width":350,"height":200,"srcset":"https:\/\/i0.wp.com\/www.letourismeaparis.fr\/wp-content\/uploads\/2020\/12\/Capture-d%E2%80%99e%CC%81cran-2020-12-17-a%CC%80-17.03.46.png?resize=350%2C200 1x, https:\/\/i0.wp.com\/www.letourismeaparis.fr\/wp-content\/uploads\/2020\/12\/Capture-d%E2%80%99e%CC%81cran-2020-12-17-a%CC%80-17.03.46.png?resize=525%2C300 1.5x"},"classes":[]}],"jetpack_sharing_enabled":true,"jetpack_likes_enabled":true,"_links":{"self":[{"href":"http:\/\/www.letourismeaparis.fr\/index.php\/wp-json\/wp\/v2\/posts\/17226","targetHints":{"allow":["GET"]}}],"collection":[{"href":"http:\/\/www.letourismeaparis.fr\/index.php\/wp-json\/wp\/v2\/posts"}],"about":[{"href":"http:\/\/www.letourismeaparis.fr\/index.php\/wp-json\/wp\/v2\/types\/post"}],"author":[{"embeddable":true,"href":"http:\/\/www.letourismeaparis.fr\/index.php\/wp-json\/wp\/v2\/users\/2"}],"replies":[{"embeddable":true,"href":"http:\/\/www.letourismeaparis.fr\/index.php\/wp-json\/wp\/v2\/comments?post=17226"}],"version-history":[{"count":0,"href":"http:\/\/www.letourismeaparis.fr\/index.php\/wp-json\/wp\/v2\/posts\/17226\/revisions"}],"wp:attachment":[{"href":"http:\/\/www.letourismeaparis.fr\/index.php\/wp-json\/wp\/v2\/media?parent=17226"}],"wp:term":[{"taxonomy":"category","embeddable":true,"href":"http:\/\/www.letourismeaparis.fr\/index.php\/wp-json\/wp\/v2\/categories?post=17226"},{"taxonomy":"post_tag","embeddable":true,"href":"http:\/\/www.letourismeaparis.fr\/index.php\/wp-json\/wp\/v2\/tags?post=17226"}],"curies":[{"name":"wp","href":"https:\/\/api.w.org\/{rel}","templated":true}]}}