{"id":17246,"date":"2015-10-17T17:22:34","date_gmt":"2015-10-17T17:22:34","guid":{"rendered":"http:\/\/www.letourismeaparis.fr\/?p=17246"},"modified":"2015-10-17T17:22:34","modified_gmt":"2015-10-17T17:22:34","slug":"kidexpo-porte-de-versailles-a-paris","status":"publish","type":"post","link":"http:\/\/www.letourismeaparis.fr\/index.php\/2015\/10\/17\/kidexpo-porte-de-versailles-a-paris\/","title":{"rendered":"&quot;Kidexpo&quot;  porte de Versailles  \u00e0 Paris"},"content":{"rendered":"<p>jusqu&rsquo;au 21 octobre 2015,<br \/>\nle rendez-vous incontournable pour les familles, o\u00f9 les parents font le plein<br \/>\nd\u2019id\u00e9es et de solutions dans tous les domaines : \u00e9ducation, vie pratique, sports, vacances\u2026 Les familles peuvent participer \u00e0 une centaine d\u2019ateliers ludiques et p\u00e9dagogiques. Kidexpo est \u00e9galement l\u2019occasion de d\u00e9couvrir et tester en avant-premi\u00e8re tous les jeux et jouets de No\u00ebl !<a href=\"http:\/\/www.letourismeaparis.fr\/wp-content\/uploads\/2015\/10\/F_c15dc0c4ce17f248d7919a299576ef4f55dee908d0098.jpg\"><img loading=\"lazy\" decoding=\"async\" class=\"aligncenter size-medium wp-image-17247\" src=\"http:\/\/www.letourismeaparis.fr\/wp-content\/uploads\/2015\/10\/F_c15dc0c4ce17f248d7919a299576ef4f55dee908d0098-300x225.jpg\" alt=\"Mise en page 1\" width=\"300\" height=\"225\" \/><\/a><br \/>\n<strong>Culture &amp; Education<\/strong><br \/>\nKidexpo propose toutes sortes d\u2019activit\u00e9s pour apprendre en<br \/>\ns\u2019amusant ! Les enfants s\u2019initient au journalisme avec des ateliers<br \/>\nradio, de cr\u00e9ations de Une, ou d\u2019investigations dans tout le salon.<br \/>\nPour les passionn\u00e9s de sciences, des exp\u00e9riences impressionnantes<br \/>\npermettent de revenir sur les traces des dinosaures ou de comprendre<br \/>\nles ph\u00e9nom\u00e8nes scientifiques.<br \/>\nKidexpo re\u00e7oit les jeunes cr\u00e9ateurs fran\u00e7ais\u2026<br \/>\n<strong>Les H\u00e9ros des enfants !<\/strong><br \/>\n<strong>No\u00ebl en avant- Premi\u00e8re<\/strong><br \/>\n&nbsp;<br \/>\nDimanche 18 octobre : finale de la comp\u00e9tition internationale de Rubik\u2019s Cube<br \/>\nKidexpo accueille l\u2019Open de Rubik\u2019s Cube, une comp\u00e9tition internationale o\u00f9 30 comp\u00e9titeurs venus<br \/>\nLancement du service Click&amp;Collect de Jou\u00e9Club<br \/>\n<a href=\"http:\/\/www.kidexpo.com\">www.kidexpo.com<\/a><br \/>\n&nbsp;<br \/>\nDimanche 18 octobre : finale de la comp\u00e9tition internationale de Rubik\u2019s Cube<br \/>\nKidexpo accueille l\u2019Open de Rubik\u2019s Cube, une comp\u00e9tition internationale o\u00f9 30 comp\u00e9titeurs venus<br \/>\nLancement du service Click&amp;Collect de Jou\u00e9Club<br \/>\n&nbsp;<br \/>\n&nbsp;<\/p>\n","protected":false},"excerpt":{"rendered":"<p>jusqu&rsquo;au 21 octobre 2015, le rendez-vous incontournable pour les familles, o\u00f9 les parents font le plein d\u2019id\u00e9es et de solutions dans tous les domaines : \u00e9ducation, vie pratique, sports, vacances\u2026 Les familles peuvent participer \u00e0 une centaine d\u2019ateliers ludiques et&#8230;<\/p>\n","protected":false},"author":2,"featured_media":0,"comment_status":"open","ping_status":"open","sticky":false,"template":"","format":"standard","meta":{"ngg_post_thumbnail":0,"jetpack_post_was_ever_published":false,"_jetpack_newsletter_access":"","footnotes":""},"categories":[28],"tags":[],"class_list":["post-17246","post","type-post","status-publish","format-standard","hentry","category-familles"],"jetpack_featured_media_url":"","jetpack-related-posts":[{"id":7098,"url":"http:\/\/www.letourismeaparis.fr\/index.php\/2010\/04\/10\/en-familledimanche-11-avril-a-longchamp\/","url_meta":{"origin":17246,"position":0},"title":"En Famille,dimanche 11 avril \u00e0 Longchamp &#8230;.","author":"Fabienne TM","date":"10 avril 2010","format":false,"excerpt":"Chaque dimanche jusqu' au 23 mai 2010, \u00e0 partir de 12H00, toute la famille peut profiter gratuitement de ces journ\u00e9es \u00ab portes ouvertes \u00bb pour vivre la passion du cheval en plein air. De nombreuses surprises et animations pour tous sont programm\u00e9es sur le th\u00e8me de la d\u00e9couverte de l\u2019extraordinaire\u2026","rel":"","context":"Dans &quot;Non class\u00e9&quot;","block_context":{"text":"Non class\u00e9","link":"http:\/\/www.letourismeaparis.fr\/index.php\/category\/non-classe\/"},"img":{"alt_text":"","src":"","width":0,"height":0},"classes":[]},{"id":23673,"url":"http:\/\/www.letourismeaparis.fr\/index.php\/2019\/09\/21\/les-ateliers-du-jardin-dacclimatation-sont-de-retour-pour-une-nouvelle-edition\/","url_meta":{"origin":17246,"position":1},"title":"Les Ateliers du Jardin d\u2019Acclimatation sont de retour pour une nouvelle \u00e9dition !","author":"Fabienne TM","date":"21 septembre 2019","format":false,"excerpt":"Les Ateliers du Jardin d\u2019Acclimatation sont de retour pour une nouvelle \u00e9dition ! Aux c\u00f4t\u00e9s de professionnels, nos partenaires d\u2019exception, vivez des exp\u00e9riences in\u00e9dites autour de quatre th\u00e9matiques essentielles : technologie, nature, bien-\u00eatre, cr\u00e9ativit\u00e9 et culture. \u00c0 partir de 4 ans, que vous soyez seul ou bien que vous souhaitiez\u2026","rel":"","context":"Dans &quot;Non class\u00e9&quot;","block_context":{"text":"Non class\u00e9","link":"http:\/\/www.letourismeaparis.fr\/index.php\/category\/non-classe\/"},"img":{"alt_text":"","src":"https:\/\/i0.wp.com\/www.letourismeaparis.fr\/wp-content\/uploads\/2019\/09\/Capture-d%E2%80%99e%CC%81cran-2019-09-21-a%CC%80-17.09.57.png?resize=350%2C200","width":350,"height":200,"srcset":"https:\/\/i0.wp.com\/www.letourismeaparis.fr\/wp-content\/uploads\/2019\/09\/Capture-d%E2%80%99e%CC%81cran-2019-09-21-a%CC%80-17.09.57.png?resize=350%2C200 1x, https:\/\/i0.wp.com\/www.letourismeaparis.fr\/wp-content\/uploads\/2019\/09\/Capture-d%E2%80%99e%CC%81cran-2019-09-21-a%CC%80-17.09.57.png?resize=525%2C300 1.5x"},"classes":[]},{"id":20935,"url":"http:\/\/www.letourismeaparis.fr\/index.php\/2018\/04\/27\/vertigo-revient-la-tour-first-de-la-defense-le-24-mai\/","url_meta":{"origin":17246,"position":2},"title":"Vertigo revient \u00e0 la Tour First de la D\u00e9fense le 24 mai","author":"Fabienne TM","date":"27 avril 2018","format":false,"excerpt":"AFFRONTEZ LES 48 \u00c9TAGES DU PLUS HAUT BUILDING FRAN\u00c7AIS !\u00a0 Tour First La d\u00e9fense 6\u00e8me \u00e9dition de l\u2019aventure Vertigo. L\u2019\u00e9v\u00e9nement renverse les sens et d\u00e9place l\u2019attraction en proposant des courses\u2026 verticales ! Le principe de cette course ? Monter les 48 \u00e9tages et les 954 marches de la plus haute\u2026","rel":"","context":"Dans &quot;Oeuvres-Caritatives&quot;","block_context":{"text":"Oeuvres-Caritatives","link":"http:\/\/www.letourismeaparis.fr\/index.php\/category\/bonnes-oeuvres\/"},"img":{"alt_text":"","src":"","width":0,"height":0},"classes":[]},{"id":18300,"url":"http:\/\/www.letourismeaparis.fr\/index.php\/2016\/08\/08\/bibliotheques-hors-les-murs-dans-plus-de-40-parcs-et-jardins-parisiens-cet-ete\/","url_meta":{"origin":17246,"position":3},"title":"Biblioth\u00e8ques Hors les Murs  dans plus de 40 parcs et jardins parisiens cet \u00e9t\u00e9.","author":"Fabienne TM","date":"8 ao\u00fbt 2016","format":false,"excerpt":"\u00a0 Juillet\/ao\u00fbt 2016 lParticipation libre et gratuite, sans inscription ;Comme chaque \u00e9t\u00e9 les biblioth\u00e8ques municipales de Paris s\u2019invitent\u00a0dans les parcs, squares et jardins pour des moments de d\u00e9tente, de lectures et\u00a0d\u2019\u00e9changes autour des livres. Chaque semaine, des biblioth\u00e9caires s\u2019installent pour quelques heures avec de grands tapis et\u00a0des chariots remplis de\u2026","rel":"","context":"Dans &quot;Familles&quot;","block_context":{"text":"Familles","link":"http:\/\/www.letourismeaparis.fr\/index.php\/category\/familles\/"},"img":{"alt_text":"","src":"https:\/\/i0.wp.com\/www.letourismeaparis.fr\/wp-content\/uploads\/2016\/06\/bh-204x300.png?resize=350%2C200","width":350,"height":200},"classes":[]},{"id":10552,"url":"http:\/\/www.letourismeaparis.fr\/index.php\/2011\/06\/17\/promenez-vous-aux-tuileries-les-18-et-19-juin-en-famille-et-decouvrez-des-sculptures\/","url_meta":{"origin":17246,"position":4},"title":"Promenez-vous aux Tuileries les 18 et 19 juin, en famille ,et d\u00e9couvrez des sculptures.","author":"Fabienne TM","date":"17 juin 2011","format":false,"excerpt":"18 et 19 juin 2011 - Ateliers en famille au jardin des Tuileries De 14h30 \u00e0 18h30, explorez la sculpture classique et contemporaine du jardin des Tuileries. C\u2019est gratuit ! De 14h30 \u00e0 18h30 : Dessiner les sculptures du jardin \u00a9 Mus\u00e9e du Louvre Toute la journ\u00e9e, d\u00e9part sous le\u2026","rel":"","context":"Dans &quot;Non class\u00e9&quot;","block_context":{"text":"Non class\u00e9","link":"http:\/\/www.letourismeaparis.fr\/index.php\/category\/non-classe\/"},"img":{"alt_text":"","src":"","width":0,"height":0},"classes":[]},{"id":26096,"url":"http:\/\/www.letourismeaparis.fr\/index.php\/2025\/03\/25\/ennichi-un-nouveau-festival-japonais\/","url_meta":{"origin":17246,"position":5},"title":"ENNICHI , un nouveau festival japonais","author":"Fabienne TM","date":"25 mars 2025","format":false,"excerpt":"samedi 29 et dimanche 30 mars 2025, au c\u0153ur du 10e arrondissement de Paris.Un week-end japonais festif avec un march\u00e9 de cr\u00e9ations, des d\u00e9gustations, des ateliers, des spectacles, des jeux\u2026 March\u00e9 de cr\u00e9ations japonaises \ud83c\udf59 Food & D\u00e9gustations Le restaurant Espace Gohan (12 rue de Nancy) sera \u00e9galement ouvert durant\u2026","rel":"","context":"Dans &quot;Artisanat&quot;","block_context":{"text":"Artisanat","link":"http:\/\/www.letourismeaparis.fr\/index.php\/category\/culture\/musees-expositions\/artisanat\/"},"img":{"alt_text":"","src":"https:\/\/i0.wp.com\/www.letourismeaparis.fr\/wp-content\/uploads\/2025\/03\/Capture-decran-2025-03-25-a-18.18.16.png?resize=350%2C200","width":350,"height":200},"classes":[]}],"jetpack_sharing_enabled":true,"jetpack_likes_enabled":true,"_links":{"self":[{"href":"http:\/\/www.letourismeaparis.fr\/index.php\/wp-json\/wp\/v2\/posts\/17246","targetHints":{"allow":["GET"]}}],"collection":[{"href":"http:\/\/www.letourismeaparis.fr\/index.php\/wp-json\/wp\/v2\/posts"}],"about":[{"href":"http:\/\/www.letourismeaparis.fr\/index.php\/wp-json\/wp\/v2\/types\/post"}],"author":[{"embeddable":true,"href":"http:\/\/www.letourismeaparis.fr\/index.php\/wp-json\/wp\/v2\/users\/2"}],"replies":[{"embeddable":true,"href":"http:\/\/www.letourismeaparis.fr\/index.php\/wp-json\/wp\/v2\/comments?post=17246"}],"version-history":[{"count":0,"href":"http:\/\/www.letourismeaparis.fr\/index.php\/wp-json\/wp\/v2\/posts\/17246\/revisions"}],"wp:attachment":[{"href":"http:\/\/www.letourismeaparis.fr\/index.php\/wp-json\/wp\/v2\/media?parent=17246"}],"wp:term":[{"taxonomy":"category","embeddable":true,"href":"http:\/\/www.letourismeaparis.fr\/index.php\/wp-json\/wp\/v2\/categories?post=17246"},{"taxonomy":"post_tag","embeddable":true,"href":"http:\/\/www.letourismeaparis.fr\/index.php\/wp-json\/wp\/v2\/tags?post=17246"}],"curies":[{"name":"wp","href":"https:\/\/api.w.org\/{rel}","templated":true}]}}