{"id":17259,"date":"2015-10-22T11:00:38","date_gmt":"2015-10-22T11:00:38","guid":{"rendered":"http:\/\/www.letourismeaparis.fr\/?p=17259"},"modified":"2015-10-22T11:00:38","modified_gmt":"2015-10-22T11:00:38","slug":"vacances-de-la-toussaint-au-palais-de-la-decouverte-et-a-la-cite-des-sciences-et-de-lindustrie","status":"publish","type":"post","link":"http:\/\/www.letourismeaparis.fr\/index.php\/2015\/10\/22\/vacances-de-la-toussaint-au-palais-de-la-decouverte-et-a-la-cite-des-sciences-et-de-lindustrie\/","title":{"rendered":"Vacances de la Toussaint  au Palais de la d\u00e9couverte et \u00e0 la Cit\u00e9 des sciences et de l\u2019industrie"},"content":{"rendered":"<p>Ouverts exceptionnellement les lundis, les deux mus\u00e9es proposent 14 jours non-stop d\u2018activit\u00e9s. Les ateliers et expos\u00e9s qui accompagnent les expositions temporaires aux th\u00e9matiques fortes et dans l\u2019air du temps, permettent \u00e0 chacun de trouver son bonheur. Ouvertures exceptionnelles les lundis 19 et 26 octobre. Ouverts tous les jours jusqu\u2019\u00e0 19h. Au Palais de la d\u00e9couverte :\u00a0Autour des Dinosaures, un voyage du Jurassique au Cr\u00e9tac\u00e9\u00a0<!--more--><br \/>\nLa Cit\u00e9 des sciences et de l\u2019industrie propose Climat, l\u2019expo \u00e0 360\u00b0.<br \/>\nCette exposition-parcours, qui m\u00eale approche scientifique et cr\u00e9ation artistique, aborde le d\u00e9r\u00e8glement climatique notamment \u00e0 travers les \u0153uvres du photographe Kadir van Lohuizen.<br \/>\nL\u2019occasion pour les visiteurs d\u2019analyser les ph\u00e9nom\u00e8nes r\u00e9cents qui se produisent sur notre plan\u00e8te, de la fonte des glaces \u00e0 l\u2019augmentation du niveau des mers&#8230;<br \/>\nChiens &amp; chats<br \/>\npremi\u00e8re exposition d\u2019envergure d\u00e9di\u00e9e \u00e0 ces animaux, fait le point sur les connaissances scientifiques, sociologiques et culturelles, canines et f\u00e9lines.<br \/>\n&nbsp;<br \/>\nM\u00e9diation Cit\u00e9 des enfants Si la Cit\u00e9 des enfants est ferm\u00e9e pour le moment, les ateliers consacr\u00e9 aux enfants ont toute leur place dans le grand hall de la Cit\u00e9. Tornades et tourbillons Qu\u2019est-ce qu\u2019un vortex ? Mise \u00e0 feu d\u2019un canon \u00e0 air ! Pour r\u00e9aliser que les anneaux de fum\u00e9e sont aussi des vortex.<br \/>\nDu mardi 20 octobre au dimanche 1er novembre 2015 inclus \/ dur\u00e9e : 20 min \/ \u00e0 10h30, 11h30, 13h30, 15h30 et 16h30 \/ de 5 \u00e0 12 ans<!--more--><br \/>\n&nbsp;<br \/>\nL\u2019improbable m\u00e9tamorphose L\u2019incroyable transformation d\u2019un insecte en arachnide. Du mardi 20 octobre au dimanche 1er novembre 2015 inclus \/ dur\u00e9e : 15 min \/ \u00e0 10h30, 11h30, 12h30, 15h30 et 16h30 \/ de 3 \u00e0 7 ans<br \/>\n&nbsp;<br \/>\nLes stages de vacances 5 jours de mission, dans l\u2019espace ou dans les \u00e9toiles pour tous les petits passionn\u00e9s de science.<br \/>\n30, avenue Corentin-Cariou &#8211; 75019 Paris Porte de la Villette<br \/>\nInformation du public 01 40 05 80 00 <a href=\"http:\/\/cite-sciences.fr\">cite-sciences.fr\u00a0<\/a><br \/>\nOuvert tous les jours, sauf le lundi, de 10h \u00e0 18h, et jusqu\u2019\u00e0 19h le dimanche.<br \/>\nPalais de la d\u00e9couverte avenue Franklin-Roosevelt &#8211; 75008 Paris Franklin D. Roosevelt ou Champs-\u00c9lys\u00e9es Clemenceau Information du public 01 56 43 20 20<br \/>\n<a href=\"http:\/\/www.palais-decouverte.fr\">www.palais-decouverte.fr <\/a>Horaires Ouvert tous les jours, sauf le lundi, de 9h30h \u00e0 18h, et le dimanche de 10h \u00e0 19h .<\/p>\n","protected":false},"excerpt":{"rendered":"<p>Ouverts exceptionnellement les lundis, les deux mus\u00e9es proposent 14 jours non-stop d\u2018activit\u00e9s. Les ateliers et expos\u00e9s qui accompagnent les expositions temporaires aux th\u00e9matiques fortes et dans l\u2019air du temps, permettent \u00e0 chacun de trouver son bonheur. Ouvertures exceptionnelles les lundis&#8230;<\/p>\n","protected":false},"author":2,"featured_media":0,"comment_status":"open","ping_status":"open","sticky":false,"template":"","format":"standard","meta":{"ngg_post_thumbnail":0,"jetpack_post_was_ever_published":false,"_jetpack_newsletter_access":"","footnotes":""},"categories":[28],"tags":[],"class_list":["post-17259","post","type-post","status-publish","format-standard","hentry","category-familles"],"jetpack_featured_media_url":"","jetpack-related-posts":[{"id":19254,"url":"http:\/\/www.letourismeaparis.fr\/index.php\/2016\/12\/15\/vacances-de-noel-du-17-decembre-2016-au-2-janvier-2017-cite-des-sciences-et-de-lindustrie-palais-de-la-decouverte\/","url_meta":{"origin":17259,"position":0},"title":"VACANCES DE NO\u00cbL Du 17 d\u00e9cembre 2016 au 2 janvier 2017 Cit\u00e9 des sciences et de l\u2019industrie &#8211; Palais de la d\u00e9couverte","author":"Fabienne TM","date":"15 d\u00e9cembre 2016","format":false,"excerpt":"Ouverts sept jours sur sept durant ces vacances Des \u00a0expositions temporaires et activit\u00e9s nouvelles sont propos\u00e9es aux publics, d\u00e8s l\u2019\u00e2ge de 2 ans. A la Cit\u00e9 des sciences et de l\u2019industrie, place aux b\u00e9b\u00e9s animaux, aux nouvelles manips de la Cit\u00e9 des enfants et aux ateliers grafs autour de l\u2019exposition\u2026","rel":"","context":"Dans &quot;Familles&quot;","block_context":{"text":"Familles","link":"http:\/\/www.letourismeaparis.fr\/index.php\/category\/familles\/"},"img":{"alt_text":"","src":"","width":0,"height":0},"classes":[]},{"id":23686,"url":"http:\/\/www.letourismeaparis.fr\/index.php\/2019\/09\/29\/la-cite-des-sciences-et-de-lindustrie-et-le-palais-de-la-decouverte-participent-a-la-fete-de-la-science-les-5-et-6-octobre-2019-et-a-lanuit-blanche-le-5-octobre-2019\/","url_meta":{"origin":17259,"position":1},"title":"La Cit\u00e9 des sciences et de l&rsquo;industrie et le Palais de la d\u00e9couverte participent \u00e0 la F\u00eate de la science les 5 et 6 octobre 2019\/et  \u00e0 la\u00a0\u00bbNuit Blanche\u00a0\u00bb le 5 octobre 2019","author":"Fabienne TM","date":"29 septembre 2019","format":false,"excerpt":"F\u00eate de la science - Les 5 et 6 octobre - Entr\u00e9e libre et gratuite Ce week-end gratuit met \u00e0 l\u2019honneur les disciplines les plus diverses de la recherche o\u00f9 tous les domaines scientifiques sont abord\u00e9s : de la biodiversit\u00e9 aux sciences de l\u2019univers, en passant par les math\u00e9matiques, l\u2019environnement,\u2026","rel":"","context":"Dans &quot;Non class\u00e9&quot;","block_context":{"text":"Non class\u00e9","link":"http:\/\/www.letourismeaparis.fr\/index.php\/category\/non-classe\/"},"img":{"alt_text":"","src":"","width":0,"height":0},"classes":[]},{"id":9926,"url":"http:\/\/www.letourismeaparis.fr\/index.php\/2011\/03\/30\/conferences-duniverscience-a-la-cite-des-sciences-et-au-palais-de-la-decouverte-en-avril\/","url_meta":{"origin":17259,"position":2},"title":"Conf\u00e9rences d&#039;universcience \u00e0 la Cit\u00e9 des sciences et au Palais de la d\u00e9couverte en avril","author":"Fabienne TM","date":"30 mars 2011","format":false,"excerpt":"A la Cit\u00e9 des sciences et de l'industrie : La science-fiction \u00e0 l'assaut du manga\u00a0\u00a0 samedi 2 avril, de 10 h \u00e0 18 h Au Palais de la d\u00e9couverte\u00a0\u00a0 Les femmes et la science\u00a0\u00a0 vendredi 1er avril \u00e0 14 h Au Palais de la d\u00e9couverte\u00a0\u00a0 Livre \u00e0 la Une\u00a0\u00a0\u00a0 Conf\u00e9rence\u2026","rel":"","context":"Dans &quot;Non class\u00e9&quot;","block_context":{"text":"Non class\u00e9","link":"http:\/\/www.letourismeaparis.fr\/index.php\/category\/non-classe\/"},"img":{"alt_text":"","src":"","width":0,"height":0},"classes":[]},{"id":18252,"url":"http:\/\/www.letourismeaparis.fr\/index.php\/2016\/05\/20\/la-nuit-des-musees-a-paris-samedi-21-mai\/","url_meta":{"origin":17259,"position":3},"title":"La nuit des mus\u00e9es \u00e0 Paris  samedi 21 mai, quelques id\u00e9es dont la cit\u00e9 des sciences et le Palais de la d\u00e9couverte","author":"Fabienne TM","date":"20 mai 2016","format":false,"excerpt":"La Cit\u00e9 des sciences et de l\u2019industrie, la G\u00e9ode et le Palais de la d\u00e9couverte en acc\u00e8s libre et gratuit jusqu\u2019\u00e0 minuit samedi 21 mai 2016, \u00e0 l\u2019occasion de la 12e Nuit europ\u00e9enne des mus\u00e9es \u00c0 l\u2019occasion de la Nuit europ\u00e9enne des Mus\u00e9es, grand rendez-vous du printemps qui c\u00e9l\u00e8bre l\u2019art\u2026","rel":"","context":"Dans &quot;Non class\u00e9&quot;","block_context":{"text":"Non class\u00e9","link":"http:\/\/www.letourismeaparis.fr\/index.php\/category\/non-classe\/"},"img":{"alt_text":"","src":"","width":0,"height":0},"classes":[]},{"id":23962,"url":"http:\/\/www.letourismeaparis.fr\/index.php\/2020\/02\/08\/double-jeu-a-la-cite-des-sciences-et-de-lindustrie-et-au-palais-de-la-decouverte\/","url_meta":{"origin":17259,"position":4},"title":"Double jeu \u00e0 la Cit\u00e9 des sciences et de l&rsquo;industrie et au Palais de la d\u00e9couverte","author":"Fabienne TM","date":"8 f\u00e9vrier 2020","format":false,"excerpt":"Pour les vacances d\u2019hiver, on joue double jeu \u00e0 la Cit\u00e9 des sciences et de l\u2019industrie et au Palais de la d\u00e9couverte : d\u00e9couvrir tout et son contraire, les secrets les mieux gard\u00e9s des espions, les myst\u00e8res de l\u2019amour et les faces cach\u00e9es de l\u2019attraction\u2026 Tout un programme vers l\u2019inconnu...Contraires\u2026","rel":"","context":"Dans &quot;Familles&quot;","block_context":{"text":"Familles","link":"http:\/\/www.letourismeaparis.fr\/index.php\/category\/familles\/"},"img":{"alt_text":"","src":"https:\/\/i0.wp.com\/www.letourismeaparis.fr\/wp-content\/uploads\/2020\/02\/Capture-d%E2%80%99e%CC%81cran-2020-02-08-a%CC%80-12.45.26.png?resize=350%2C200","width":350,"height":200},"classes":[]},{"id":17912,"url":"http:\/\/www.letourismeaparis.fr\/index.php\/2016\/02\/09\/explorez-mars-du-9-fevrier-au-28-aout-2016-au-palais-de-la-decouverte\/","url_meta":{"origin":17259,"position":5},"title":"EXPLOREZ MARS  du 9 f\u00e9vrier au 28 ao\u00fbt 2016  au Palais de la d\u00e9couverte","author":"Fabienne TM","date":"9 f\u00e9vrier 2016","format":false,"excerpt":"\u00a0 \" Explorez Mars\" transporte le visiteur \u00e0 des milliers de kilom\u00e8tres de la Terre gr\u00e2ce \u00e0 une aventure spatiale originale et sensorielle.\u00a0Elle permet \u00e9galement de d\u00e9couvrir les rovers et les sondes qui ont\u00a0foul\u00e9 ou approch\u00e9 une plan\u00e8te aussi myst\u00e9rieuse qu\u2019intrigante.\u00a0Observable \u00e0 l\u2019\u0153il nu, la plan\u00e8te Mars attire toutes les\u2026","rel":"","context":"Dans &quot;Non class\u00e9&quot;","block_context":{"text":"Non class\u00e9","link":"http:\/\/www.letourismeaparis.fr\/index.php\/category\/non-classe\/"},"img":{"alt_text":"","src":"https:\/\/i0.wp.com\/www.letourismeaparis.fr\/wp-content\/uploads\/2016\/02\/Mars-216x300.jpg?resize=350%2C200","width":350,"height":200},"classes":[]}],"jetpack_sharing_enabled":true,"jetpack_likes_enabled":true,"_links":{"self":[{"href":"http:\/\/www.letourismeaparis.fr\/index.php\/wp-json\/wp\/v2\/posts\/17259","targetHints":{"allow":["GET"]}}],"collection":[{"href":"http:\/\/www.letourismeaparis.fr\/index.php\/wp-json\/wp\/v2\/posts"}],"about":[{"href":"http:\/\/www.letourismeaparis.fr\/index.php\/wp-json\/wp\/v2\/types\/post"}],"author":[{"embeddable":true,"href":"http:\/\/www.letourismeaparis.fr\/index.php\/wp-json\/wp\/v2\/users\/2"}],"replies":[{"embeddable":true,"href":"http:\/\/www.letourismeaparis.fr\/index.php\/wp-json\/wp\/v2\/comments?post=17259"}],"version-history":[{"count":0,"href":"http:\/\/www.letourismeaparis.fr\/index.php\/wp-json\/wp\/v2\/posts\/17259\/revisions"}],"wp:attachment":[{"href":"http:\/\/www.letourismeaparis.fr\/index.php\/wp-json\/wp\/v2\/media?parent=17259"}],"wp:term":[{"taxonomy":"category","embeddable":true,"href":"http:\/\/www.letourismeaparis.fr\/index.php\/wp-json\/wp\/v2\/categories?post=17259"},{"taxonomy":"post_tag","embeddable":true,"href":"http:\/\/www.letourismeaparis.fr\/index.php\/wp-json\/wp\/v2\/tags?post=17259"}],"curies":[{"name":"wp","href":"https:\/\/api.w.org\/{rel}","templated":true}]}}