{"id":17266,"date":"2015-10-25T11:14:31","date_gmt":"2015-10-25T11:14:31","guid":{"rendered":"http:\/\/www.letourismeaparis.fr\/?p=17266"},"modified":"2015-10-25T11:14:31","modified_gmt":"2015-10-25T11:14:31","slug":"reouverture-du-musee-de-lhomme","status":"publish","type":"post","link":"http:\/\/www.letourismeaparis.fr\/index.php\/2015\/10\/25\/reouverture-du-musee-de-lhomme\/","title":{"rendered":"R\u00e9ouverture du mus\u00e9e de l&#039;Homme"},"content":{"rendered":"<p><strong>COMMENT RACONTER L\u2019AVENTURE HUMAINE ET LA RENDRE ACCESSIBLE \u00c0 TOUS ?<\/strong><br \/>\nL\u2019infinie richesse du sujet a conduit \u00e0 l\u2019\u00e9laboration d\u2019un parcours en trois temps\u00a0: Qui sommes-nous\u00a0? D\u2019o\u00f9 venons-nous\u00a0? O\u00f9 allons-nous\u00a0?\u00a0Si, \u00e0 premi\u00e8re vue, tout le monde sait ce que c\u2019est qu\u2019\u00eatre humain, qui saurait d\u00e9finir pr\u00e9cis\u00e9ment qui nous sommes\u00a0?<!--more--><br \/>\nLa deuxi\u00e8me partie du parcours abordera le temps tr\u00e8s long de notre histoire \u00e9volutive.<br \/>\nLa derni\u00e8re partie du parcours sera ancr\u00e9e dans le contemporain. Elle fait le constat des impacts \u00e9cologiques des activit\u00e9s humaines, des effets socio-culturels de la mondialisation, des marges d\u2019adaptation de l\u2019esp\u00e8ce humaine aux environnements qu\u2019elle a elle-m\u00eame contribu\u00e9 \u00e0 cr\u00e9er<!--more--><br \/>\nContempler, toucher, \u00e9couter, lire, sentir, jouer, participer\u2026 tous les sens sont mobilis\u00e9s par la diversit\u00e9 des modes de pr\u00e9sentation et des supports de m\u00e9diation. Les espaces et les contenus de la Galerie de l\u2019Homme sont con\u00e7us pour \u00eatre accessibles \u00e0 tous, ensemble, et r\u00e9pondre \u00e0 la diversit\u00e9 des attentes et des modes d\u2019appropriation de chacun\u00a0: publics n\u00e9ophytes, familles, scolaires, curieux et amateurs \u00e9clair\u00e9s et personnes en situation de handicap.<!--more--><br \/>\nLe Mus\u00e9e de l\u2019Homme est ouvert tous les jours, sauf le mardi, de 10\u00a0h \u00e0 18\u00a0h, le mercredi jusqu\u2019\u00e0 21\u00a0h.<br \/>\nFerm\u00e9 le mardi, 1<sup>er<\/sup>\u00a0janvier et le 25 d\u00e9cembre.<br \/>\nL\u2019\u00e9vacuation des salles d\u00e9bute 30 minutes avant l\u2019heure de fermeture.<\/p>\n","protected":false},"excerpt":{"rendered":"<p>COMMENT RACONTER L\u2019AVENTURE HUMAINE ET LA RENDRE ACCESSIBLE \u00c0 TOUS ? L\u2019infinie richesse du sujet a conduit \u00e0 l\u2019\u00e9laboration d\u2019un parcours en trois temps\u00a0: Qui sommes-nous\u00a0? D\u2019o\u00f9 venons-nous\u00a0? O\u00f9 allons-nous\u00a0?\u00a0Si, \u00e0 premi\u00e8re vue, tout le monde sait ce que c\u2019est&#8230;<\/p>\n","protected":false},"author":2,"featured_media":0,"comment_status":"open","ping_status":"open","sticky":false,"template":"","format":"standard","meta":{"ngg_post_thumbnail":0,"jetpack_post_was_ever_published":false,"_jetpack_newsletter_access":"","footnotes":""},"categories":[1],"tags":[],"class_list":["post-17266","post","type-post","status-publish","format-standard","hentry","category-non-classe"],"jetpack_featured_media_url":"","jetpack-related-posts":[{"id":19838,"url":"http:\/\/www.letourismeaparis.fr\/index.php\/2017\/05\/11\/une-exposition-sur-les-beatles-a-la-maison-de-la-radio\/","url_meta":{"origin":17266,"position":0},"title":"Une exposition sur les Beatles \u00e0 la maison de la Radio","author":"Fabienne TM","date":"11 mai 2017","format":false,"excerpt":"SGT PEPPER\u2019S EXPERIENCE Une exposition interactive pour c\u00e9l\u00e9brer les 50 ans de l\u2019album des Beatles, du 1er juin au 29 juillet 2017 A l\u2019occasion des 50 ans de la sortie de l\u2019album mythique des Beatles \u00ab Sgt Peppers & the lonely hearts \u00bb, Radio France pr\u00e9sente du 1er Juin au\u2026","rel":"","context":"Dans &quot;Musique&quot;","block_context":{"text":"Musique","link":"http:\/\/www.letourismeaparis.fr\/index.php\/category\/culture\/concerts-musique\/musique\/"},"img":{"alt_text":"","src":"","width":0,"height":0},"classes":[]},{"id":6718,"url":"http:\/\/www.letourismeaparis.fr\/index.php\/2010\/04\/15\/la-fabrique-des-images-quai-branly\/","url_meta":{"origin":17266,"position":1},"title":"&quot; La Fabrique des images &quot; au mus\u00e9e du Quai Branly","author":"Fabienne TM","date":"15 avril 2010","format":false,"excerpt":"La \u00ab fabrique des images \u00bb\u00a0 touche les 5 continents. Avec 160 oeuvres et objets, elle invite \u00e0 un d\u00e9cryptage des grandes productions artistiques et mat\u00e9rielles de l\u2019Humanit\u00e9 pour r\u00e9v\u00e9ler ce qui ne se voit pas d\u2019embl\u00e9e dans une image. Le parcours invite le visiteur \u00e0 passer par 4 sections\u2026","rel":"","context":"Dans &quot;Non class\u00e9&quot;","block_context":{"text":"Non class\u00e9","link":"http:\/\/www.letourismeaparis.fr\/index.php\/category\/non-classe\/"},"img":{"alt_text":"","src":"","width":0,"height":0},"classes":[]},{"id":376,"url":"http:\/\/www.letourismeaparis.fr\/index.php\/2008\/10\/06\/jacques-villegle-au-centre-pompidou\/","url_meta":{"origin":17266,"position":2},"title":"Jacques Villegl\u00e9 au Centre Pompidou","author":"Fabienne TM","date":"6 octobre 2008","format":false,"excerpt":"jusqu'au 5 janvier 2009 \" La com\u00e9die humaine, titre de l'exposition, rassemble plus d'une centaine d'oeuvres des ann\u00e9es 1940 \u00e0 nos jours, aborde de mani\u00e8re th\u00e9matique le parcours de l'artiste depuis l'\u00e9clatement typographique et les grandes compositions abstraites color\u00e9es des d\u00e9buts, jusqu'aux r\u00e9centes juxtapositions rythmiques issues d'affiches de concerts.\" Place\u2026","rel":"","context":"Dans &quot;Non class\u00e9&quot;","block_context":{"text":"Non class\u00e9","link":"http:\/\/www.letourismeaparis.fr\/index.php\/category\/non-classe\/"},"img":{"alt_text":"","src":"","width":0,"height":0},"classes":[]},{"id":17226,"url":"http:\/\/www.letourismeaparis.fr\/index.php\/2015\/10\/16\/climat-lexpo-a-360-a-la-cite-des-sciences\/","url_meta":{"origin":17266,"position":3},"title":"Climat, l&#039;expo \u00e0 360\u00b0 \u00e0 la cit\u00e9 des sciences","author":"Fabienne TM","date":"16 octobre 2015","format":false,"excerpt":"\u00a0 \u00c0 l\u2019occasion de la Conf\u00e9rence mondiale sur le climat COP21 qui se tiendra \u00e0 Paris du 30 novembre au 11 d\u00e9cembre 2015,\u00a0Climat, l'expo \u00e0 360\u00b0\u00a0fait le point sur les questions soulev\u00e9es par l\u2019augmentation des gaz \u00e0 effet de serre li\u00e9e aux activit\u00e9s humaines. \u00a9 Kadir van Lohuizen\/NOOR M\u00ealant\u00a0enqu\u00eate scientifique\u00a0et\u2026","rel":"","context":"Dans &quot;Mus\u00e9es \/ Expositions&quot;","block_context":{"text":"Mus\u00e9es \/ Expositions","link":"http:\/\/www.letourismeaparis.fr\/index.php\/category\/culture\/musees-expositions\/"},"img":{"alt_text":"","src":"https:\/\/i0.wp.com\/www.letourismeaparis.fr\/wp-content\/uploads\/2015\/10\/climat-203x300.jpg?resize=350%2C200","width":350,"height":200},"classes":[]},{"id":212,"url":"http:\/\/www.letourismeaparis.fr\/index.php\/2008\/07\/01\/peter-doig-au-musee-dart-moderne-jusquau-0709\/","url_meta":{"origin":17266,"position":4},"title":"Peter Doig au Mus\u00e9e d&#039;art moderne jusqu&#039;au 07\/09","author":"Fabienne TM","date":"1 juillet 2008","format":false,"excerpt":"Le Tourisme \u00e0 Paris Paris Advisor Compos\u00e9e d\u2019une centaine de peintures et dessins regroup\u00e9es par th\u00e8mes, l\u2019exposition retrace le parcours de l\u2019artiste britannique depuis le d\u00e9but des ann\u00e9es 1990 jusqu'\u00e0 nos jours. D\u00e8s le d\u00e9but des ann\u00e9es 1990, son travail est reconnu .Son approche tr\u00e8s personnelle de l\u2019image peinte lui\u2026","rel":"","context":"Dans &quot;Non class\u00e9&quot;","block_context":{"text":"Non class\u00e9","link":"http:\/\/www.letourismeaparis.fr\/index.php\/category\/non-classe\/"},"img":{"alt_text":"","src":"","width":0,"height":0},"classes":[]},{"id":286,"url":"http:\/\/www.letourismeaparis.fr\/index.php\/2008\/08\/08\/le-mam-expose-peter-doig\/","url_meta":{"origin":17266,"position":5},"title":"Le MAM expose Peter Doig","author":"Fabienne TM","date":"8 ao\u00fbt 2008","format":false,"excerpt":"Le Tourisme \u00e0 Paris Paris Advisor Compos\u00e9e d\u2019une centaine de peintures et dessins regroup\u00e9es par th\u00e8mes, l\u2019exposition retrace le parcours de l\u2019artiste britannique depuis le d\u00e9but des ann\u00e9es 1990 jusqu'\u00e0 nos jours. D\u00e8s le d\u00e9but des ann\u00e9es 1990, son travail est reconnu .Son approche tr\u00e8s personnelle de l\u2019image peinte lui\u2026","rel":"","context":"Dans &quot;Non class\u00e9&quot;","block_context":{"text":"Non class\u00e9","link":"http:\/\/www.letourismeaparis.fr\/index.php\/category\/non-classe\/"},"img":{"alt_text":"","src":"","width":0,"height":0},"classes":[]}],"jetpack_sharing_enabled":true,"jetpack_likes_enabled":true,"_links":{"self":[{"href":"http:\/\/www.letourismeaparis.fr\/index.php\/wp-json\/wp\/v2\/posts\/17266","targetHints":{"allow":["GET"]}}],"collection":[{"href":"http:\/\/www.letourismeaparis.fr\/index.php\/wp-json\/wp\/v2\/posts"}],"about":[{"href":"http:\/\/www.letourismeaparis.fr\/index.php\/wp-json\/wp\/v2\/types\/post"}],"author":[{"embeddable":true,"href":"http:\/\/www.letourismeaparis.fr\/index.php\/wp-json\/wp\/v2\/users\/2"}],"replies":[{"embeddable":true,"href":"http:\/\/www.letourismeaparis.fr\/index.php\/wp-json\/wp\/v2\/comments?post=17266"}],"version-history":[{"count":0,"href":"http:\/\/www.letourismeaparis.fr\/index.php\/wp-json\/wp\/v2\/posts\/17266\/revisions"}],"wp:attachment":[{"href":"http:\/\/www.letourismeaparis.fr\/index.php\/wp-json\/wp\/v2\/media?parent=17266"}],"wp:term":[{"taxonomy":"category","embeddable":true,"href":"http:\/\/www.letourismeaparis.fr\/index.php\/wp-json\/wp\/v2\/categories?post=17266"},{"taxonomy":"post_tag","embeddable":true,"href":"http:\/\/www.letourismeaparis.fr\/index.php\/wp-json\/wp\/v2\/tags?post=17266"}],"curies":[{"name":"wp","href":"https:\/\/api.w.org\/{rel}","templated":true}]}}