{"id":17270,"date":"2015-10-25T11:36:24","date_gmt":"2015-10-25T11:36:24","guid":{"rendered":"http:\/\/www.letourismeaparis.fr\/?p=17270"},"modified":"2015-10-25T11:36:24","modified_gmt":"2015-10-25T11:36:24","slug":"des-idees-de-sortie-pour-les-enfants-et-leurs-parents","status":"publish","type":"post","link":"http:\/\/www.letourismeaparis.fr\/index.php\/2015\/10\/25\/des-idees-de-sortie-pour-les-enfants-et-leurs-parents\/","title":{"rendered":"Des id\u00e9es de sortie pour les enfants et leurs parents &#8230;&#8230;&#8230; !"},"content":{"rendered":"<p><em>Mon premier festival de cin\u00e9ma<\/em><br \/>\n<em>Porte Sainte Eustache Forum des halles<\/em><br \/>\n\u2019 aquarium de Paris, rue Albert de Mun\u00a0Paris 75016<br \/>\nLes ateliers Tintin au mus\u00e9e en herbe, 21, rue H\u00e9rold paris 75001<br \/>\nLe mus\u00e9e des arts forains , 53 av des terroirs de France paris 75012 (Pavillons de bercy)<!--more--><br \/>\nLes cours de cuisine \u00e0 l\u2019atelier des sens<br \/>\n<em>L&rsquo;Atelier Paris Bastille \u2013 40 Rue Sedaine \/ 75011 Paris<\/em><br \/>\n<em>L&rsquo;Atelier Paris Beaubourg \u2013 10 Rue du Bourg l&rsquo;abb\u00e9 \/ 75003 Paris<\/em><br \/>\n<em>L&rsquo;Atelier Paris Haussmann \u2013 32 Rue Vignon \/ 75009 Paris\u00a0<\/em><!--more--><br \/>\n&nbsp;<\/p>\n","protected":false},"excerpt":{"rendered":"<p>Mon premier festival de cin\u00e9ma Porte Sainte Eustache Forum des halles \u2019 aquarium de Paris, rue Albert de Mun\u00a0Paris 75016 Les ateliers Tintin au mus\u00e9e en herbe, 21, rue H\u00e9rold paris 75001 Le mus\u00e9e des arts forains , 53 av&#8230;<\/p>\n","protected":false},"author":2,"featured_media":0,"comment_status":"open","ping_status":"open","sticky":false,"template":"","format":"standard","meta":{"ngg_post_thumbnail":0,"jetpack_post_was_ever_published":false,"_jetpack_newsletter_access":"","footnotes":""},"categories":[1],"tags":[],"class_list":["post-17270","post","type-post","status-publish","format-standard","hentry","category-non-classe"],"jetpack_featured_media_url":"","jetpack-related-posts":[{"id":2867,"url":"http:\/\/www.letourismeaparis.fr\/index.php\/2009\/05\/13\/la-nuit-des-musees-samedi-16-mai-entree-libre\/","url_meta":{"origin":17270,"position":0},"title":"La  &quot;nuit des mus\u00e9es &quot;samedi 16 mai (entr\u00e9e libre)","author":"Fabienne TM","date":"13 mai 2009","format":false,"excerpt":"Concerts, explications diverses,danse,animations historiques,ateliers pour enfants, projections de films... Mus\u00e9e Carnavalet, 23 rue de S\u00e9vign\u00e9 Paris 75004 Piano & cordes de 20h30 \u00e0 22h.Cr\u00e9ation chor\u00e9graphique \"Ce que j\u2019ai \u00e0 vous dire ne se voit pas, ne s\u2019entend pas\" de 20h \u00e0 20h30.Messe \u00e0 trois voix de 19h30 \u00e0 20h... Exposition\u2026","rel":"","context":"Dans &quot;Non class\u00e9&quot;","block_context":{"text":"Non class\u00e9","link":"http:\/\/www.letourismeaparis.fr\/index.php\/category\/non-classe\/"},"img":{"alt_text":"","src":"","width":0,"height":0},"classes":[]},{"id":18725,"url":"http:\/\/www.letourismeaparis.fr\/index.php\/2016\/10\/29\/le-musee-de-montmartre-la-maison-du-bel-air-a-voir-absolument\/","url_meta":{"origin":17270,"position":1},"title":"Le Mus\u00e9e de Montmartre , La Maison du Bel Air : A voir absolument !","author":"Fabienne TM","date":"29 octobre 2016","format":false,"excerpt":"\u00a0 Certainement le mus\u00e9e le plus charmant de Paris ! Il a \u00e9t\u00e9 cr\u00e9\u00e9 en 1960 dans la b\u00e2tisse la plus ancienne de la Butte, construite du XVIIe si\u00e8cle : la Maison du Bel Air. Lieu de rencontres et de r\u00e9sidence, le 12 rue Cortot attira de nombreux artistes. Auguste\u2026","rel":"","context":"Dans &quot;Non class\u00e9&quot;","block_context":{"text":"Non class\u00e9","link":"http:\/\/www.letourismeaparis.fr\/index.php\/category\/non-classe\/"},"img":{"alt_text":"","src":"","width":0,"height":0},"classes":[]},{"id":21827,"url":"http:\/\/www.letourismeaparis.fr\/index.php\/2019\/01\/05\/derniers-jours-pour-certaines-expositions\/","url_meta":{"origin":17270,"position":2},"title":"Derniers jours pour certaines expositions","author":"Fabienne TM","date":"5 janvier 2019","format":false,"excerpt":"Caravage \u00e0 Rome, amis & ennemis jusqu'au 28 janvier 2019 Mus\u00e9e Jacquemart-Andr\u00e9 - 158 boulevard Haussmann, Paris Com\u00e9dies Musicales. La joie de vivre du cin\u00e9ma Jusqu\u2019au 27 janvier 2019 Philharmonie de Paris - 221 avenue Jean Jaur\u00e8s, Paris Alberto Giacometti\u00a0 Jusqu\u2019au 03 f\u00e9vrier 2019 Mus\u00e9e Maillol - 61 rue de\u2026","rel":"","context":"Dans &quot;Non class\u00e9&quot;","block_context":{"text":"Non class\u00e9","link":"http:\/\/www.letourismeaparis.fr\/index.php\/category\/non-classe\/"},"img":{"alt_text":"","src":"","width":0,"height":0},"classes":[]},{"id":11723,"url":"http:\/\/www.letourismeaparis.fr\/index.php\/2012\/05\/31\/costumes-du-xxe-siecle-a-lopera-de-paris\/","url_meta":{"origin":17270,"position":3},"title":"Costumes du XXe si\u00e8cle \u00e0 l\u2019Op\u00e9ra de Paris","author":"Fabienne TM","date":"31 mai 2012","format":false,"excerpt":"La passion pour le costume de th\u00e9\u00e2tre elle est d\u00e9j\u00e0 une fureur pendant tout le XIXe si\u00e8cle.\u00a0 l\u2019Exposition universelle\u00a0 de 1878 consacre quelques-uns de ses espaces au costume\u00a0 . \u00c0 cette \u00e9poque encore, les ateliers (costumes et d\u00e9cors) de l\u2019Op\u00e9ra de Paris sont c\u00e9l\u00e8bres dans toute l\u2019Europe. Les grands ouvrages\u2026","rel":"","context":"Dans &quot;Non class\u00e9&quot;","block_context":{"text":"Non class\u00e9","link":"http:\/\/www.letourismeaparis.fr\/index.php\/category\/non-classe\/"},"img":{"alt_text":"","src":"","width":0,"height":0},"classes":[]},{"id":23307,"url":"http:\/\/www.letourismeaparis.fr\/index.php\/2019\/06\/09\/picasso-obstinement-mediterraneen\/","url_meta":{"origin":17270,"position":4},"title":"Picasso obstin\u00e9ment m\u00e9diterran\u00e9en &#8230;..","author":"Fabienne TM","date":"9 juin 2019","format":false,"excerpt":"Quels liens Pablo Picasso entretient-il avec l\u2019espace m\u00e9diterran\u00e9en ? L\u2019exposition met en perspective la vie et l\u2019oeuvre de Pablo Picasso en M\u00e9diterran\u00e9e en \u00e9tudiant la richesse des liens unissant l\u2019artiste \u00e0 cet espace g\u00e9ographique. Gr\u00e2ce \u00e0 un parcours po\u00e9tique et immersif, l\u2019exposition permet d\u2019aborder les M\u00e9diterran\u00e9es de Picasso, depuis le\u2026","rel":"","context":"Dans &quot;Non class\u00e9&quot;","block_context":{"text":"Non class\u00e9","link":"http:\/\/www.letourismeaparis.fr\/index.php\/category\/non-classe\/"},"img":{"alt_text":"","src":"","width":0,"height":0},"classes":[]},{"id":1362,"url":"http:\/\/www.letourismeaparis.fr\/index.php\/2009\/01\/08\/le-musee-de-montmartre-et-jean-marais\/","url_meta":{"origin":17270,"position":5},"title":"Jean Marais au mus\u00e9e de Montmartre","author":"Fabienne TM","date":"8 janvier 2009","format":false,"excerpt":"\"Jean Marais l'\u00e9ternel retour \" jusqu'au\u00a0 3 mai 2009 Jean Marais a touch\u00e9 \u00e0 tous les aspects de la vie artistique (com\u00e9die, peinture, mise en sc\u00e8ne,cr\u00e9ation de costumes, d\u00e9corateur, \u00e9crivain)sous l\u2019impulsion\u00a0 de Jean Cocteau... \"Il a interpr\u00e9t\u00e9 des r\u00f4les mettant \u00e0 l\u2019honneur Paris\u00a0\u00a0 \u00ab Si Paris m\u2019\u00e9tait cont\u00e9\u00a0 \u00bb\u00a0 \u00ab\u2026","rel":"","context":"Dans &quot;Non class\u00e9&quot;","block_context":{"text":"Non class\u00e9","link":"http:\/\/www.letourismeaparis.fr\/index.php\/category\/non-classe\/"},"img":{"alt_text":"","src":"","width":0,"height":0},"classes":[]}],"jetpack_sharing_enabled":true,"jetpack_likes_enabled":true,"_links":{"self":[{"href":"http:\/\/www.letourismeaparis.fr\/index.php\/wp-json\/wp\/v2\/posts\/17270","targetHints":{"allow":["GET"]}}],"collection":[{"href":"http:\/\/www.letourismeaparis.fr\/index.php\/wp-json\/wp\/v2\/posts"}],"about":[{"href":"http:\/\/www.letourismeaparis.fr\/index.php\/wp-json\/wp\/v2\/types\/post"}],"author":[{"embeddable":true,"href":"http:\/\/www.letourismeaparis.fr\/index.php\/wp-json\/wp\/v2\/users\/2"}],"replies":[{"embeddable":true,"href":"http:\/\/www.letourismeaparis.fr\/index.php\/wp-json\/wp\/v2\/comments?post=17270"}],"version-history":[{"count":0,"href":"http:\/\/www.letourismeaparis.fr\/index.php\/wp-json\/wp\/v2\/posts\/17270\/revisions"}],"wp:attachment":[{"href":"http:\/\/www.letourismeaparis.fr\/index.php\/wp-json\/wp\/v2\/media?parent=17270"}],"wp:term":[{"taxonomy":"category","embeddable":true,"href":"http:\/\/www.letourismeaparis.fr\/index.php\/wp-json\/wp\/v2\/categories?post=17270"},{"taxonomy":"post_tag","embeddable":true,"href":"http:\/\/www.letourismeaparis.fr\/index.php\/wp-json\/wp\/v2\/tags?post=17270"}],"curies":[{"name":"wp","href":"https:\/\/api.w.org\/{rel}","templated":true}]}}