{"id":17283,"date":"2015-10-28T15:07:14","date_gmt":"2015-10-28T15:07:14","guid":{"rendered":"http:\/\/www.letourismeaparis.fr\/?p=17283"},"modified":"2015-10-28T15:07:14","modified_gmt":"2015-10-28T15:07:14","slug":"des-animations-pour-les-enfants-pendant-les-vacances-au-jardin-des-plantes","status":"publish","type":"post","link":"http:\/\/www.letourismeaparis.fr\/index.php\/2015\/10\/28\/des-animations-pour-les-enfants-pendant-les-vacances-au-jardin-des-plantes\/","title":{"rendered":"Des animations pour les enfants pendant les vacances au Jardin des plantes"},"content":{"rendered":"<table width=\"588\">\n<tbody>\n<tr>\n<td width=\"448\"><strong>Des animations gratuites pour tous<\/strong><br \/>\n<strong>\u00ab\u00a0Cr\u00e9e ton animal\u00a0\u00bb<\/strong><br \/>\nL&rsquo;artiste-auteur Coline Oliviero propose aux enfants de 5 \u00e0 12 ans de modeler l\u2019animal qui les aura marqu\u00e9s au cours de leur visite. Ils repartiront avec leur cr\u00e9ation, une sculpture en argile.<br \/>\nsamedi 24\/10 \u00e0 10 h et 14 h<br \/>\nmercredi 28\/10 \u00e0 10 h et 14 h<br \/>\nsamedi 31\/10 \u00e0 10 h et 14 h<br \/>\n&nbsp;<br \/>\n<strong>Rencontres avec les soigneurs<\/strong><br \/>\nEn racontant leur travail avec les animaux, les soigneurs \u00e9voquent le comportement social, les diff\u00e9rences entre le milieu naturel et la \u201cvie en zoo\u201d, l\u2019alimentation ou encore les soins.<br \/>\n<strong>Tous les jours\u00a0<\/strong>du 17 octobre au 1<sup>er<\/sup>\u00a0novembre.<br \/>\n<strong>Orangs-outans &#8211; 14\u00a0h\u00a045<\/strong><br \/>\n<strong>Petits pandas &#8211; 16\u00a0h\u00a015<\/strong><br \/>\nRendez-vous aux \u00ab\u00a0points rencontres\u00a0\u00bb devant les enclos des animaux. Dur\u00e9e\u00a0: 15 \u00e0 20\u00a0min.<br \/>\n&nbsp;<\/td>\n<\/tr>\n<tr>\n<td width=\"448\"><strong>Informations pratiques\u00a0:<\/strong><br \/>\n<strong>\u00a0<\/strong><br \/>\nAcc\u00e8s par le Jardin des Plantes, 57 rue Cuvier.<br \/>\n<strong>Ouvert tous les jours de 9h \u00e0 17h<\/strong>\u00a0(Fermeture des caisses 30 mn avant la fermeture du site)<br \/>\n<a href=\"http:\/\/zoodujardindesplantes.fr\">\u00a0zoodujardindesplantes.fr<\/a><br \/>\n&nbsp;<\/td>\n<\/tr>\n<\/tbody>\n<\/table>\n<p><!--more--><\/p>\n","protected":false},"excerpt":{"rendered":"<p>Des animations gratuites pour tous \u00ab\u00a0Cr\u00e9e ton animal\u00a0\u00bb L&rsquo;artiste-auteur Coline Oliviero propose aux enfants de 5 \u00e0 12 ans de modeler l\u2019animal qui les aura marqu\u00e9s au cours de leur visite. Ils repartiront avec leur cr\u00e9ation, une sculpture en argile&#8230;.<\/p>\n","protected":false},"author":2,"featured_media":0,"comment_status":"open","ping_status":"open","sticky":false,"template":"","format":"standard","meta":{"ngg_post_thumbnail":0,"jetpack_post_was_ever_published":false,"_jetpack_newsletter_access":"","footnotes":""},"categories":[28],"tags":[],"class_list":["post-17283","post","type-post","status-publish","format-standard","hentry","category-familles"],"jetpack_featured_media_url":"","jetpack-related-posts":[{"id":24717,"url":"http:\/\/www.letourismeaparis.fr\/index.php\/2022\/05\/14\/la-fete-de-la-nature-au-jardin-des-plantes-21-et-22-05\/","url_meta":{"origin":17283,"position":0},"title":"La F\u00eate de la nature au Jardin des plantes 21 et 22\/05","author":"Fabienne TM","date":"14 mai 2022","format":false,"excerpt":"https:\/\/youtu.be\/d5YiKeTWjaQ VILLAGE DE LA NATURE > SAMEDI ET DIMANCHE : 10 H 30 \u00c0 19 H L\u2019ensemble du village de la nature est en acc\u00e8s libre. Attention certaines activit\u00e9s sont sur r\u00e9servation \u00e0 la tente Accueil, le jour m\u00eame \u00e0 partir de 10 h. Sous les tentes du Village de\u2026","rel":"","context":"Dans &quot;Familles&quot;","block_context":{"text":"Familles","link":"http:\/\/www.letourismeaparis.fr\/index.php\/category\/familles\/"},"img":{"alt_text":"","src":"https:\/\/i0.wp.com\/www.letourismeaparis.fr\/wp-content\/uploads\/2022\/05\/Capture-d%E2%80%99e%CC%81cran-2022-05-14-a%CC%80-20.09.19.png?resize=350%2C200","width":350,"height":200},"classes":[]},{"id":8692,"url":"http:\/\/www.letourismeaparis.fr\/index.php\/2010\/09\/25\/fete-des-jardins-les-25-et-26-septembre-2010-selection\/","url_meta":{"origin":17283,"position":1},"title":"F\u00eate des Jardins, les 25 et 26 septembre 2010 (s\u00e9lection)","author":"Fabienne TM","date":"25 septembre 2010","format":false,"excerpt":"Maris, Luxembourg, Champ de Mars, Serres d'auteuil, Bercy LES JARDINS DES H\u00d4TELS DU MARAIS ET JARDIN ST-GILLES-GRAND-VENEUR Accueil au m\u00e9tro \u00ab Saint Paul le Marais \u00bb. - Visites guid\u00e9es \u00e0 caract\u00e8re horticole et \/ ou historique des jardins de l\u2019H\u00f4tel Lamoignon, du mus\u00e9e Carnavalet, de l\u2019H\u00f4tel de Marle, du Square\u2026","rel":"","context":"Dans &quot;Non class\u00e9&quot;","block_context":{"text":"Non class\u00e9","link":"http:\/\/www.letourismeaparis.fr\/index.php\/category\/non-classe\/"},"img":{"alt_text":"","src":"","width":0,"height":0},"classes":[]},{"id":8689,"url":"http:\/\/www.letourismeaparis.fr\/index.php\/2010\/09\/27\/les-mercredis-des-curieux-au-jardin-des-plantes\/","url_meta":{"origin":17283,"position":2},"title":"Les mercredis des curieux au jardin des plantes","author":"Fabienne TM","date":"27 septembre 2010","format":false,"excerpt":"Ateliers de d\u00e9couverte pour enfants tous les mercredis d'octobre \u00e0 d\u00e9cembre. Eveil et art au jardin \/ Jardin \u00e9cologique + en salle Les enfants pr\u00e9l\u00e8vent dans le jardin des \u00e9l\u00e9ments naturels afin de r\u00e9aliser une activit\u00e9 cr\u00e9ative en salle. Une prise de conscience de la biodiversit\u00e9 dans ses formes et\u2026","rel":"","context":"Dans &quot;Non class\u00e9&quot;","block_context":{"text":"Non class\u00e9","link":"http:\/\/www.letourismeaparis.fr\/index.php\/category\/non-classe\/"},"img":{"alt_text":"","src":"","width":0,"height":0},"classes":[]},{"id":19980,"url":"http:\/\/www.letourismeaparis.fr\/index.php\/2017\/07\/28\/nocturnes-au-parc-zoologique-de-paris\/","url_meta":{"origin":17283,"position":3},"title":"NOCTURNES AU PARC ZOOLOGIQUE DE PARIS","author":"Fabienne TM","date":"28 juillet 2017","format":false,"excerpt":"Tous les jeudis de juin et de juillet, des soir\u00e9es in\u00e9dites au pied du grand rocher. \u00a0Le site restera ouvert tard dans la nuit afin de proposer aux visiteurs, en famille ou entre amis, une exp\u00e9rience unique : assister au coucher des animaux comment\u00e9 par les soigneurs, profiter du soleil\u2026","rel":"","context":"Dans &quot;Familles&quot;","block_context":{"text":"Familles","link":"http:\/\/www.letourismeaparis.fr\/index.php\/category\/familles\/"},"img":{"alt_text":"","src":"","width":0,"height":0},"classes":[]},{"id":8424,"url":"http:\/\/www.letourismeaparis.fr\/index.php\/2010\/09\/04\/arts-sans-frontieres-au-musee-dart-et-dhistoire-du-judaisme-dimanche-5-septembre-2010-de-10-h-a-18-h\/","url_meta":{"origin":17283,"position":4},"title":"\u00ab Arts sans fronti\u00e8res \u00bb. Au Mus\u00e9e d\u2019Art et d\u2019Histoire du juda\u00efsme,dimanche 5 septembre 2010 de 10 h \u00e0 18 h","author":"Fabienne TM","date":"4 septembre 2010","format":false,"excerpt":"L\u2019ensemble des activit\u00e9s du mus\u00e9e et la visite des collections seront gratuits. 11 h Rencontres \u00ab Les livres vivants \u00bb 12 h \u00e0 18 h Grande braderie de livres dans la cour du mus\u00e9e 14 h et 16 h Visite en famille F\u00eates et \u00e2ges de la vie \u00c9vocation du\u2026","rel":"","context":"Dans &quot;Non class\u00e9&quot;","block_context":{"text":"Non class\u00e9","link":"http:\/\/www.letourismeaparis.fr\/index.php\/category\/non-classe\/"},"img":{"alt_text":"","src":"","width":0,"height":0},"classes":[]},{"id":10356,"url":"http:\/\/www.letourismeaparis.fr\/index.php\/2011\/05\/19\/1er-salon-de-la-creation-et-des-metiers-dart-a-puteaux\/","url_meta":{"origin":17283,"position":5},"title":"1er salon de la cr\u00e9ation et des m\u00e9tiers d&#039;art \u00e0 Puteaux","author":"Fabienne TM","date":"19 mai 2011","format":false,"excerpt":"Les samedi 21 (10h-20h) et dimanche 22 mai (10-18h), venez d\u00e9couvrir le 1er salon de la cr\u00e9ation et des m\u00e9tiers d'art sur l'esplanade de l'h\u00f4tel de ville de Puteaux. Toute la journ\u00e9e, participez aux ateliers gratuits mis \u00e0 votre disposition et b\u00e9n\u00e9ficiez des nombreuses d\u00e9monstrations. Parmi les exposants, vous rencontrerez\u2026","rel":"","context":"Dans &quot;Non class\u00e9&quot;","block_context":{"text":"Non class\u00e9","link":"http:\/\/www.letourismeaparis.fr\/index.php\/category\/non-classe\/"},"img":{"alt_text":"","src":"https:\/\/i0.wp.com\/www.letourismeaparis.fr\/wp-content\/uploads\/2011\/05\/puteaux-200x300.jpg?resize=350%2C200","width":350,"height":200},"classes":[]}],"jetpack_sharing_enabled":true,"jetpack_likes_enabled":true,"_links":{"self":[{"href":"http:\/\/www.letourismeaparis.fr\/index.php\/wp-json\/wp\/v2\/posts\/17283","targetHints":{"allow":["GET"]}}],"collection":[{"href":"http:\/\/www.letourismeaparis.fr\/index.php\/wp-json\/wp\/v2\/posts"}],"about":[{"href":"http:\/\/www.letourismeaparis.fr\/index.php\/wp-json\/wp\/v2\/types\/post"}],"author":[{"embeddable":true,"href":"http:\/\/www.letourismeaparis.fr\/index.php\/wp-json\/wp\/v2\/users\/2"}],"replies":[{"embeddable":true,"href":"http:\/\/www.letourismeaparis.fr\/index.php\/wp-json\/wp\/v2\/comments?post=17283"}],"version-history":[{"count":0,"href":"http:\/\/www.letourismeaparis.fr\/index.php\/wp-json\/wp\/v2\/posts\/17283\/revisions"}],"wp:attachment":[{"href":"http:\/\/www.letourismeaparis.fr\/index.php\/wp-json\/wp\/v2\/media?parent=17283"}],"wp:term":[{"taxonomy":"category","embeddable":true,"href":"http:\/\/www.letourismeaparis.fr\/index.php\/wp-json\/wp\/v2\/categories?post=17283"},{"taxonomy":"post_tag","embeddable":true,"href":"http:\/\/www.letourismeaparis.fr\/index.php\/wp-json\/wp\/v2\/tags?post=17283"}],"curies":[{"name":"wp","href":"https:\/\/api.w.org\/{rel}","templated":true}]}}