{"id":17287,"date":"2015-10-28T16:08:06","date_gmt":"2015-10-28T16:08:06","guid":{"rendered":"http:\/\/www.letourismeaparis.fr\/?p=17287"},"modified":"2015-10-28T16:08:06","modified_gmt":"2015-10-28T16:08:06","slug":"la-legende-des-chevaliers-continue-a-la-toussaint-a-provins","status":"publish","type":"post","link":"http:\/\/www.letourismeaparis.fr\/index.php\/2015\/10\/28\/la-legende-des-chevaliers-continue-a-la-toussaint-a-provins\/","title":{"rendered":"La L\u00e9gende des Chevaliers continue \u00e0 la Toussaint  \u00e0 Provins !"},"content":{"rendered":"<p><strong><br \/>\nJusqu\u2019au 1<sup>er<\/sup> novembre, le spectacle La L\u00e9gende des Chevaliers ranime l\u2019esprit chevaleresque de la cit\u00e9 m\u00e9di\u00e9vale de Provins.<\/strong><br \/>\nRythm\u00e9 par le galop de magnifiques chevaux ib\u00e9riques, le spectacle <em>La L\u00e9gende des Chevaliers<\/em> accueille petits et grands pour un moment \u00e9pique et plein d\u2019humour. Ici, aux pieds des remparts historiques de la cit\u00e9<!--more-->, le Comte Thibaud IV de Champagne c\u00e9l\u00e8bre son retour des Croisades. Jongleries, prouesses \u00e9questres, dressage et cavalcades sont donn\u00e9s en son honneur quand, soudain\u2026. le terrible Torvark, accompagn\u00e9 de sa meute de loups, vient mettre fin aux r\u00e9jouissances ! Le d\u00e9but d\u2019une aventure chevaleresque o\u00f9 acrobaties, combats et joutes feront r\u00eaver, rire et frissonner toute la famille.<br \/>\njusqu&rsquo; au 1<sup>er<\/sup> novembre\u00a0: samedi, dimanche et jours f\u00e9ri\u00e9s\u00a0: 15h45<br \/>\n<strong>Lieu des repr\u00e9sentations<\/strong>\u00a0: Porte Saint-Jean 1 Vieux Chemin de Paris 77160 Provins<br \/>\n<strong>Plus d\u2019informations au <\/strong><strong>01 60 67 39 95 et sur <\/strong><a href=\"http:\/\/www.equestrio.fr.\"><strong>www.equestrio.fr<\/strong>.<\/a><br \/>\n&nbsp;<br \/>\n<strong>\u00a0<\/strong><br \/>\n&nbsp;<\/p>\n","protected":false},"excerpt":{"rendered":"<p>Jusqu\u2019au 1er novembre, le spectacle La L\u00e9gende des Chevaliers ranime l\u2019esprit chevaleresque de la cit\u00e9 m\u00e9di\u00e9vale de Provins. Rythm\u00e9 par le galop de magnifiques chevaux ib\u00e9riques, le spectacle La L\u00e9gende des Chevaliers accueille petits et grands pour un moment \u00e9pique&#8230;<\/p>\n","protected":false},"author":2,"featured_media":0,"comment_status":"open","ping_status":"open","sticky":false,"template":"","format":"standard","meta":{"ngg_post_thumbnail":0,"jetpack_post_was_ever_published":false,"_jetpack_newsletter_access":"","footnotes":""},"categories":[28],"tags":[],"class_list":["post-17287","post","type-post","status-publish","format-standard","hentry","category-familles"],"jetpack_featured_media_url":"","jetpack-related-posts":[{"id":15559,"url":"http:\/\/www.letourismeaparis.fr\/index.php\/2014\/09\/02\/une-escapade-provins-avec-ses-spectacles-medievaux-et-ses-visites\/","url_meta":{"origin":17287,"position":0},"title":"Une escapade \u00e0 Provins  avec ses spectacles m\u00e9di\u00e9vaux et ses visites","author":"Fabienne TM","date":"2 septembre 2014","format":false,"excerpt":"L\u2019\u00e9t\u00e9 continue \u00e0 Provins, cit\u00e9 m\u00e9di\u00e9vale pr\u00e9serv\u00e9e, \u00e0 1 heure de Paris ! Plongez en plein Moyen \u00c2ge \u00e0 travers nos spectacles historiques au c\u0153ur d\u2019un patrimoine authentique des XIIe et XIIIe si\u00e8cles ! Combats, chevaux, machines de guerre et rapaces vous entra\u00eeneront dans l\u2019univers de la f\u00e9odalit\u00e9\u2026 Provins poursuit\u2026","rel":"","context":"Dans &quot;Non class\u00e9&quot;","block_context":{"text":"Non class\u00e9","link":"http:\/\/www.letourismeaparis.fr\/index.php\/category\/non-classe\/"},"img":{"alt_text":"","src":"","width":0,"height":0},"classes":[]},{"id":17542,"url":"http:\/\/www.letourismeaparis.fr\/index.php\/2015\/12\/08\/marche-medieval-de-noel-a-provins-cite-classee-aupatrimoine-mondial-de-lunesco-une-idee-descapade\/","url_meta":{"origin":17287,"position":1},"title":"March\u00e9 M\u00e9di\u00e9val de No\u00ebl \u00e0 Provins (cit\u00e9 class\u00e9e aupatrimoine mondial de l&#039;unesco) une id\u00e9e d&#039;escapade","author":"Fabienne TM","date":"8 d\u00e9cembre 2015","format":false,"excerpt":"Les samedi 12 et dimanche 13 d\u00e9cembre 2015, venez \u00a0:d\u00e9couvrir des artisans d\u00e9monstrateurs qui feront revivre pour vous un savoir-faire presque oubli\u00e9. Ludique et authentique, le march\u00e9 m\u00e9di\u00e9val de No\u00ebl de Provins enchantera petits et grands. R\u00e9chauffez-vous en dansant sur des musiques m\u00e9di\u00e9vales, admirez les prouesses des jongleurs et d\u00e9couvrez\u2026","rel":"","context":"Dans &quot;Familles&quot;","block_context":{"text":"Familles","link":"http:\/\/www.letourismeaparis.fr\/index.php\/category\/familles\/"},"img":{"alt_text":"","src":"https:\/\/i0.wp.com\/www.letourismeaparis.fr\/wp-content\/uploads\/2015\/12\/provins-15-212x300.jpg?resize=350%2C200","width":350,"height":200},"classes":[]},{"id":24464,"url":"http:\/\/www.letourismeaparis.fr\/index.php\/2021\/11\/28\/merlin-la-legende-musicale\/","url_meta":{"origin":17287,"position":2},"title":"Merlin la l\u00e9gende musicale","author":"Fabienne TM","date":"28 novembre 2021","format":false,"excerpt":"Merlin, mage et guide spirituel qui vit en ermite au c\u0153ur d\u2019une for\u00eat myst\u00e9rieuse, est s\u00e9duit par une cr\u00e9ature qui surgit du fond d\u2019un lac. Son destin le conduit vers une qu\u00eate, celle du Graal dont lui seul conna\u00eet la puissance et les origines. Sa rencontre avec Arthur, un \u00eatre\u2026","rel":"","context":"Dans &quot;Com\u00e9die Musicale&quot;","block_context":{"text":"Com\u00e9die Musicale","link":"http:\/\/www.letourismeaparis.fr\/index.php\/category\/spectacle\/comedie-musicale\/"},"img":{"alt_text":"","src":"","width":0,"height":0},"classes":[]},{"id":17142,"url":"http:\/\/www.letourismeaparis.fr\/index.php\/2015\/12\/28\/chevaliers-et-bombardes-dazincourt-a-marignan-1415-1515-aux-invalides\/","url_meta":{"origin":17287,"position":3},"title":"CHEVALIERS ET BOMBARDES. D\u2019AZINCOURT \u00c0 MARIGNAN, 1415-1515 aux Invalides (ouvert le lundi)","author":"Fabienne TM","date":"28 d\u00e9cembre 2015","format":false,"excerpt":"\u00a0 jusqu' au dimanche 24 janvier 2016 Tous les jours de 10h \u00e0 17h \u00a0 En pleine guerre de Cent Ans, le 25 octobre 1415, la bataille d'Azincourt sonne le glas de l'arm\u00e9e f\u00e9odale. Un si\u00e8cle plus tard, l'artillerie de Fran\u00e7ois Ier joue un r\u00f4le d\u00e9cisif dans la victoire contre\u2026","rel":"","context":"Dans &quot;Familles&quot;","block_context":{"text":"Familles","link":"http:\/\/www.letourismeaparis.fr\/index.php\/category\/familles\/"},"img":{"alt_text":"","src":"","width":0,"height":0},"classes":[]},{"id":21471,"url":"http:\/\/www.letourismeaparis.fr\/index.php\/2018\/10\/29\/le-crac-des-chevaliers-chroniques-dun-reve-de-pierre-a-la-cite-de-larchitecture\/","url_meta":{"origin":17287,"position":4},"title":"Le Crac des chevaliers, chroniques d&#039;un r\u00eave de pierre \u00e0 la cit\u00e9 de l&#039;architecture","author":"Fabienne TM","date":"29 octobre 2018","format":false,"excerpt":"The West of the Syria, on quelques kilom\u00e8tres of the border libanaise, the Crac des Chevaliers from the just of the one of the one of the one of the one of the one of the year of the new year, sa silhouette guerri\u00e8re. Clef de la Terre Sainte \u00e0\u2026","rel":"","context":"Dans &quot;Non class\u00e9&quot;","block_context":{"text":"Non class\u00e9","link":"http:\/\/www.letourismeaparis.fr\/index.php\/category\/non-classe\/"},"img":{"alt_text":"","src":"","width":0,"height":0},"classes":[]},{"id":24783,"url":"http:\/\/www.letourismeaparis.fr\/index.php\/2022\/07\/16\/la-nuit-aux-invalides-a-ne-pas-manquer\/","url_meta":{"origin":17287,"position":5},"title":"La Nuit aux Invalides : \u00e0 ne pas manquer !","author":"Fabienne TM","date":"16 juillet 2022","format":false,"excerpt":"La Nuit aux Invalides DU 16 JUILLET AU 1ER SEPTEMBRE 2022 Le show monumental de l'\u00e9t\u00e9 \u00e0 Paris ! Cette ann\u00e9e, la 10e \u00e9dition de la Nuit aux Invalides c\u00e9l\u00e8bre les 200 ans de la mort de Napol\u00e9on avec son nouveau spectacle, \u00ab L\u2019envol de l\u2019Aigle \u00bb. Plongez au c\u0153ur\u2026","rel":"","context":"Dans &quot;Spectacle&quot;","block_context":{"text":"Spectacle","link":"http:\/\/www.letourismeaparis.fr\/index.php\/category\/spectacle\/"},"img":{"alt_text":"","src":"https:\/\/i0.wp.com\/www.letourismeaparis.fr\/wp-content\/uploads\/2022\/07\/Capture-d%E2%80%99e%CC%81cran-2022-07-16-a%CC%80-16.14.06.png?resize=350%2C200","width":350,"height":200,"srcset":"https:\/\/i0.wp.com\/www.letourismeaparis.fr\/wp-content\/uploads\/2022\/07\/Capture-d%E2%80%99e%CC%81cran-2022-07-16-a%CC%80-16.14.06.png?resize=350%2C200 1x, https:\/\/i0.wp.com\/www.letourismeaparis.fr\/wp-content\/uploads\/2022\/07\/Capture-d%E2%80%99e%CC%81cran-2022-07-16-a%CC%80-16.14.06.png?resize=525%2C300 1.5x"},"classes":[]}],"jetpack_sharing_enabled":true,"jetpack_likes_enabled":true,"_links":{"self":[{"href":"http:\/\/www.letourismeaparis.fr\/index.php\/wp-json\/wp\/v2\/posts\/17287","targetHints":{"allow":["GET"]}}],"collection":[{"href":"http:\/\/www.letourismeaparis.fr\/index.php\/wp-json\/wp\/v2\/posts"}],"about":[{"href":"http:\/\/www.letourismeaparis.fr\/index.php\/wp-json\/wp\/v2\/types\/post"}],"author":[{"embeddable":true,"href":"http:\/\/www.letourismeaparis.fr\/index.php\/wp-json\/wp\/v2\/users\/2"}],"replies":[{"embeddable":true,"href":"http:\/\/www.letourismeaparis.fr\/index.php\/wp-json\/wp\/v2\/comments?post=17287"}],"version-history":[{"count":0,"href":"http:\/\/www.letourismeaparis.fr\/index.php\/wp-json\/wp\/v2\/posts\/17287\/revisions"}],"wp:attachment":[{"href":"http:\/\/www.letourismeaparis.fr\/index.php\/wp-json\/wp\/v2\/media?parent=17287"}],"wp:term":[{"taxonomy":"category","embeddable":true,"href":"http:\/\/www.letourismeaparis.fr\/index.php\/wp-json\/wp\/v2\/categories?post=17287"},{"taxonomy":"post_tag","embeddable":true,"href":"http:\/\/www.letourismeaparis.fr\/index.php\/wp-json\/wp\/v2\/tags?post=17287"}],"curies":[{"name":"wp","href":"https:\/\/api.w.org\/{rel}","templated":true}]}}