{"id":17359,"date":"2016-02-06T19:33:45","date_gmt":"2016-02-06T18:33:45","guid":{"rendered":"http:\/\/www.letourismeaparis.fr\/?p=17359"},"modified":"2016-02-06T19:33:45","modified_gmt":"2016-02-06T18:33:45","slug":"la-odlo-crystal-run-le-10-km-au-coeur-de-paris-le-14-fevrier-2016","status":"publish","type":"post","link":"http:\/\/www.letourismeaparis.fr\/index.php\/2016\/02\/06\/la-odlo-crystal-run-le-10-km-au-coeur-de-paris-le-14-fevrier-2016\/","title":{"rendered":"La Odlo Crystal Run :  le &quot;10 KM&quot; au c\u0153ur de Paris le 14 f\u00e9vrier 2016,"},"content":{"rendered":"<table width=\"467\">\n<tbody>\n<tr>\n<td width=\"20\"><\/td>\n<td width=\"421\"><\/td>\n<td width=\"20\"><\/td>\n<td width=\"7\"><\/td>\n<\/tr>\n<tr>\n<td width=\"20\"><\/td>\n<td rowspan=\"8\" width=\"421\"><strong>\u00a0<\/strong><br \/>\n<strong>\u00a0<\/strong><br \/>\n<strong>Le 14 f\u00e9vrier 2016, Amaury Sport Organisation lance la\u00a0Odlo\u00a0Crystal\u00a0Run, le premier \u00e9v\u00e9nement running hivernal, articul\u00e9 autour d\u2019un parcours de 10 KM au c\u0153ur de Paris et d\u2019un Village sur le parvis de l\u2019H\u00f4tel de Ville.<\/strong><br \/>\n&nbsp;<br \/>\n<strong>A retenir :<\/strong><br \/>\n&#8211; Lancement des inscriptions pour la course la plus givr\u00e9e de l\u2019ann\u00e9e !<br \/>\n&#8211; Performance et partage, une course ouverte \u00e0 tous<br \/>\n&#8211; Un Crystal Village et des animations hivernales avec Deezer et La Folie Douce<br \/>\n&nbsp;<br \/>\n<strong>\u00a0<\/strong><br \/>\nv\u00a0\u00a0<strong>Lancement des inscriptions pour la course la plus givr\u00e9e de l\u2019ann\u00e9e !<\/strong><br \/>\n&nbsp;<br \/>\nLa\u00a0Odlo\u00a0Crystal\u00a0Run\u00a0est une course de 10 KM qui se d\u00e9roule au c\u0153ur de l\u2019hiver et de la capitale dans un cadre d\u2019exception. Avec un Village d\u00e9part\/arriv\u00e9e situ\u00e9 sur le parvis de l\u2019H\u00f4tel de Ville et un parcours sur les berges et quais de Seine jusqu\u2019\u00e0 la Tour Eiffel, impossible de rester de glace.<br \/>\n&nbsp;<br \/>\nForte de son exp\u00e9rience running illustr\u00e9e par le Schneider Electric Marathon de Paris, le Semi-marathon de Paris, le 10 Km l\u2019Equipe et\u00a0Run\u00a0at\u00a0Work, A.S.O. d\u00e9cide de porter la discipline au c\u0153ur m\u00eame de l\u2019hiver pour lancer un d\u00e9fi au froid et prouver que l\u2019enthousiasme d\u2019un sportif ne tient pas \u00e0 quelques degr\u00e9s de plus ou de moins.<br \/>\n&nbsp;<br \/>\nOuverture des inscriptions aujourd\u2019hui\u00a0: rendez-vous sur\u00a0<a href=\"http:\/\/web-aso.engage.augure.com\/www\/tracking\/9118\/02837322145321447171613092-aso.fr?id1=aHR0cCUzQSUyRiUyRnd3dy5hc29jaGFsbGVuZ2VzLmNvbQ%3D%3D\">www.asochallenges.com<\/a>.<br \/>\n&nbsp;<br \/>\n&nbsp;<br \/>\nv\u00a0\u00a0<strong>Performance et partage, une course ouverte \u00e0 tous<\/strong><br \/>\n&nbsp;<br \/>\nLe 10 KM est une distance de r\u00e9f\u00e9rence, \u00e0 la fois sportive, conviviale et accessible \u00e0 tous :<br \/>\n&nbsp;<br \/>\n\u00b7\u00a0\u00a0\u00a0\u00a0\u00a0\u00a0\u00a0\u00a0\u00a0Pour les coureurs aguerris, la\u00a0Odlo\u00a0Crystal\u00a0Run\u00a0est l\u2019occasion de lancer sa saison running en essayant de battre son record personnel. Rien de tel que de se tester sur un parcours roulant de 10 KM d\u00e8s le mois de f\u00e9vrier pour pr\u00e9parer les grandes \u00e9preuves du printemps comme le Semi-marathon de Paris et le Schneider Electric Marathon de Paris.<br \/>\n&nbsp;<br \/>\n\u00b7\u00a0\u00a0\u00a0\u00a0\u00a0\u00a0\u00a0\u00a0\u00a0Pour les coureurs n\u00e9ophytes qui cherchent moins une performance qu\u2019une exp\u00e9rience entre amis ou en famille, la\u00a0Odlo\u00a0Crystal\u00a0Run\u00a0propose des inscriptions seul ou par \u00e9quipe de 4 pour profiter des nombreuses animations qui jalonneront le trac\u00e9 de la course. Au programme : zones enneig\u00e9es, grottes glac\u00e9es, y\u00e9tis enrag\u00e9s et ours polaires \u00e0 c\u00e2liner (les coureurs en qu\u00eate d\u2019un chrono ne subiront aucune attaque de y\u00e9ti !). M\u00eame les ravitaillements prendront une tournure hivernale : outre les traditionnelles bouteilles d\u2019eau et morceaux de fruits, on y trouvera pain d\u2019\u00e9pices et chocolat chaud.<br \/>\n&nbsp;<br \/>\n&nbsp;<br \/>\nv\u00a0\u00a0<strong>Un Crystal Village et des animations hivernales avec Deezer et La Folie Douce<\/strong><br \/>\n&nbsp;<br \/>\nLe Crystal Village de la\u00a0Odlo\u00a0Crystal\u00a0Run\u00a0situ\u00e9 sur le parvis de l\u2019H\u00f4tel de Ville est ouvert \u00e0 tous gratuitement et offre la possibilit\u00e9 de profiter d\u2019une v\u00e9ritable ambiance hivernale avec tentes igloos, tartiflette et fondue g\u00e9ante. Deezer et La Folie Douce s\u2019associent \u00e9galement \u00e0 l\u2019\u00e9v\u00e8nement pour des animations hivernales en musique pendant et apr\u00e8s la course.<br \/>\n&nbsp;<br \/>\nChristophe\u00a0B\u00e9zu\u00a0\u2013 CEO\u00a0Odlo\u00a0: \u00ab\u00a0<em>Odlo\u00a0est heureux et fier de lancer en partenariat avec A.S.O. la premi\u00e8re course hivernale dans Paris en 2016, l\u2019ann\u00e9e de c\u00e9l\u00e9bration de 70 ans d\u2019innovation de la marque : c\u2019est une opportunit\u00e9 formidable de faire conna\u00eetre toute l&rsquo;expertise\u00a0Odlo\u00a0dans la conception de v\u00eatements parfaitement adapt\u00e9s \u00e0 la pratique sportive en hiver, m\u00eame par les conditions les plus froides. Avec un \u00e9quipement complet \u2013 base layer,\u00a0midlayer, veste, collant de running et accessoires &#8211; offrant isolation thermique,\u00a0respirabilit\u00e9, protection et confort absolus, la pratique du running ne s&rsquo;arr\u00eate jamais, et surtout pas en hiver !\u00a0<\/em>\u00bb.<br \/>\n&nbsp;<br \/>\n***<\/td>\n<td width=\"20\"><\/td>\n<td width=\"7\"><\/td>\n<\/tr>\n<tr>\n<td width=\"20\"><\/td>\n<td width=\"20\"><strong>\u00a0<\/strong><\/td>\n<td width=\"7\"><\/td>\n<\/tr>\n<tr>\n<td width=\"20\"><\/td>\n<td width=\"20\"><\/td>\n<td width=\"7\"><\/td>\n<\/tr>\n<tr>\n<td width=\"20\"><\/td>\n<td width=\"20\"><strong>\u00a0<\/strong><\/td>\n<td width=\"7\"><\/td>\n<\/tr>\n<tr>\n<td width=\"20\"><\/td>\n<td width=\"20\"><strong>\u00a0<\/strong><\/td>\n<td width=\"7\"><\/td>\n<\/tr>\n<tr>\n<td width=\"20\"><\/td>\n<td width=\"20\"><\/td>\n<td width=\"7\"><\/td>\n<\/tr>\n<tr>\n<td width=\"20\"><\/td>\n<td width=\"20\"><\/td>\n<td width=\"7\"><\/td>\n<\/tr>\n<tr>\n<td width=\"20\"><\/td>\n<td width=\"20\"><\/td>\n<td width=\"7\"><\/td>\n<\/tr>\n<tr>\n<td width=\"20\"><\/td>\n<td width=\"421\"><strong><em>Amaury Sport Organisation<\/em><\/strong><em>\u00a0est une entreprise cr\u00e9atrice et organisatrice d\u2019\u00e9v\u00e9nements sportifs internationaux de premier plan qu\u2019elle d\u00e9veloppe dans le respect des valeurs du sport. Elle poss\u00e8de en interne la ma\u00eetrise de l\u2019ensemble des m\u00e9tiers li\u00e9s \u00e0 l\u2019organisation, \u00e0 la m\u00e9diatisation et \u00e0 la commercialisation de comp\u00e9titions sportives. A.S.O. assure chaque ann\u00e9e l\u2019organisation de 70 \u00e9v\u00e9nements parmi lesquels le Tour de France, le Dakar, l\u2019Alstom Open de France de Golf, le Schneider Electric Marathon de Paris et le Tour de France \u00e0 la Voile, totalisant 270 jours de comp\u00e9tition dans 20 pays. A.S.O. est une filiale du Groupe Amaury, groupe de m\u00e9dias et de sport propri\u00e9taire de l\u2019Equipe.<\/em><br \/>\n<em>\u00a0<\/em><br \/>\n<em>\u00a0<\/em><br \/>\n<strong><em>Odlo<\/em><\/strong><em>\u00a0est l&rsquo;inventeur des sous-v\u00eatements de sport fonctionnels et du principe des trois \u00e9paisseurs. En Europe, Odlo est le leader incontest\u00e9 dans le domaine des base layers de sport et de la technologie innovatrice en v\u00eatements de sport fonctionnels. Odlo, dispose de ses propres filiales en Suisse, en Allemagne, en France, en Belgique, aux Pays Bas, en Autriche et en Chine. La marque est commercialis\u00e9e \u00e0 travers 25 pays dans le monde.\u00a0\u00a0\u00a0\u00a0\u00a0<\/em><br \/>\n<em>Pour de plus amples informations, consultez\u00a0<a href=\"http:\/\/www.odlo.com\/\">http:\/\/www.odlo.com<\/a>\u00a0\u00a0\u00a0\u00a0<\/em><br \/>\n<em>Pour toute demande de renseignements ou de visuels, veuillez contacter : NORTH COMMUNICATION<\/em><br \/>\n<em>E-mail :\u00a0<a href=\"mailto:helene@north.fr\">helene@north.fr<\/a>\u00a0ou\u00a0<a href=\"mailto:maelys@north.fr\">maelys@north.fr<\/a>\u00a0\/ Tel : 01 45 45 61 23<\/em><\/td>\n<td><\/td>\n<td><\/td>\n<\/tr>\n<\/tbody>\n<\/table>\n<p>&nbsp;<br \/>\n&nbsp;<br \/>\n&nbsp;<br \/>\n&nbsp;<\/p>\n","protected":false},"excerpt":{"rendered":"<p>\u00a0 \u00a0 Le 14 f\u00e9vrier 2016, Amaury Sport Organisation lance la\u00a0Odlo\u00a0Crystal\u00a0Run, le premier \u00e9v\u00e9nement running hivernal, articul\u00e9 autour d\u2019un parcours de 10 KM au c\u0153ur de Paris et d\u2019un Village sur le parvis de l\u2019H\u00f4tel de Ville. &nbsp; A retenir&#8230;<\/p>\n","protected":false},"author":2,"featured_media":0,"comment_status":"open","ping_status":"open","sticky":false,"template":"","format":"standard","meta":{"ngg_post_thumbnail":0,"jetpack_post_was_ever_published":false,"_jetpack_newsletter_access":"","footnotes":""},"categories":[1],"tags":[],"class_list":["post-17359","post","type-post","status-publish","format-standard","hentry","category-non-classe"],"jetpack_featured_media_url":"","jetpack-related-posts":[{"id":19666,"url":"http:\/\/www.letourismeaparis.fr\/index.php\/2017\/04\/07\/la-course-the-color-run-la-plus-fun-et-coloree-du-monde-revient-le-dimanche-16-avril-a-paris\/","url_meta":{"origin":17359,"position":0},"title":"La course The Color Run\u2122 la plus fun et color\u00e9e du monde revient le dimanche 16 avril \u00e0 Paris !","author":"Fabienne TM","date":"7 avril 2017","format":false,"excerpt":"THE COLOR RUN EST LA COURSE DE 5 KM LA PLUS COLOR\u00c9E DU MONDE Il ne s'agit pas d'\u00eatre le plus rapide ou de franchir la ligne d'arriv\u00e9e en premier.Les mots d'ordre sont couleurs, amusement et plaisir ! Entour\u00e9 de nombreux autres coureurs, tu vas vivre une journ\u00e9e exceptionnelle que\u2026","rel":"","context":"Dans &quot;Non class\u00e9&quot;","block_context":{"text":"Non class\u00e9","link":"http:\/\/www.letourismeaparis.fr\/index.php\/category\/non-classe\/"},"img":{"alt_text":"","src":"https:\/\/i0.wp.com\/www.letourismeaparis.fr\/wp-content\/uploads\/2017\/04\/Capture-d%C3%A2%C2%80%C2%99e%C3%8C%C2%81cran-2017-04-07-a%C3%8C%C2%80-19.24.22-300x208.png?resize=350%2C200","width":350,"height":200},"classes":[]},{"id":14654,"url":"http:\/\/www.letourismeaparis.fr\/index.php\/2014\/02\/19\/color-run-dimanche-13-avril-2014\/","url_meta":{"origin":17359,"position":1},"title":"THE COLOR RUN dimanche 13 avril 2014","author":"Fabienne TM","date":"19 f\u00e9vrier 2014","format":false,"excerpt":"THE COLOR RUN dimanche 13 avril 2014 The Color Run\u2122\u00a0est la course de 5 kilom\u00e8tres la plus color\u00e9e du monde. Les mots d'ordre sont\u00a0couleurs, amusement et plaisir !. Chaque kilom\u00e8tre du parcours correspond \u00e0 une\u00a0\u00ab zone de couleur \u00bb\u00a0o\u00f9 nos b\u00e9n\u00e9voles lanceront de la poudre color\u00e9e 100% naturelle \u00e0 base\u2026","rel":"","context":"Dans &quot;Non class\u00e9&quot;","block_context":{"text":"Non class\u00e9","link":"http:\/\/www.letourismeaparis.fr\/index.php\/category\/non-classe\/"},"img":{"alt_text":"","src":"","width":0,"height":0},"classes":[]},{"id":16520,"url":"http:\/\/www.letourismeaparis.fr\/index.php\/2015\/03\/28\/the-color-run-a-paris-le-19-avril\/","url_meta":{"origin":17359,"position":2},"title":"The Color Run \u00e0 Paris , le 19 avril","author":"Fabienne TM","date":"28 mars 2015","format":false,"excerpt":"The Color Run\u2122\u00a0est la course de 5 kilom\u00e8tres la plus color\u00e9e du monde. Il ne s'agit pas d'\u00eatre le plus rapide ou de franchir la ligne d'arriv\u00e9e en premier. Les mots d'ordre sont\u00a0couleurs, amusement et plaisir ! Paris 19 avril 2015 H\u00f4tel de Ville - De 9h \u00e0 12h30 Pont\u2026","rel":"","context":"Dans &quot;Sport&quot;","block_context":{"text":"Sport","link":"http:\/\/www.letourismeaparis.fr\/index.php\/category\/sport\/"},"img":{"alt_text":"","src":"","width":0,"height":0},"classes":[]},{"id":16463,"url":"http:\/\/www.letourismeaparis.fr\/index.php\/2015\/03\/20\/ecotrail-de-paris-le-22-mars-des-randonnees-variees-comme-la-rando-75-la-touristique\/","url_meta":{"origin":17359,"position":3},"title":"Ecotrail de Paris le 22 mars  : des randonn\u00e9es vari\u00e9es comme la rando 75, la touristique&#8230;","author":"Fabienne TM","date":"20 mars 2015","format":false,"excerpt":"La Randonn\u00e9e 75 (Paris) partira de la Place de l\u2019H\u00f4tel de Ville, \u00e0 l\u2019endroit m\u00eame o\u00f9 fut prise la l\u00e9gendaire photo sign\u00e9 Robert Doisneau, \u00ab le Baiser de l\u2019H\u00f4tel de Ville \u00bb. Vous passerez \u00e9galement par la Fontaine Stravinski et le square le plus vieux de Paris\u00a0: le \u00ab square\u2026","rel":"","context":"Dans &quot;Non class\u00e9&quot;","block_context":{"text":"Non class\u00e9","link":"http:\/\/www.letourismeaparis.fr\/index.php\/category\/non-classe\/"},"img":{"alt_text":"","src":"","width":0,"height":0},"classes":[]},{"id":18114,"url":"http:\/\/www.letourismeaparis.fr\/index.php\/2016\/04\/05\/the-color-run-le-17-avril-a-paris-pour-les-amateurs-de-course-a-pied\/","url_meta":{"origin":17359,"position":4},"title":"The &quot;color run &quot;le 17 avril \u00e0 Paris pour les amateurs de course \u00e0 pied !","author":"Fabienne TM","date":"5 avril 2016","format":false,"excerpt":"BIENVENUE \u00c0 THE COLOR RUN\u2122 BY SEPHORA - PARIS ! Paris 17 avril 2016 D\u00c9PART \/ ARRIV\u00c9E \u00a0 H\u00f4tel de Ville - De 9h \u00e0 13h Pont I\u00e9na - Troca - \u00c0 partir de 10h Festival - De 10h \u00e0 15h \u00a0 Tu aimes toujours Paris et ses monuments ?\u00a0Tu\u2026","rel":"","context":"Dans &quot;Non class\u00e9&quot;","block_context":{"text":"Non class\u00e9","link":"http:\/\/www.letourismeaparis.fr\/index.php\/category\/non-classe\/"},"img":{"alt_text":"","src":"","width":0,"height":0},"classes":[]},{"id":18362,"url":"http:\/\/www.letourismeaparis.fr\/index.php\/2016\/06\/10\/run-my-city-dimanche-16-octobre-2016-les-inscriptions-sont-ouvertes\/","url_meta":{"origin":17359,"position":5},"title":"RUN MY CITY DIMANCHE 16 OCTOBRE 2016 : les inscriptions sont ouvertes !","author":"Fabienne TM","date":"10 juin 2016","format":false,"excerpt":"\u00a0 Dimanche 16 octobre 2016, \u00a0vous \u00eates invit\u00e9s \u00e0 sortir des sentiers-battus et \u00e0 d\u00e9couvrir Paris sous un nouveau jour\u2026une exp\u00e9rience urbaine insolite, qui am\u00e8nera les participants \u00e0 emprunter des passages in\u00e9dits, \u00e0 traverser des lieux inhabituels et, pour certains, mythiques\u2026 Une aventure running originale et conviviale qui fera ressortir\u2026","rel":"","context":"Dans &quot;Sport&quot;","block_context":{"text":"Sport","link":"http:\/\/www.letourismeaparis.fr\/index.php\/category\/sport\/"},"img":{"alt_text":"","src":"https:\/\/i0.wp.com\/img.youtube.com\/vi\/dyY0IIZvCPc\/0.jpg?resize=350%2C200","width":350,"height":200},"classes":[]}],"jetpack_sharing_enabled":true,"jetpack_likes_enabled":true,"_links":{"self":[{"href":"http:\/\/www.letourismeaparis.fr\/index.php\/wp-json\/wp\/v2\/posts\/17359","targetHints":{"allow":["GET"]}}],"collection":[{"href":"http:\/\/www.letourismeaparis.fr\/index.php\/wp-json\/wp\/v2\/posts"}],"about":[{"href":"http:\/\/www.letourismeaparis.fr\/index.php\/wp-json\/wp\/v2\/types\/post"}],"author":[{"embeddable":true,"href":"http:\/\/www.letourismeaparis.fr\/index.php\/wp-json\/wp\/v2\/users\/2"}],"replies":[{"embeddable":true,"href":"http:\/\/www.letourismeaparis.fr\/index.php\/wp-json\/wp\/v2\/comments?post=17359"}],"version-history":[{"count":0,"href":"http:\/\/www.letourismeaparis.fr\/index.php\/wp-json\/wp\/v2\/posts\/17359\/revisions"}],"wp:attachment":[{"href":"http:\/\/www.letourismeaparis.fr\/index.php\/wp-json\/wp\/v2\/media?parent=17359"}],"wp:term":[{"taxonomy":"category","embeddable":true,"href":"http:\/\/www.letourismeaparis.fr\/index.php\/wp-json\/wp\/v2\/categories?post=17359"},{"taxonomy":"post_tag","embeddable":true,"href":"http:\/\/www.letourismeaparis.fr\/index.php\/wp-json\/wp\/v2\/tags?post=17359"}],"curies":[{"name":"wp","href":"https:\/\/api.w.org\/{rel}","templated":true}]}}