{"id":17550,"date":"2015-12-09T13:42:26","date_gmt":"2015-12-09T12:42:26","guid":{"rendered":"http:\/\/www.letourismeaparis.fr\/?p=17550"},"modified":"2015-12-09T13:42:26","modified_gmt":"2015-12-09T12:42:26","slug":"grande-braderie-et-aides-de-la-mode-de-retour-les-11-et-12-decembre","status":"publish","type":"post","link":"http:\/\/www.letourismeaparis.fr\/index.php\/2015\/12\/09\/grande-braderie-et-aides-de-la-mode-de-retour-les-11-et-12-decembre\/","title":{"rendered":"Grande Braderie  et aides de la Mode  de retour les 11 et 12 d\u00e9cembre"},"content":{"rendered":"<h2>La mode sauve les vies \u00a0: \u00e0<strong style=\"font-style: inherit;\">\u00a0Paris<\/strong><\/h2>\n<p style=\"font-style: inherit; font-weight: inherit;\">Chez BETC 85-87 rue du Faubourg Saint-Martin 10\u00e8me arrondissement<br \/>\n<em style=\"font-weight: inherit;\">M\u00e9tro: Gare de l\u2019Est ou Ch\u00e2teau d\u2019Eau<a href=\"http:\/\/www.letourismeaparis.fr\/wp-content\/uploads\/2015\/12\/grande_braderie_de_la_mode___quand_la_mode_sauve_des_vies_8368_north_584x0.jpg\"><img loading=\"lazy\" decoding=\"async\" class=\"aligncenter size-medium wp-image-17556\" src=\"http:\/\/www.letourismeaparis.fr\/wp-content\/uploads\/2015\/12\/grande_braderie_de_la_mode___quand_la_mode_sauve_des_vies_8368_north_584x0-300x207.jpg\" alt=\"grande_braderie_de_la_mode___quand_la_mode_sauve_des_vies_8368_north_584x0\" width=\"300\" height=\"207\" \/><\/a><\/em><\/p>\n<p style=\"font-style: inherit; font-weight: inherit;\">Vendredi 11 D\u00e9cembre de\u00a0<strong style=\"font-style: inherit;\">11h \u00e0 20h<\/strong><br \/>\nSamedi 12 et Dimanche 13 D\u00e9cembre de\u00a0<strong style=\"font-style: inherit;\">11h \u00e0 18h<\/strong><!--more--><\/p>\n<p>&nbsp;<\/p>\n","protected":false},"excerpt":{"rendered":"<p>La mode sauve les vies \u00a0: \u00e0\u00a0Paris Chez BETC 85-87 rue du Faubourg Saint-Martin 10\u00e8me arrondissement M\u00e9tro: Gare de l\u2019Est ou Ch\u00e2teau d\u2019Eau Vendredi 11 D\u00e9cembre de\u00a011h \u00e0 20h Samedi 12 et Dimanche 13 D\u00e9cembre de\u00a011h \u00e0 18h<\/p>\n","protected":false},"author":2,"featured_media":0,"comment_status":"open","ping_status":"open","sticky":false,"template":"","format":"standard","meta":{"ngg_post_thumbnail":0,"jetpack_post_was_ever_published":false,"_jetpack_newsletter_access":"","footnotes":""},"categories":[1],"tags":[],"class_list":["post-17550","post","type-post","status-publish","format-standard","hentry","category-non-classe"],"jetpack_featured_media_url":"","jetpack-related-posts":[{"id":19207,"url":"http:\/\/www.letourismeaparis.fr\/index.php\/2016\/12\/11\/les-createurs-ont-du-coeur-du-14-au-17-decembre-2016\/","url_meta":{"origin":17550,"position":0},"title":"Les cr\u00e9ateurs ont du coeur  Du 14 au 17 d\u00e9cembre 2016","author":"Fabienne TM","date":"11 d\u00e9cembre 2016","format":false,"excerpt":"\u00a0 Vente de solidarit\u00e9 au profit de la lutte contre le VIH\/sida. Plus de 200 marques et des milliers d\u2019articles de mode, beaut\u00e9 et d\u00e9co vendus entre -50 et -90% pour une vente exceptionnelle au profit de l'association ARCAT et de la lutte contre le VIH. \u00a0 Du 14 au\u2026","rel":"","context":"Dans &quot;Oeuvres-Caritatives&quot;","block_context":{"text":"Oeuvres-Caritatives","link":"http:\/\/www.letourismeaparis.fr\/index.php\/category\/bonnes-oeuvres\/"},"img":{"alt_text":"","src":"","width":0,"height":0},"classes":[]},{"id":19112,"url":"http:\/\/www.letourismeaparis.fr\/index.php\/2016\/12\/02\/la-grande-braderie-de-la-mode-aides-a-pantin\/","url_meta":{"origin":17550,"position":1},"title":"La Grande Braderie de la Mode AIDES \u00e0 Pantin !","author":"Fabienne TM","date":"2 d\u00e9cembre 2016","format":false,"excerpt":"Toujours solidaire, l\u2019agence BETC accueillera donc \u00e0 nouveau avec plaisir cette braderie au sein de ses locaux tout neufs. . Cette ann\u00e9e, maisons de pr\u00eat-\u00e0-porter, cr\u00e9ateurs, designers, parfumeurs et \u00e9diteurs de livres d\u2019art s\u2019engagent aux c\u00f4t\u00e9s de AIDES en proposant des pi\u00e8ces brad\u00e9es jusqu\u2019\u00e0 -70%. Le vendredi 9 d\u00e9cembre de\u2026","rel":"","context":"Dans &quot;Bons Plans&quot;","block_context":{"text":"Bons Plans","link":"http:\/\/www.letourismeaparis.fr\/index.php\/category\/bon-plan\/"},"img":{"alt_text":"","src":"","width":0,"height":0},"classes":[]},{"id":21717,"url":"http:\/\/www.letourismeaparis.fr\/index.php\/2018\/12\/11\/noel-aux-canaux-les-14-et-15-decembre\/","url_meta":{"origin":17550,"position":2},"title":"No\u00ebl aux canaux les 14 et 15 d\u00e9cembre","author":"Fabienne TM","date":"11 d\u00e9cembre 2018","format":false,"excerpt":"Vendredi 14 d\u00e9cembre de 14h \u00e0 22h, Samedi 15 & Dimanche 16 d\u00e9cembre de 11h \u00e0 22h Trois jours pour (se) faire plaisir, en faisant du bien \u00e0 la Plan\u00e8te! Du 14 au 16 d\u00e9cembre, il s\u2019agit de cr\u00e9ateurs engag\u00e9s proposant des cadeaux originaux et durables. \u00a0 Cosm\u00e9tiques, mode \u00e9thique,\u2026","rel":"","context":"Dans &quot;Oeuvres-Caritatives&quot;","block_context":{"text":"Oeuvres-Caritatives","link":"http:\/\/www.letourismeaparis.fr\/index.php\/category\/bonnes-oeuvres\/"},"img":{"alt_text":"","src":"","width":0,"height":0},"classes":[]},{"id":822,"url":"http:\/\/www.letourismeaparis.fr\/index.php\/2008\/12\/11\/concerts-charles-pasi-1112-et-paris-atlanta-1212-a-19h30-ddans-le-cadre-des-rencontres-avec-martin-luther-king\/","url_meta":{"origin":17550,"position":3},"title":"CONCERTS CHARLES PASI 11\/12 ET PARIS ATLANTA 12\/12 A 19H30 DDANS LE CADRE DES RENCONTRES AVEC MARTIN LUTHER KING","author":"Fabienne TM","date":"11 d\u00e9cembre 2008","format":false,"excerpt":"www.letourismeaparis.fr Place du Trocad\u00e9ro 10\/12-20\/12 \"Jusqu' au 21 d\u00e9cembre 2008, l\u2019espace \u00ab Rencontre Martin Luther King \u00bb prend place au Trocad\u00e9ro .; Un chapiteau de 450m\u00b2 en acc\u00e8s libre ouvert de 11h \u00e0 22h offre l\u2019occasion de se nourrir de la m\u00e9moire pour entrer dans le pr\u00e9sent de la lutte\u2026","rel":"","context":"Dans &quot;Non class\u00e9&quot;","block_context":{"text":"Non class\u00e9","link":"http:\/\/www.letourismeaparis.fr\/index.php\/category\/non-classe\/"},"img":{"alt_text":"","src":"","width":0,"height":0},"classes":[]},{"id":5936,"url":"http:\/\/www.letourismeaparis.fr\/index.php\/2009\/12\/23\/les-vacances-de-noel-au-musee-de-la-musique-jusquau-3-janvier\/","url_meta":{"origin":17550,"position":4},"title":"Les vacances de No\u00ebl au mus\u00e9e de la musique jusqu&#039;au 3 janvier","author":"Fabienne TM","date":"23 d\u00e9cembre 2009","format":false,"excerpt":"Un tr\u00e8s bon programme pour vos enfants, que vous pouvez accompagner; ils d\u00e9couvriront\u00a0 de mani\u00e8re active et ludique les collections du Mus\u00e9e et plongent dans un monde d\u2019histoire et de musique. violoniste SAMEDI 19 DECEMBRE\u00a0 14h30-16h30 : Instruments et traditions du monde - 7-11 ans,\u00a0\u00a0 15h00-16h30 : Cass\u2019Oreilles - 4-6\u2026","rel":"","context":"Dans &quot;Non class\u00e9&quot;","block_context":{"text":"Non class\u00e9","link":"http:\/\/www.letourismeaparis.fr\/index.php\/category\/non-classe\/"},"img":{"alt_text":"","src":"","width":0,"height":0},"classes":[]},{"id":9235,"url":"http:\/\/www.letourismeaparis.fr\/index.php\/2010\/12\/29\/puteaux-en-neige\/","url_meta":{"origin":17550,"position":5},"title":"Puteaux en neige !","author":"Fabienne TM","date":"29 d\u00e9cembre 2010","format":false,"excerpt":"Puteaux en neige ouvrira ses portes du samedi 18 d\u00e9cembre au dimanche 2 janvier 2011 inclus, de 11h \u00e0 19h. Retrouvez pendant quinze jours la piste de luge pour les enfants, la tyrolienne pour les amateurs de sensations fortes, les patinoires dont une s\u2019apparentant \u00e0 une v\u00e9ritable promenade dans une\u2026","rel":"","context":"Dans &quot;Non class\u00e9&quot;","block_context":{"text":"Non class\u00e9","link":"http:\/\/www.letourismeaparis.fr\/index.php\/category\/non-classe\/"},"img":{"alt_text":"","src":"","width":0,"height":0},"classes":[]}],"jetpack_sharing_enabled":true,"jetpack_likes_enabled":true,"_links":{"self":[{"href":"http:\/\/www.letourismeaparis.fr\/index.php\/wp-json\/wp\/v2\/posts\/17550","targetHints":{"allow":["GET"]}}],"collection":[{"href":"http:\/\/www.letourismeaparis.fr\/index.php\/wp-json\/wp\/v2\/posts"}],"about":[{"href":"http:\/\/www.letourismeaparis.fr\/index.php\/wp-json\/wp\/v2\/types\/post"}],"author":[{"embeddable":true,"href":"http:\/\/www.letourismeaparis.fr\/index.php\/wp-json\/wp\/v2\/users\/2"}],"replies":[{"embeddable":true,"href":"http:\/\/www.letourismeaparis.fr\/index.php\/wp-json\/wp\/v2\/comments?post=17550"}],"version-history":[{"count":0,"href":"http:\/\/www.letourismeaparis.fr\/index.php\/wp-json\/wp\/v2\/posts\/17550\/revisions"}],"wp:attachment":[{"href":"http:\/\/www.letourismeaparis.fr\/index.php\/wp-json\/wp\/v2\/media?parent=17550"}],"wp:term":[{"taxonomy":"category","embeddable":true,"href":"http:\/\/www.letourismeaparis.fr\/index.php\/wp-json\/wp\/v2\/categories?post=17550"},{"taxonomy":"post_tag","embeddable":true,"href":"http:\/\/www.letourismeaparis.fr\/index.php\/wp-json\/wp\/v2\/tags?post=17550"}],"curies":[{"name":"wp","href":"https:\/\/api.w.org\/{rel}","templated":true}]}}