{"id":17559,"date":"2015-12-10T11:33:31","date_gmt":"2015-12-10T10:33:31","guid":{"rendered":"http:\/\/www.letourismeaparis.fr\/?p=17559"},"modified":"2015-12-10T11:33:31","modified_gmt":"2015-12-10T10:33:31","slug":"et-pendant-ce-temps-simone-veille-un-bon-spectacle-au-studio-hebertot","status":"publish","type":"post","link":"http:\/\/www.letourismeaparis.fr\/index.php\/2015\/12\/10\/et-pendant-ce-temps-simone-veille-un-bon-spectacle-au-studio-hebertot\/","title":{"rendered":"Et pendant ce temps Simone veille : un bon spectacle au studio H\u00e9bertot"},"content":{"rendered":"<p>l\u2019histoire de la condition f\u00e9minine en France des ann\u00e9es 50 \u00e0 nos jours \u00e0 travers trois lign\u00e9es de femmes, celles de Marcelle, France et Giovanna. L\u2019ouvri\u00e8re, la bourgeoise et la troisi\u00e8me issue de la classe moyenne qui semble s\u2019\u00eatre \u00e9chapp\u00e9e d\u2019un film de Jacques Tati. Ces trois femmes au destin diff\u00e9rent ont toutefois un point commun, elles ont travaill\u00e9 pendant la guerre et ont gard\u00e9 la nostalgie<a href=\"http:\/\/www.letourismeaparis.fr\/wp-content\/uploads\/2015\/12\/simone1.png\"><img loading=\"lazy\" decoding=\"async\" class=\"aligncenter size-medium wp-image-17566\" src=\"http:\/\/www.letourismeaparis.fr\/wp-content\/uploads\/2015\/12\/simone1-195x300.png\" alt=\"simone\" width=\"195\" height=\"300\" \/><\/a><!--more--> d\u2019une ind\u00e9pendance \u00ab \u00e9ph\u00e9m\u00e8re \u00bb devenue apr\u00e8s le retour des hommes : \u00ab effet m\u00e8re \u00bb. Car dans leur quotidien des ann\u00e9es 50 elles sont cantonn\u00e9es dans leur r\u00f4le de femme au foyer avec pour seule consolation l\u2019arriv\u00e9e de l\u2019\u00e9lectrom\u00e9nager. Sauront-elles transmettre \u00e0 leur descendance ce go\u00fbt de libert\u00e9 ? Quatre g\u00e9n\u00e9rations de femmes se succ\u00e8dent dans ce voyage qui s\u2019\u00e9tend de la lutte pour l\u2019avortement \u00e0 la procr\u00e9ation assist\u00e9e. Au travers de sc\u00e8nes de la vie quotidienne, ces douze femmes nous entrainent dans leur intimit\u00e9 et leur touchante imperfection. Ce voyage dans le temps est ponctu\u00e9 par les interventions d\u2019une Simone qui veille pour nous rappeler les dates importantes qui ont jalonn\u00e9 cette \u00e9volution qui s\u2019est faite \u00e0 force de combats, de d\u00e9sirs, de doutes et surtout dans la qu\u00eate d\u2019une \u00e9galit\u00e9 hommes \/ femmes. Aucune revendication, juste un constat et une question : sommes-nous enfin capable d\u2019avancer ensemble ?<br \/>\nEt pendant ce temps Simone veille\u00a0: un bon spectacle au studio H\u00e9bertot<br \/>\nMise en sc\u00e8ne et Cr\u00e9ation lumi\u00e8re : Gil Galliot Interpr\u00e8tes : Trinidad, Fabienne Chaudat, Agn\u00e8s Bove, Serena Reinaldi Direction musicale : Pascal Lafa Textes chansons: Trinidad Auteurs : Trinidad, Bonbon, H\u00e9l\u00e8ne Serres, Vanina Sicurani, Corinne Berron Dur\u00e9e : 1h20<br \/>\n78 bis boulevard des Batignolles Paris 75017<\/p>\n","protected":false},"excerpt":{"rendered":"<p>l\u2019histoire de la condition f\u00e9minine en France des ann\u00e9es 50 \u00e0 nos jours \u00e0 travers trois lign\u00e9es de femmes, celles de Marcelle, France et Giovanna. L\u2019ouvri\u00e8re, la bourgeoise et la troisi\u00e8me issue de la classe moyenne qui semble s\u2019\u00eatre \u00e9chapp\u00e9e&#8230;<\/p>\n","protected":false},"author":2,"featured_media":0,"comment_status":"open","ping_status":"open","sticky":false,"template":"","format":"standard","meta":{"ngg_post_thumbnail":0,"jetpack_post_was_ever_published":false,"_jetpack_newsletter_access":"","footnotes":""},"categories":[49],"tags":[],"class_list":["post-17559","post","type-post","status-publish","format-standard","hentry","category-theatre"],"jetpack_featured_media_url":"","jetpack-related-posts":[{"id":24633,"url":"http:\/\/www.letourismeaparis.fr\/index.php\/2022\/03\/01\/pionnieres\/","url_meta":{"origin":17559,"position":0},"title":"Pionni\u00e8res, Artistes dans les ann\u00e9e folles","author":"Fabienne TM","date":"1 mars 2022","format":false,"excerpt":"du 2 mars au 10 juillet 2022 MUS\u00c9E DU LUXEMBOURG Cette exposition propose de mettre en avant le r\u00f4le primordial des femmes dans le d\u00e9veloppement des grands mouvements artistiques de la modernit\u00e9. \u00a0Ces pionni\u00e8res, comme Tamara de Lempicka, Sonia Delaunay, Tarsila do Amaral ou encore Chana Orloff, n\u00e9es \u00e0 la\u2026","rel":"","context":"Dans &quot;Culture&quot;","block_context":{"text":"Culture","link":"http:\/\/www.letourismeaparis.fr\/index.php\/category\/culture\/"},"img":{"alt_text":"","src":"https:\/\/i0.wp.com\/www.letourismeaparis.fr\/wp-content\/uploads\/2022\/03\/20220228_165008.jpeg?resize=350%2C200","width":350,"height":200},"classes":[]},{"id":14766,"url":"http:\/\/www.letourismeaparis.fr\/index.php\/2014\/02\/28\/gala-2014-2-000-femmes-chantent-contre-le-cancer-lolympia-de-paris\/","url_meta":{"origin":17559,"position":1},"title":"Gala 2014 \u00ab 2 000 femmes chantent contre le cancer \u00bb \u00e0 l\u2019Olympia de Paris","author":"Fabienne TM","date":"28 f\u00e9vrier 2014","format":false,"excerpt":"Gala 2014 \u00ab 2 000 femmes chantent contre le cancer \u00bb \u00e0 l\u2019Olympia de Paris \u00a0un gala caritatif qui rendra hommage aux femmes qui se battent contre le cancer. Pour l'occasion, plusieurs artistes seront pr\u00e9sents comme Luz Casal, Salvatore Adamo, Liz Mc Comb... Elles sont m\u00e8res d\u2019enfants malades, compagnes de\u2026","rel":"","context":"Dans &quot;Familles&quot;","block_context":{"text":"Familles","link":"http:\/\/www.letourismeaparis.fr\/index.php\/category\/familles\/"},"img":{"alt_text":"","src":"","width":0,"height":0},"classes":[]},{"id":14620,"url":"http:\/\/www.letourismeaparis.fr\/index.php\/2014\/02\/19\/marguerite-duras-les-trois-ages-3-spectacles-au-theatre-de-latelier\/","url_meta":{"origin":17559,"position":2},"title":"MARGUERITE DURAS &#8211; LES TROIS \u00c2GES &#8211; 3 SPECTACLES  au Th\u00e9atre de l&#039;atelier","author":"Fabienne TM","date":"19 f\u00e9vrier 2014","format":false,"excerpt":"\u00a0 \u00a0Marguerite Duras : trois \u00e2ges, trois visages, trois \u00e9critures diff\u00e9rentes.De \u00ab Savannah Bay \u00bb \u00e0 \u00ab Marguerite et le Pr\u00e9sident \u00bb en passant par \u00abLe square \u00bb, Marguerite Duras nous livre, \u00e0 travers ces trois conversations singuli\u00e8res, son regard sur les choses de l\u2019existence. Son intense acuit\u00e9 vient \u00e9clairer\u2026","rel":"","context":"Dans &quot;Th\u00e9atre&quot;","block_context":{"text":"Th\u00e9atre","link":"http:\/\/www.letourismeaparis.fr\/index.php\/category\/spectacle\/theatre\/"},"img":{"alt_text":"","src":"","width":0,"height":0},"classes":[]},{"id":24065,"url":"http:\/\/www.letourismeaparis.fr\/index.php\/2020\/10\/06\/secrets-de-beaute-a-la-maison-de-la-culture-du-japon\/","url_meta":{"origin":17559,"position":3},"title":"\u00ab\u00a0SECRETS DE BEAUT\u00c9\u00a0\u00bb \u00e0 la maison de la culture  du Japon","author":"Fabienne TM","date":"6 octobre 2020","format":false,"excerpt":"Cette exposition in\u00e9dite, r\u00e9unissant pr\u00e8s de 150 estampes* et 60 objets (miroirs, peignes, \u00e9pingles \u00e0 cheveux, perruques\u2026), est une plong\u00e9e dans l\u2019intimit\u00e9 et les rituels de beaut\u00e9 des femmes de l\u2019\u00e9poque Edo (1603-1868). Elle permet de d\u00e9couvrir \u00e0 travers quatre sections th\u00e9matiques l\u2019\u00e9volution du maquillage et de la coiffure qui\u2026","rel":"","context":"Dans &quot;Non class\u00e9&quot;","block_context":{"text":"Non class\u00e9","link":"http:\/\/www.letourismeaparis.fr\/index.php\/category\/non-classe\/"},"img":{"alt_text":"","src":"https:\/\/i0.wp.com\/www.letourismeaparis.fr\/wp-content\/uploads\/2020\/10\/Capture-d%E2%80%99e%CC%81cran-2020-10-06-a%CC%80-15.01.38.png?resize=350%2C200","width":350,"height":200,"srcset":"https:\/\/i0.wp.com\/www.letourismeaparis.fr\/wp-content\/uploads\/2020\/10\/Capture-d%E2%80%99e%CC%81cran-2020-10-06-a%CC%80-15.01.38.png?resize=350%2C200 1x, https:\/\/i0.wp.com\/www.letourismeaparis.fr\/wp-content\/uploads\/2020\/10\/Capture-d%E2%80%99e%CC%81cran-2020-10-06-a%CC%80-15.01.38.png?resize=525%2C300 1.5x"},"classes":[]},{"id":4328,"url":"http:\/\/www.letourismeaparis.fr\/index.php\/2009\/10\/10\/programme-musical-de-josephine-baker-le-11-octobre\/","url_meta":{"origin":17559,"position":4},"title":"Programme musical de Jos\u00e9phine Baker le 11 octobre","author":"Fabienne TM","date":"10 octobre 2009","format":false,"excerpt":"Jos\u00e9phine Baker, artiste de music-hall et femme engag\u00e9e dans la R\u00e9sistance. Dans les ann\u00e9es 30, avec Jos\u00e9phine Baker, les parisiens vivent au rythme du jazz et du charleston aux Folies-Berg\u00e8re et au Casino de Paris. Pendant la Seconde Guerre mondiale, cette grande artiste joue aussi un r\u00f4le important dans la\u2026","rel":"","context":"Dans &quot;Non class\u00e9&quot;","block_context":{"text":"Non class\u00e9","link":"http:\/\/www.letourismeaparis.fr\/index.php\/category\/non-classe\/"},"img":{"alt_text":"","src":"","width":0,"height":0},"classes":[]},{"id":11581,"url":"http:\/\/www.letourismeaparis.fr\/index.php\/2012\/03\/18\/le-carnaval-des-femmes-la-fete-des-blanchisseuses-de-la-mi-careme-dimanche-18-mars-depart-place-du-chatelet\/","url_meta":{"origin":17559,"position":5},"title":"Le carnaval des femmes : la f\u00eate des blanchisseuses  de la mi-car\u00eame, dimanche 18 mars , d\u00e9part place du Ch\u00e2telet","author":"Fabienne TM","date":"18 mars 2012","format":false,"excerpt":"Costum\u00e9e, chacune pourra d\u00e9ambuler dans le cort\u00e8ge de mani\u00e8re libre, b\u00e9n\u00e9vole et gratuite. Le Carnaval des Femmes c'est un tradition de la f\u00eate de la mi-car\u00eame organis\u00e9e autrefois par les blanchisseuses Parisiennes. Ces derni\u00e8res \u00e9lisaient une reine pour chaque lavoir et une reine de toute les blanchisseuses. Puis elles d\u00e9ambulaient\u2026","rel":"","context":"Dans &quot;Non class\u00e9&quot;","block_context":{"text":"Non class\u00e9","link":"http:\/\/www.letourismeaparis.fr\/index.php\/category\/non-classe\/"},"img":{"alt_text":"","src":"","width":0,"height":0},"classes":[]}],"jetpack_sharing_enabled":true,"jetpack_likes_enabled":true,"_links":{"self":[{"href":"http:\/\/www.letourismeaparis.fr\/index.php\/wp-json\/wp\/v2\/posts\/17559","targetHints":{"allow":["GET"]}}],"collection":[{"href":"http:\/\/www.letourismeaparis.fr\/index.php\/wp-json\/wp\/v2\/posts"}],"about":[{"href":"http:\/\/www.letourismeaparis.fr\/index.php\/wp-json\/wp\/v2\/types\/post"}],"author":[{"embeddable":true,"href":"http:\/\/www.letourismeaparis.fr\/index.php\/wp-json\/wp\/v2\/users\/2"}],"replies":[{"embeddable":true,"href":"http:\/\/www.letourismeaparis.fr\/index.php\/wp-json\/wp\/v2\/comments?post=17559"}],"version-history":[{"count":0,"href":"http:\/\/www.letourismeaparis.fr\/index.php\/wp-json\/wp\/v2\/posts\/17559\/revisions"}],"wp:attachment":[{"href":"http:\/\/www.letourismeaparis.fr\/index.php\/wp-json\/wp\/v2\/media?parent=17559"}],"wp:term":[{"taxonomy":"category","embeddable":true,"href":"http:\/\/www.letourismeaparis.fr\/index.php\/wp-json\/wp\/v2\/categories?post=17559"},{"taxonomy":"post_tag","embeddable":true,"href":"http:\/\/www.letourismeaparis.fr\/index.php\/wp-json\/wp\/v2\/tags?post=17559"}],"curies":[{"name":"wp","href":"https:\/\/api.w.org\/{rel}","templated":true}]}}