{"id":17655,"date":"2015-12-20T15:09:02","date_gmt":"2015-12-20T14:09:02","guid":{"rendered":"http:\/\/www.letourismeaparis.fr\/?p=17655"},"modified":"2015-12-20T15:09:02","modified_gmt":"2015-12-20T14:09:02","slug":"le-merveilleux-noel-du-musee-des-arts-forains-du-20-decembre-2015-au-3-janvier-2016","status":"publish","type":"post","link":"http:\/\/www.letourismeaparis.fr\/index.php\/2015\/12\/20\/le-merveilleux-noel-du-musee-des-arts-forains-du-20-decembre-2015-au-3-janvier-2016\/","title":{"rendered":"Le merveilleux No\u00ebl du Mus\u00e9e des Arts Forains du 20 d\u00e9cembre 2015 au 3 janvier 2016"},"content":{"rendered":"<p>D\u00e9couvrez une nouvelle formule de visites sur r\u00e9servation, \u00e0 mi-chemin entre le Festival du Merveilleux et les visites guid\u00e9es du Mus\u00e9e des Arts Forains.<br \/>\nPendant ces 15 jours, les visiteurs pourront s&rsquo;\u00e9merveiller<a href=\"http:\/\/www.letourismeaparis.fr\/wp-content\/uploads\/2015\/12\/Bannie\u0300re-noel-bercy.jpg\"><img loading=\"lazy\" decoding=\"async\" class=\"aligncenter size-medium wp-image-17656\" src=\"http:\/\/www.letourismeaparis.fr\/wp-content\/uploads\/2015\/12\/Bannie\u0300re-noel-bercy-300x114.jpg\" alt=\"Bannie\u0300re-noel bercy\" width=\"300\" height=\"114\" \/><\/a> comme des enfants, se laisser guider par des lutins ou participer \u00e0 un spectacle dans le Magic Mirror. Car ce mus\u00e9e ne se visite pas&#8230;. il se vit, et il se vivra encore plus fort en cette fin d&rsquo;ann\u00e9e.<!--more--><br \/>\nAccueillis dans une rue cach\u00e9e au coeur de Bercy, illumin\u00e9e et transform\u00e9e en jardin po\u00e9tique, ils pourront monter sur les man\u00e8ges et jouer avec certaines attractions dans une f\u00eate foraine de la Belle Epoque reconstitu\u00e9e au Mus\u00e9e des Arts Forains. Puis au Th\u00e9\u00e2tre du Merveilleux, ils seront invit\u00e9s \u00e0 voyager dans un pays imaginaire. Dans les Salons V\u00e9nitiens, ils s&rsquo;immergeront dans Venise en f\u00eate et assisteront \u00e0 un spectacle de f\u00e9\u00e9rie num\u00e9rique en 4D. Le Magic Mirror, une ancienne salle de bal itin\u00e9rante des ann\u00e9es 20 install\u00e9e il y a un an, accueillera, pour finir en beaut\u00e9, un spectacle vivant.<br \/>\n&nbsp;<br \/>\n<strong>Dur\u00e9e de la visite :<\/strong>\u00a02h00<br \/>\n<strong>D\u00e9parts tous les jours \u00e0 10h00, 11h30, 13h00, 14h30, 16h00 et 17h30\u00a0<\/strong>(dans la limite des places disponibles)<br \/>\n<strong>Ouvert \u00e9galement sur r\u00e9servation pendant les jours f\u00e9ri\u00e9s du 25 d\u00e9cembre et du 1er janvier<\/strong><br \/>\n&nbsp;<br \/>\n<strong>R\u00e9servation n\u00e9cessaire<\/strong><br \/>\n<a href=\"http:\/\/www.arts-forains.com\/\">http:\/\/www.arts-forains.com\/<\/a><\/p>\n","protected":false},"excerpt":{"rendered":"<p>D\u00e9couvrez une nouvelle formule de visites sur r\u00e9servation, \u00e0 mi-chemin entre le Festival du Merveilleux et les visites guid\u00e9es du Mus\u00e9e des Arts Forains. Pendant ces 15 jours, les visiteurs pourront s&rsquo;\u00e9merveiller comme des enfants, se laisser guider par des&#8230;<\/p>\n","protected":false},"author":2,"featured_media":0,"comment_status":"open","ping_status":"open","sticky":false,"template":"","format":"standard","meta":{"ngg_post_thumbnail":0,"jetpack_post_was_ever_published":false,"_jetpack_newsletter_access":"","footnotes":""},"categories":[28],"tags":[],"class_list":["post-17655","post","type-post","status-publish","format-standard","hentry","category-familles"],"jetpack_featured_media_url":"","jetpack-related-posts":[{"id":18942,"url":"http:\/\/www.letourismeaparis.fr\/index.php\/2016\/11\/09\/doisneau-en-fete-au-musee-des-art-forains-du-lundi-26-decembre-2016-au-lundi-2-janvier-2017\/","url_meta":{"origin":17655,"position":0},"title":"Doisneau en f\u00eate  au  Mus\u00e9e des Art Forains du lundi 26 d\u00e9cembre 2016 au lundi 2 janvier 2017","author":"Fabienne TM","date":"9 novembre 2016","format":false,"excerpt":"\u00a0 A l\u2019occasion du 7\u00e8me\u00a0Festival du Merveilleux (26 d\u00e9cembre\/2 janvier), le Mus\u00e9e des Arts Forains d\u00e9voilera des images de Robert Doisneau consacr\u00e9es \u00e0 la f\u00eate foraine. Ces photos offrent l\u2019un des panoramas les plus complets de\u00a0100 ans d\u2019histoire des arts forains.\u00a0 Robert Doisneau\u00a0 Ateliers de Jean-Paul Favand\u00a0 Pendant le tournage\u2026","rel":"","context":"Dans &quot;Familles&quot;","block_context":{"text":"Familles","link":"http:\/\/www.letourismeaparis.fr\/index.php\/category\/familles\/"},"img":{"alt_text":"","src":"","width":0,"height":0},"classes":[]},{"id":14308,"url":"http:\/\/www.letourismeaparis.fr\/index.php\/2013\/12\/10\/le-festival-du-merveilleux-au-musee-des-arts-forains\/","url_meta":{"origin":17655,"position":1},"title":"LE FESTIVAL DU MERVEILLEUX AU MUS\u00c9E DES ARTS FORAINS","author":"Fabienne TM","date":"10 d\u00e9cembre 2013","format":false,"excerpt":"11 jours de spectacles et de f\u00e9\u00e9ries du 26 d\u00e9cembre\u00a0 2013 au 5 janvier 2014, de 10h00 \u00e0 18h00 \u00a0 \"Le Festival du Merveilleux invite \u00e0 p\u00e9n\u00e9trer dans le monde de la f\u00e9\u00e9rie et \u00e0 vivre pleinement la magie de cette p\u00e9riode de l\u2019ann\u00e9e \u00bb confie Jean-Paul Favand, le ma\u00eetre\u2026","rel":"","context":"Dans &quot;Non class\u00e9&quot;","block_context":{"text":"Non class\u00e9","link":"http:\/\/www.letourismeaparis.fr\/index.php\/category\/non-classe\/"},"img":{"alt_text":"","src":"","width":0,"height":0},"classes":[]},{"id":12340,"url":"http:\/\/www.letourismeaparis.fr\/index.php\/2012\/12\/13\/le-musee-des-arts-forains-vous-attend-sans-reservation-du-26-decembre-au-6-janvier\/","url_meta":{"origin":17655,"position":2},"title":"Le mus\u00e9e des arts forains vous attend sans r\u00e9servation du 26 d\u00e9cembre au 6 janvier","author":"Fabienne TM","date":"13 d\u00e9cembre 2012","format":false,"excerpt":"Pour les f\u00eates de fin d'ann\u00e9e, la collection de costumes et accessoires du Music-Hall vient enrichir l'accrochage des diff\u00e9rents espaces du mus\u00e9e.C ette\u00a0 discipline artistique autrefois itin\u00e9rante\u00a0 est apparue sur la f\u00eate foraine au XIx\u00e8me si\u00e8cle, vous d\u00e9couvrirez 4 lieux\u00a0 d\u00e9di\u00e9s \u00e0 l'art du spectacle : - La F\u00eate foraine\u2026","rel":"","context":"Dans &quot;Non class\u00e9&quot;","block_context":{"text":"Non class\u00e9","link":"http:\/\/www.letourismeaparis.fr\/index.php\/category\/non-classe\/"},"img":{"alt_text":"","src":"https:\/\/i0.wp.com\/www.letourismeaparis.fr\/wp-content\/uploads\/2012\/12\/mus%C3%83%C2%A9e-des-arts-forains-210x300.jpg?resize=350%2C200","width":350,"height":200},"classes":[]},{"id":10128,"url":"http:\/\/www.letourismeaparis.fr\/index.php\/2011\/04\/18\/jean-louis-forain-1852-1931-la-comedie-parisienne-jusqu-au-5-juin-2011\/","url_meta":{"origin":17655,"position":3},"title":"Jean-Louis Forain 1852-1931 &quot;La Com\u00e9die parisienne&quot; jusqu&#039; au 5 juin 2011","author":"Fabienne TM","date":"18 avril 2011","format":false,"excerpt":"Forain traite les th\u00e8mes de la modernit\u00e9 : champs de courses, sc\u00e8nes de rues, de caf\u00e9s, de spectacles, lieux d\u2019\u00e9l\u00e9gance et de plaisirs, soir\u00e9es mondaines.Il est impr\u00e9gn\u00e9 des th\u00e9ories impressionnistes sur la lumi\u00e8re et la couleur, de leur pr\u00e9dilection pour les sc\u00e8nes de la vie quotidienne et fort d\u2019un trait\u2026","rel":"","context":"Dans &quot;Non class\u00e9&quot;","block_context":{"text":"Non class\u00e9","link":"http:\/\/www.letourismeaparis.fr\/index.php\/category\/non-classe\/"},"img":{"alt_text":"","src":"","width":0,"height":0},"classes":[]},{"id":5125,"url":"http:\/\/www.letourismeaparis.fr\/index.php\/2009\/12\/22\/jours-de-fetes-une-grande-fete-foraine-sous-la-nef-du-grand-palais\/","url_meta":{"origin":17655,"position":4},"title":"\u00ab Jours de f\u00eates \u00bb, une grande f\u00eate foraine sous la Nef du Grand Palais","author":"Fabienne TM","date":"22 d\u00e9cembre 2009","format":false,"excerpt":"Du 18 d\u00e9cembre 2009 au 1er janvier 2010 la nef du Grand Palais accueille un \u00e9v\u00e9nement\u00a0 d\u00e9di\u00e9 au cirque, aux spectacles et aux arts forains;\u00a0 vous d\u00e9couvrirez , \u00e0 l'occasion des f\u00eates de fin d'ann\u00e9e, des attractions foraines dont une magnifique roue de 30 m\u00e8tres de haut. Le public est\u2026","rel":"","context":"Dans &quot;Non class\u00e9&quot;","block_context":{"text":"Non class\u00e9","link":"http:\/\/www.letourismeaparis.fr\/index.php\/category\/non-classe\/"},"img":{"alt_text":"","src":"","width":0,"height":0},"classes":[]},{"id":5950,"url":"http:\/\/www.letourismeaparis.fr\/index.php\/2009\/12\/23\/jours-de-fete-au-grand-palais-une-grande-fete-foraine-sous-sa-nef\/","url_meta":{"origin":17655,"position":5},"title":"Jours de f\u00eate  au Grand Palais, une grande f\u00eate foraine sous sa nef","author":"Fabienne TM","date":"23 d\u00e9cembre 2009","format":false,"excerpt":"jusqu' au 1er janvier 2010 la nef du Grand Palais accueille un \u00e9v\u00e9nement\u00a0 d\u00e9di\u00e9 au cirque, aux spectacles et aux arts forains;\u00a0 vous d\u00e9couvrirez , \u00e0 l'occasion des f\u00eates de fin d'ann\u00e9e, des attractions foraines dont une magnifique roue de 30 m\u00e8tres de haut. Le public est invit\u00e9 \u00e0 assister\u2026","rel":"","context":"Dans &quot;Non class\u00e9&quot;","block_context":{"text":"Non class\u00e9","link":"http:\/\/www.letourismeaparis.fr\/index.php\/category\/non-classe\/"},"img":{"alt_text":"","src":"","width":0,"height":0},"classes":[]}],"jetpack_sharing_enabled":true,"jetpack_likes_enabled":true,"_links":{"self":[{"href":"http:\/\/www.letourismeaparis.fr\/index.php\/wp-json\/wp\/v2\/posts\/17655","targetHints":{"allow":["GET"]}}],"collection":[{"href":"http:\/\/www.letourismeaparis.fr\/index.php\/wp-json\/wp\/v2\/posts"}],"about":[{"href":"http:\/\/www.letourismeaparis.fr\/index.php\/wp-json\/wp\/v2\/types\/post"}],"author":[{"embeddable":true,"href":"http:\/\/www.letourismeaparis.fr\/index.php\/wp-json\/wp\/v2\/users\/2"}],"replies":[{"embeddable":true,"href":"http:\/\/www.letourismeaparis.fr\/index.php\/wp-json\/wp\/v2\/comments?post=17655"}],"version-history":[{"count":0,"href":"http:\/\/www.letourismeaparis.fr\/index.php\/wp-json\/wp\/v2\/posts\/17655\/revisions"}],"wp:attachment":[{"href":"http:\/\/www.letourismeaparis.fr\/index.php\/wp-json\/wp\/v2\/media?parent=17655"}],"wp:term":[{"taxonomy":"category","embeddable":true,"href":"http:\/\/www.letourismeaparis.fr\/index.php\/wp-json\/wp\/v2\/categories?post=17655"},{"taxonomy":"post_tag","embeddable":true,"href":"http:\/\/www.letourismeaparis.fr\/index.php\/wp-json\/wp\/v2\/tags?post=17655"}],"curies":[{"name":"wp","href":"https:\/\/api.w.org\/{rel}","templated":true}]}}