{"id":17660,"date":"2015-12-21T16:13:50","date_gmt":"2015-12-21T15:13:50","guid":{"rendered":"http:\/\/www.letourismeaparis.fr\/?p=17660"},"modified":"2015-12-21T16:13:50","modified_gmt":"2015-12-21T15:13:50","slug":"un-spectacle-vocal-distrayant-et-de-qualite-au-point-virgule-avec-les-freres-brothers","status":"publish","type":"post","link":"http:\/\/www.letourismeaparis.fr\/index.php\/2015\/12\/21\/un-spectacle-vocal-distrayant-et-de-qualite-au-point-virgule-avec-les-freres-brothers\/","title":{"rendered":"Un spectacle  vocal ,distrayant et de qualit\u00e9 au&quot; Point Virgule&quot; avec les fr\u00e8res Brothers"},"content":{"rendered":"<p><strong>Des standards de la chanson fran\u00e7aise et des compositions personnelles alternent\u00a0: une belle performance.<\/strong><br \/>\nLes th\u00e8mes trait\u00e9s sont originaux, les fac\u00e9ties chant\u00e9es et jou\u00e9es loufoques et d\u00e9lirantes.<a href=\"http:\/\/www.letourismeaparis.fr\/wp-content\/uploads\/2015\/12\/fb.png\"><img loading=\"lazy\" decoding=\"async\" class=\"aligncenter size-medium wp-image-17661\" src=\"http:\/\/www.letourismeaparis.fr\/wp-content\/uploads\/2015\/12\/fb-300x120.png\" alt=\"fb\" width=\"300\" height=\"120\" \/><\/a><br \/>\n&nbsp;<br \/>\nUne composition musicale vari\u00e9e sert quatre voix aujourd\u2019hui plus que compl\u00e9mentaires. De superbes harmonies vocales, des bruitages \u00e9tonnants, des rythmes vocaux d\u00e9tonants, les quatre comp\u00e8res poss\u00e8dent une musicalit\u00e9 extr\u00eame et savent habiter la sc\u00e8ne avec la force d&rsquo;une fanfare ou d&rsquo;un orchestre.<!--more--> Un humour plut\u00f4t vache et noir mais jamais gratuitement m\u00e9chant, des interm\u00e8des jubilatoires et d\u00e9cal\u00e9s, telle est la recette de leur univers rempli de chansons originales, mais aussi de quelques oeuvres de \u201c grands \u201d judicieusement choisies et revisit\u00e9es avec esprit<!--more--><br \/>\n7, rue Sainte croix de la Bretonnerie Paris 75004<br \/>\nsamedi et dimanche \u00e0 16 h jusqu&rsquo;au 31 mars<br \/>\n<a href=\"http:\/\/www.lepointvirgule.com\/\">http:\/\/www.lepointvirgule.com\/<\/a><\/p>\n","protected":false},"excerpt":{"rendered":"<p>Des standards de la chanson fran\u00e7aise et des compositions personnelles alternent\u00a0: une belle performance. Les th\u00e8mes trait\u00e9s sont originaux, les fac\u00e9ties chant\u00e9es et jou\u00e9es loufoques et d\u00e9lirantes. &nbsp; Une composition musicale vari\u00e9e sert quatre voix aujourd\u2019hui plus que compl\u00e9mentaires. De&#8230;<\/p>\n","protected":false},"author":2,"featured_media":0,"comment_status":"open","ping_status":"open","sticky":false,"template":"","format":"standard","meta":{"ngg_post_thumbnail":0,"jetpack_post_was_ever_published":false,"_jetpack_newsletter_access":"","footnotes":""},"categories":[49],"tags":[],"class_list":["post-17660","post","type-post","status-publish","format-standard","hentry","category-theatre"],"jetpack_featured_media_url":"","jetpack-related-posts":[{"id":16598,"url":"http:\/\/www.letourismeaparis.fr\/index.php\/2015\/05\/05\/belcanto-lheritage-de-pavarotti-au-theatre-des-varietes\/","url_meta":{"origin":17660,"position":0},"title":"BELCANTO  &quot;L&#039;h\u00e9ritage de Pavarotti &quot;au Th\u00e9atre des vari\u00e9t\u00e9s : un excellent spectacle !","author":"Fabienne TM","date":"5 mai 2015","format":false,"excerpt":"Apr\u00e8s les succ\u00e8s de Spoleto, Bologne et New-York, un spectacle m\u00ealant op\u00e9ra, ballet et chanson. \u00ab Belcanto, the Luciano Pavarotti H\u00e9ritage \u00bb est un concert port\u00e9 par de talentueux chanteurs d\u2019op\u00e9ra s\u00e9lectionn\u00e9s par la fondation Luciano Pavarotti. Le Belcanto concert pr\u00e9sente des performances uniques et originales des grands airs d\u2019Op\u00e9ra,\u2026","rel":"","context":"Dans &quot;Musique&quot;","block_context":{"text":"Musique","link":"http:\/\/www.letourismeaparis.fr\/index.php\/category\/culture\/concerts-musique\/musique\/"},"img":{"alt_text":"","src":"","width":0,"height":0},"classes":[]},{"id":342,"url":"http:\/\/www.letourismeaparis.fr\/index.php\/2008\/09\/25\/libercanto-a-la-maison-des-cultures-du-monde\/","url_meta":{"origin":17660,"position":1},"title":"Libercanto  \u00e0 la maison des cultures du monde","author":"Fabienne TM","date":"25 septembre 2008","format":false,"excerpt":"LIBERCANTO (avec d'anciens membres de Quilapay\u00fan) \"Les concerts des musiciens chiliens Libercanto sont un concentr\u00e9 de passion et d'\u00e9motion vocale, de couleurs et de rythmes musicaux, dans une recherche permanente de l'innovation. Aux chansons aujourd'hui classiques (La muralla, Plegaria a un labrador, Cantata Santa Mar\u00eda de Iquique\u2026) dans la m\u00e9moire\u2026","rel":"","context":"Dans &quot;Non class\u00e9&quot;","block_context":{"text":"Non class\u00e9","link":"http:\/\/www.letourismeaparis.fr\/index.php\/category\/non-classe\/"},"img":{"alt_text":"","src":"","width":0,"height":0},"classes":[]},{"id":25378,"url":"http:\/\/www.letourismeaparis.fr\/index.php\/2023\/11\/16\/gala-des-laureats-des-concours-internationaux-de-chant-georges-enesco-paris-et-george-enescu-bucarest\/","url_meta":{"origin":17660,"position":2},"title":"Gala des Laur\u00e9ats des Concours Internationaux de chant Georges Enesco Paris et George Enescu Bucarest","author":"Fabienne TM","date":"16 novembre 2023","format":false,"excerpt":"Ue soir\u00e9e exceptionnelle mettant en lumi\u00e8re des talents exceptionnels dans le domaine du chant et de la composition musicale. Le Concours International de Chant Georges Enesco, cr\u00e9\u00e9 en 2014, offre une plateforme unique pour les Chanteurs Professionnels et les Grands Amateurs d'Art Vocal. Les laur\u00e9ats de ce concours, tels qu'Adela\u2026","rel":"","context":"Dans &quot;Chant&quot;","block_context":{"text":"Chant","link":"http:\/\/www.letourismeaparis.fr\/index.php\/category\/chant\/"},"img":{"alt_text":"","src":"https:\/\/i0.wp.com\/www.letourismeaparis.fr\/wp-content\/uploads\/2023\/11\/Capture-decran-2023-11-16-a-17.07.48.png?resize=350%2C200","width":350,"height":200,"srcset":"https:\/\/i0.wp.com\/www.letourismeaparis.fr\/wp-content\/uploads\/2023\/11\/Capture-decran-2023-11-16-a-17.07.48.png?resize=350%2C200 1x, https:\/\/i0.wp.com\/www.letourismeaparis.fr\/wp-content\/uploads\/2023\/11\/Capture-decran-2023-11-16-a-17.07.48.png?resize=525%2C300 1.5x"},"classes":[]},{"id":1476,"url":"http:\/\/www.letourismeaparis.fr\/index.php\/2009\/01\/17\/festival-vocal-18-et-25-janvier\/","url_meta":{"origin":17660,"position":3},"title":"Festival vocal  18 et 25 janvier","author":"Fabienne TM","date":"17 janvier 2009","format":false,"excerpt":"Concerts du Festival Vocal. Dimanche 18 janvier \u00e0 17h \u00c0 travers chants Cet ensemble vocal a capella interpr\u00e9tera des chants classiques et des chants du monde,s ous la direction de Francine Romain... Dimanche 25 janvier \u00e0 17h Nightingales ,Chorale gospel, Jazz, negro spiritual Sous la direction de Chris Johnson. Entr\u00e9e\u2026","rel":"","context":"Dans &quot;Non class\u00e9&quot;","block_context":{"text":"Non class\u00e9","link":"http:\/\/www.letourismeaparis.fr\/index.php\/category\/non-classe\/"},"img":{"alt_text":"","src":"","width":0,"height":0},"classes":[]},{"id":13043,"url":"http:\/\/www.letourismeaparis.fr\/index.php\/2013\/03\/21\/festival-10-de-choeurs-jusquau-24-mars-2013-a-paris-10eme-concerts-gratuits\/","url_meta":{"origin":17660,"position":4},"title":"Festival \u00ab 10 de Ch\u0153urs \u00bb  jusqu&#039;au 24 mars 2013 \u00e0 Paris 10\u00e8me (concerts gratuits)","author":"Fabienne TM","date":"21 mars 2013","format":false,"excerpt":"Ttous les styles sont repr\u00e9sent\u00e9s : du classique au baroque en passant par du contemporain, du latin-jazz, de la vari\u00e9t\u00e9 et du gospel. Une constante n\u00e9anmoins : la qualit\u00e9 ! Jeudi 21 mars - 20h30 - Salle St Charles, Maison des Jeunes de St Vincent de Paul, 12 rue Bossuet\u2026","rel":"","context":"Dans &quot;Festivals \/ Manifestations&quot;","block_context":{"text":"Festivals \/ Manifestations","link":"http:\/\/www.letourismeaparis.fr\/index.php\/category\/spectacle\/festival\/"},"img":{"alt_text":"","src":"https:\/\/i0.wp.com\/www.letourismeaparis.fr\/wp-content\/uploads\/2013\/03\/10-200x300.jpg?resize=350%2C200","width":350,"height":200},"classes":[]},{"id":17140,"url":"http:\/\/www.letourismeaparis.fr\/index.php\/2015\/10\/17\/la-note-enchantee-mozart-gounod-offenbach-et-de-belles-chansons-au-theatre-de-nesles\/","url_meta":{"origin":17660,"position":5},"title":"LA NOTE ENCHANTEE  ( Mozart, Gounod, Offenbach\u2026)  et de belles chansons au Th\u00e9atre de Nesles","author":"Fabienne TM","date":"17 octobre 2015","format":false,"excerpt":"Le Th\u00e9\u00e2tre de Nesle et L\u2019association Colorature pr\u00e9sententLa note enchant\u00e9e\u00a0Jou\u00e9 et chant\u00e9 par Diane Goni\u00e9 et Rapha\u00eble Crosnier Mise en histoire\u00a0: Laurent Dubost Extraits vid\u00e9o et photos\u00a0: La note enchant\u00e9e (cliquez sur le lien) \u00a0 Conte initiatique musical con\u00e7u pour un public familial, La Note Enchant\u00e9e permet de faire d\u00e9couvrir\u2026","rel":"","context":"Dans &quot;Musique&quot;","block_context":{"text":"Musique","link":"http:\/\/www.letourismeaparis.fr\/index.php\/category\/culture\/concerts-musique\/musique\/"},"img":{"alt_text":"","src":"https:\/\/i0.wp.com\/www.letourismeaparis.fr\/wp-content\/uploads\/2015\/10\/tn-203x300.jpg?resize=350%2C200","width":350,"height":200},"classes":[]}],"jetpack_sharing_enabled":true,"jetpack_likes_enabled":true,"_links":{"self":[{"href":"http:\/\/www.letourismeaparis.fr\/index.php\/wp-json\/wp\/v2\/posts\/17660","targetHints":{"allow":["GET"]}}],"collection":[{"href":"http:\/\/www.letourismeaparis.fr\/index.php\/wp-json\/wp\/v2\/posts"}],"about":[{"href":"http:\/\/www.letourismeaparis.fr\/index.php\/wp-json\/wp\/v2\/types\/post"}],"author":[{"embeddable":true,"href":"http:\/\/www.letourismeaparis.fr\/index.php\/wp-json\/wp\/v2\/users\/2"}],"replies":[{"embeddable":true,"href":"http:\/\/www.letourismeaparis.fr\/index.php\/wp-json\/wp\/v2\/comments?post=17660"}],"version-history":[{"count":0,"href":"http:\/\/www.letourismeaparis.fr\/index.php\/wp-json\/wp\/v2\/posts\/17660\/revisions"}],"wp:attachment":[{"href":"http:\/\/www.letourismeaparis.fr\/index.php\/wp-json\/wp\/v2\/media?parent=17660"}],"wp:term":[{"taxonomy":"category","embeddable":true,"href":"http:\/\/www.letourismeaparis.fr\/index.php\/wp-json\/wp\/v2\/categories?post=17660"},{"taxonomy":"post_tag","embeddable":true,"href":"http:\/\/www.letourismeaparis.fr\/index.php\/wp-json\/wp\/v2\/tags?post=17660"}],"curies":[{"name":"wp","href":"https:\/\/api.w.org\/{rel}","templated":true}]}}