{"id":17675,"date":"2015-12-22T16:31:32","date_gmt":"2015-12-22T15:31:32","guid":{"rendered":"http:\/\/www.letourismeaparis.fr\/?p=17675"},"modified":"2015-12-22T16:31:32","modified_gmt":"2015-12-22T15:31:32","slug":"quelques-creches-de-noel-a-paris","status":"publish","type":"post","link":"http:\/\/www.letourismeaparis.fr\/index.php\/2015\/12\/22\/quelques-creches-de-noel-a-paris\/","title":{"rendered":"Quelques cr\u00e8ches de No\u00ebl \u00e0 Paris"},"content":{"rendered":"<p><strong><a href=\"http:\/\/www.paris.catholique.fr\/creche-de-l-ordre-de-malte.html\">Cr\u00e8che de l\u2019Ordre de Malte<\/a><\/strong><br \/>\n<strong>jusqu&rsquo;au \u00a0au 3 janvier 2016<\/strong><br \/>\nSur le March\u00e9 de No\u00ebl des Champs-\u00c9lys\u00e9es, avec le soutien de la paroisse de Saint-Pierre de Chaillot.<a href=\"http:\/\/www.letourismeaparis.fr\/wp-content\/uploads\/2015\/12\/cre\u0300che-anime\u0301e.jpg\"><img loading=\"lazy\" decoding=\"async\" class=\"aligncenter size-full wp-image-17676\" src=\"http:\/\/www.letourismeaparis.fr\/wp-content\/uploads\/2015\/12\/cre\u0300che-anime\u0301e.jpg\" alt=\"cre\u0300che anime\u0301e\" width=\"150\" height=\"212\" \/><\/a><br \/>\n<strong><a href=\"http:\/\/www.paris.catholique.fr\/creche-de-noel-a-notre-dame-de.html\">Cr\u00e8che de No\u00ebl \u00e0 Notre-Dame de Paris<\/a><\/strong><br \/>\n<strong>jusqu&rsquo; au 2 f\u00e9vrier 2016<\/strong><br \/>\nNotre-Dame de Paris<br \/>\nCr\u00e8che de No\u00ebl polonaise situ\u00e9e dans le d\u00e9ambulatoire nord de la cath\u00e9drale.<!--more--><br \/>\n<strong>\u00a0<\/strong><strong><a href=\"http:\/\/www.paris.catholique.fr\/creche-38245.html\">Cr\u00e8che<\/a> de Saint s\u00e9verin<\/strong><br \/>\n<strong>jusqu&rsquo;au au 3 janvier 2016<\/strong><br \/>\n<a href=\"http:\/\/www.paris.catholique.fr\/-saint-severin-saint-nicolas-.html\">Saint-S\u00e9verin &#8211; Saint-Nicolas<\/a><br \/>\n<a href=\"http:\/\/www.paris.catholique.fr\/creche-38245.html\">La cr\u00e8che de saint-S\u00e9verin est une cr\u00e9ation contemporaine. L\u2019\u00e9glise est ouverte du lundi au samedi de 11h \u00e0 19h30 et le dimanche de 9h \u00e0 20h30.<\/a><br \/>\n<strong>:<\/strong>\u00a01 rue des Pr\u00eatres-Saint-S\u00e9verin, 75005 Paris<br \/>\n&nbsp;<br \/>\n<strong><a href=\"http:\/\/www.paris.catholique.fr\/creche-revelations.html\">Cr\u00e8che \u201cR\u00e9v\u00e9lations\u201d<\/a><\/strong><br \/>\n<strong>jusqu&rsquo;au au 3 f\u00e9vrier 2016<\/strong><br \/>\n<a href=\"http:\/\/www.paris.catholique.fr\/-sainte-madeleine-.html\">Sainte-Madeleine<\/a><br \/>\n<a href=\"http:\/\/www.paris.catholique.fr\/creche-revelations.html\">De Pauline Ohrel, sculpteur.<\/a><br \/>\n<strong>:<\/strong>\u00a0Place de la Madeleine, 75008 Paris<br \/>\n&nbsp;<br \/>\n<strong><a href=\"http:\/\/www.paris.catholique.fr\/-saint-antoine-des-quinze-vingts-.html\">Saint-Antoine des<\/a> Quinze-Vingts&rsquo; au 25 d\u00e9cembre<\/strong><br \/>\n<a href=\"http:\/\/www.paris.catholique.fr\/-saint-antoine-des-quinze-vingts-.html\">Saint-Antoine des<\/a> Quinze-Vingts<br \/>\n<a href=\"http:\/\/www.paris.catholique.fr\/visite-de-creche.html\">La cr\u00e8che est dans l\u2019oratoire du narthex (cot\u00e9 Ledru Rollin) et on peut la visiter aux horaires d\u2019ouverture de l\u2019\u00e9glise de 8h \u00e0 19h30.<\/a><br \/>\n<strong>\u00a066 avenue Ledru-Rollin, 75012 Paris<\/strong><!--more--><br \/>\n<strong><u><a href=\"http:\/\/www.paris.catholique.fr\/creche-34601.html\">Cr\u00e8che<\/a><\/u><\/strong><strong> de saint sulpice<\/strong><br \/>\n<strong>jusqu&rsquo; au 2 f\u00e9vrier 2016<\/strong><br \/>\n<a href=\"http:\/\/www.paris.catholique.fr\/-saint-sulpice-.html\">Saint-Sulpice<\/a><br \/>\n<a href=\"http:\/\/www.paris.catholique.fr\/creche-34601.html\">De 8h \u00e0 19h, tous les jours jusqu\u2019au 2 f\u00e9vrier.<\/a><br \/>\n2 rue Palatine, 75006 Paris<br \/>\n&nbsp;<br \/>\n<strong><a href=\"http:\/\/www.paris.catholique.fr\/visite-des-creches-animees.html\">Visite des cr\u00e8ches anim\u00e9es<\/a><\/strong><br \/>\n<strong>jusqu&rsquo;au 23 d\u00e9cembre<\/strong><br \/>\n<a href=\"http:\/\/www.paris.catholique.fr\/-Saint-Jean-Baptiste-de-Belleville-.html\">Saint-Jean-Baptiste de Belleville<\/a><br \/>\n<a href=\"http:\/\/www.paris.catholique.fr\/visite-des-creches-animees.html\">Visite des cr\u00e8ches de No\u00ebl et d\u2019une repr\u00e9sentation d\u2019une sc\u00e8ne en volume d\u2019un passage de la Bible. du 5 au 23 d\u00e9cembre de 16h30 \u00e0 18h30 et en plus, pour le dimanche de 12h30 \u00e0 13h30.<\/a><br \/>\n<strong>Adresse de l&rsquo;\u00e9glise :<\/strong>\u00a0139 rue de Belleville, 75019 Paris<!--more--><br \/>\n&nbsp;<br \/>\n<strong>Cr\u00e8che<\/strong><br \/>\n<strong>jusqu&rsquo; au 31 janvier 2016<\/strong><br \/>\n<a href=\"http:\/\/www.paris.catholique.fr\/-Saint-Honore-d-Eylau-.html\">Saint-Honor\u00e9 d\u2019Eylau<\/a><br \/>\n<a href=\"http:\/\/www.paris.catholique.fr\/creche-25754.html\">\u00c0 l\u2019int\u00e9rieur et \u00e0 l\u2019ext\u00e9rieur.<\/a><br \/>\n66 bis avenue Raymond Poincar\u00e9, 75016 Paris<br \/>\n&nbsp;<br \/>\n<strong>Exposition \u201cLa grande cr\u00e8che proven\u00e7ale\u201d<\/strong><br \/>\n<strong>jusqu&rsquo; au 10 janvier 2016<\/strong><br \/>\n<a href=\"http:\/\/www.paris.catholique.fr\/-saint-georges-de-la-villette-.html\">Saint-Georges de la Villette<\/a><br \/>\n114 avenue Simon-Bolivar, 75019 Paris<br \/>\n<!--more--><br \/>\n<strong>\u00a0<\/strong><br \/>\n<strong><a href=\"http:\/\/www.paris.catholique.fr\/visite-des-creches-animees-37819.html\">Visite des cr\u00e8ches anim\u00e9es<\/a><\/strong><br \/>\n&nbsp;<br \/>\n<strong>23 d\u00e9cembre \u00e0 16h30<\/strong><br \/>\n<a href=\"http:\/\/www.paris.catholique.fr\/-Saint-Jean-Baptiste-de-Belleville-.html\">Saint-Jean-Baptiste de Belleville<\/a><br \/>\n<a href=\"http:\/\/www.paris.catholique.fr\/visite-des-creches-animees-37819.html\">Visite des cr\u00e8ches de No\u00ebl et d\u2019une repr\u00e9sentation d\u2019une sc\u00e8ne en volume d\u2019un passage de la bible. de 16h30 \u00e0 18h30.<\/a><br \/>\n38 rue Cronstadt, 75015 Paris<br \/>\n&nbsp;<br \/>\n<strong><a href=\"http:\/\/www.paris.catholique.fr\/creche-vivante-13520.html\">Cr\u00e8che vivante<\/a><\/strong><br \/>\n&nbsp;<br \/>\n<strong>24 d\u00e9cembre \u00e0 18h<\/strong><br \/>\n<a href=\"http:\/\/www.paris.catholique.fr\/-saint-severin-saint-nicolas-.html\">Saint-S\u00e9verin &#8211; Saint-Nicolas<\/a><br \/>\n<a href=\"http:\/\/www.paris.catholique.fr\/creche-vivante-13520.html\">Lors de la Messe de No\u00ebl de 18h les enfants sont invit\u00e9s \u00e0 participer \u00e0 la cr\u00e8che vivante.<\/a><br \/>\n141 rue Mouffetard, 75005 Paris<br \/>\n&nbsp;<br \/>\n<strong><a href=\"http:\/\/www.paris.catholique.fr\/creche-vivante-34492.html\">Cr\u00e8che vivante<\/a><\/strong><br \/>\n&nbsp;<br \/>\n<strong>24 d\u00e9cembre \u00e0 18h30<\/strong><br \/>\n<a href=\"http:\/\/www.paris.catholique.fr\/-notre-dame-de-la-salette-.html\">Notre-Dame de La Salette<\/a><br \/>\n<a href=\"http:\/\/www.paris.catholique.fr\/creche-vivante-34492.html\">Messe de la Nativit\u00e9 avec cr\u00e8che vivante.<\/a><br \/>\n38 rue Cronstadt, 75015 Paris<br \/>\n&nbsp;<br \/>\n<strong><a href=\"http:\/\/www.paris.catholique.fr\/creche-vivante-16568.html\">Cr\u00e8che vivante<\/a><\/strong><br \/>\n&nbsp;<br \/>\n<strong>24 d\u00e9cembre \u00e0 18h30<\/strong><br \/>\n<a href=\"http:\/\/www.paris.catholique.fr\/-saint-medard-.html\">Saint-M\u00e9dard<\/a><br \/>\n<a href=\"http:\/\/www.paris.catholique.fr\/creche-vivante-16568.html\">Pour la messe de No\u00ebl des familles, le 24 d\u00e9cembre \u00e0 18h30.<\/a><br \/>\n141 rue Mouffetard, 75005 Paris<br \/>\n&nbsp;<br \/>\n<strong><a href=\"http:\/\/www.paris.catholique.fr\/creche-vivante-34621.html\">Cr\u00e8che vivante<\/a><\/strong><br \/>\n&nbsp;<br \/>\n<strong>24 d\u00e9cembre \u00e0 19h<\/strong><br \/>\n<a href=\"http:\/\/www.paris.catholique.fr\/-saint-pierre-du-gros-caillou-1120-.html\">Saint-Pierre du Gros Caillou<\/a><br \/>\n<a href=\"http:\/\/www.paris.catholique.fr\/creche-vivante-34621.html\">Une cr\u00e8che vivante pour les enfants le mercredi 24 d\u00e9cembre \u00e0 19h pendant la messe des familles.<\/a><br \/>\n92 rue Saint-Dominique, 75007 Paris<br \/>\n&nbsp;<br \/>\n<strong><a href=\"http:\/\/www.paris.catholique.fr\/Concours-de-creche,20981.html\">Cr\u00e8che vivante<\/a><\/strong><br \/>\n&nbsp;<br \/>\n<strong>24 d\u00e9cembre \u00e0 19h30<\/strong><br \/>\n<a href=\"http:\/\/www.paris.catholique.fr\/-notre-dame-de-nazareth-239-.html\">Notre-Dame de nazarth de Nazareth<\/a><br \/>\n<a href=\"http:\/\/www.paris.catholique.fr\/Concours-de-creche,20981.html\">Messe pour les enfants et leurs parents. Rassemblement des enfants \u00e0 19h30, salle Emile Hello. Les enfants qui le peuvent viennent habill\u00e9s en bergers ou en anges.<\/a><br \/>\n351 rue Lecourbe, 75015 Paris<br \/>\n&nbsp;<br \/>\n<strong><a href=\"http:\/\/www.paris.catholique.fr\/creche-vivante-38313.html\">Cr\u00e8che vivante<\/a><\/strong><br \/>\n&nbsp;<br \/>\n<strong>24 d\u00e9cembre \u00e0 20h<\/strong><br \/>\n<a href=\"http:\/\/www.paris.catholique.fr\/-Saint-Honore-d-Eylau-.html\">Saint-Honor\u00e9 d\u2019Eylau<\/a><br \/>\n<a href=\"http:\/\/www.paris.catholique.fr\/creche-vivante-38313.html\">Au cours de la messe des enfants et de leur famille. R\u00e9p\u00e9tition de la cr\u00e8che vivante le mercredi 23 d\u00e9cembre \u00e0 18h dans l\u2019\u00e9glise.<\/a><br \/>\n&nbsp;<br \/>\n66 bis avenue Raymond Poincar\u00e9, 75016 Paris<br \/>\n&nbsp;<br \/>\n<a href=\"http:\/\/www.paris.catholique.fr\/\">http:\/\/www.paris.catholique.fr\/<\/a><a href=\"http:\/\/www.letourismeaparis.fr\/wp-content\/uploads\/2015\/12\/cre\u0300che-anime\u0301e.jpg\"><br \/>\n<\/a><\/p>\n","protected":false},"excerpt":{"rendered":"<p>Cr\u00e8che de l\u2019Ordre de Malte jusqu&rsquo;au \u00a0au 3 janvier 2016 Sur le March\u00e9 de No\u00ebl des Champs-\u00c9lys\u00e9es, avec le soutien de la paroisse de Saint-Pierre de Chaillot. Cr\u00e8che de No\u00ebl \u00e0 Notre-Dame de Paris jusqu&rsquo; au 2 f\u00e9vrier 2016 Notre-Dame&#8230;<\/p>\n","protected":false},"author":2,"featured_media":0,"comment_status":"open","ping_status":"open","sticky":false,"template":"","format":"standard","meta":{"ngg_post_thumbnail":0,"jetpack_post_was_ever_published":false,"_jetpack_newsletter_access":"","footnotes":""},"categories":[1],"tags":[],"class_list":["post-17675","post","type-post","status-publish","format-standard","hentry","category-non-classe"],"jetpack_featured_media_url":"","jetpack-related-posts":[{"id":12404,"url":"http:\/\/www.letourismeaparis.fr\/index.php\/2012\/12\/24\/quelques-creches-a-paris-2\/","url_meta":{"origin":17675,"position":0},"title":"Quelques cr\u00e8ches \u00e0 Paris","author":"Fabienne TM","date":"24 d\u00e9cembre 2012","format":false,"excerpt":"Quelques cr\u00e8ches de No\u00ebl \u00e0 Paris CR\u00c8CHE DE NOTRE DAME DE PARIS, Parvis de la Cath\u00e9drale, Paris 4e heures d\u2019ouverture de la cath\u00e9drale, de 7h45 \u00e0 18h45, et pendant toutes les c\u00e9l\u00e9brations liturgiques. Des nocturnes de la cr\u00e8che sont organis\u00e9es tous les samedis et dimanches jusqu\u2019\u00e0 20h45. CR\u00c8CHE DE LA\u2026","rel":"","context":"Dans &quot;Non class\u00e9&quot;","block_context":{"text":"Non class\u00e9","link":"http:\/\/www.letourismeaparis.fr\/index.php\/category\/non-classe\/"},"img":{"alt_text":"","src":"","width":0,"height":0},"classes":[]},{"id":12312,"url":"http:\/\/www.letourismeaparis.fr\/index.php\/2012\/12\/21\/quelques-creches-a-paris\/","url_meta":{"origin":17675,"position":1},"title":"Quelques cr\u00e8ches \u00e0 Paris","author":"Fabienne TM","date":"21 d\u00e9cembre 2012","format":false,"excerpt":"CR\u00c8CHE DE NOTRE DAME DE PARIS, Parvis de la Cath\u00e9drale, Paris 4e Cette cr\u00e8che vibrante, lumineuse, scintillante est ouverte au public d\u00e8s le 1er dimanche de l\u2019Avent, le 2 d\u00e9cembre 2012, jusqu\u2019\u00e0 la f\u00eate de la pr\u00e9sentation de J\u00e9sus au Temple, aux heures d\u2019ouverture de la cath\u00e9drale, de 7h45 \u00e0\u2026","rel":"","context":"Dans &quot;Non class\u00e9&quot;","block_context":{"text":"Non class\u00e9","link":"http:\/\/www.letourismeaparis.fr\/index.php\/category\/non-classe\/"},"img":{"alt_text":"","src":"","width":0,"height":0},"classes":[]},{"id":14353,"url":"http:\/\/www.letourismeaparis.fr\/index.php\/2013\/12\/23\/quelques-creches-de-noel-paris\/","url_meta":{"origin":17675,"position":2},"title":"QUELQUES CR\u00c8CHES DE NO\u00cbL A PARIS","author":"Fabienne TM","date":"23 d\u00e9cembre 2013","format":false,"excerpt":"Une cr\u00e8che tch\u00e8que sculpt\u00e9e en bois de noyer par l'artiste Ji\u0159\u00ed Net\u00edk Du 30 novembre 2013 au 2 f\u00e9vrier 2014 Cath\u00e9drale Notre-Dame de Paris Parvis Notre-Dame, Paris 4e - M\u00e9tro Cit\u00e9 \/ Saint-Michel \u00a0Cr\u00e8che compos\u00e9e de santons de 50 cm de la Maison Fouque Du 18 d\u00e9cembre 2013 au 26\u2026","rel":"","context":"Dans &quot;Non class\u00e9&quot;","block_context":{"text":"Non class\u00e9","link":"http:\/\/www.letourismeaparis.fr\/index.php\/category\/non-classe\/"},"img":{"alt_text":"","src":"","width":0,"height":0},"classes":[]},{"id":19310,"url":"http:\/\/www.letourismeaparis.fr\/index.php\/2016\/12\/21\/quelques-creches-a-paris-3\/","url_meta":{"origin":17675,"position":3},"title":"Quelques cr\u00e8ches \u00e0 Paris&#8230;..","author":"Fabienne TM","date":"21 d\u00e9cembre 2016","format":false,"excerpt":"\u00a0 Cath\u00e9drale Notre-Dame de Paris et son tr\u00e9sor - 6 place du Parvis Notre-Dame, Paris 75004 \u00c9glise de la Madeleine - Place de la Madeleine, Paris 75008 Notre Dame de Bonne nouvelle Paris 75002\u00a0M\u00e9tro Bonne Nouvelle \u00c9GLISE SAINT JOSEPH ARTISAN, Paris 10e \u00c9GLISE NOTRE-DAME DE NAZARETH, Paris 15e BASILIQUE DU\u2026","rel":"","context":"Dans &quot;Familles&quot;","block_context":{"text":"Familles","link":"http:\/\/www.letourismeaparis.fr\/index.php\/category\/familles\/"},"img":{"alt_text":"","src":"","width":0,"height":0},"classes":[]},{"id":1018,"url":"http:\/\/www.letourismeaparis.fr\/index.php\/2008\/12\/22\/de-jolies-creches-a-paris\/","url_meta":{"origin":17675,"position":4},"title":"De jolies cr\u00eaches \u00e0 Paris &#8230;","author":"Fabienne TM","date":"22 d\u00e9cembre 2008","format":false,"excerpt":"Notre Dame de Bonne Nouvelle \u00a0 \u00a0 \u00a0 \u00a0 \u00a0 \u00a0 \u00a0 \u00a0 \u00a0 \u00a0 \u00a0 \u00a0\u00a0 Paris 75002 Th\u00e8me : Emerveillement des Enfants Notre-Dame de Paris\u00a0\u00a0\u00a0\u00a0\u00a0\u00a0\u00a0\u00a0\u00a0\u00a0\u00a0\u00a0\u00a0\u00a0\u00a0\u00a0\u00a0\u00a0\u00a0\u00a0\u00a0\u00a0\u00a0\u00a0\u00a0\u00a0\u00a0\u00a0\u00a0\u00a0\u00a0\u00a0\u00a0\u00a0\u00a0\u00a0\u00a0\u00a0\u00a0\u00a0\u00a0\u00a0\u00a0\u00a0\u00a0\u00a0\u00a0\u00a0\u00a0 Paris 75004 Une cr\u00e8che pour la paix Eglise de la Madeleine\u00a0\u00a0\u00a0\u00a0\u00a0\u00a0\u00a0\u00a0\u00a0\u00a0\u00a0\u00a0\u00a0\u00a0\u00a0\u00a0\u00a0\u00a0\u00a0\u00a0\u00a0\u00a0\u00a0\u00a0\u00a0\u00a0\u00a0\u00a0\u00a0\u00a0\u00a0\u00a0\u00a0\u00a0\u00a0\u00a0\u00a0\u00a0\u00a0\u00a0\u00a0\u00a0\u00a0\u00a0\u00a0\u00a0 Paris 75008 Cr\u00e8ches de diff\u00e9rents pays Grande cr\u00e8che portugaise. Fondation d'Auteuil\u00a0\u00a0\u00a0\u00a0\u00a0\u00a0\u00a0\u00a0\u00a0\u00a0\u00a0\u00a0\u00a0\u00a0\u00a0\u00a0\u00a0\u00a0\u00a0\u00a0\u00a0\u00a0\u00a0\u00a0\u00a0\u00a0\u00a0\u00a0\u00a0\u00a0\u00a0\u00a0\u00a0\u00a0\u00a0\u00a0\u00a0\u00a0\u00a0\u00a0\u00a0\u00a0\u00a0\u00a0\u00a0\u00a0\u00a0\u00a0\u00a0\u00a0\u00a0\u00a0 Paris\u2026","rel":"","context":"Dans &quot;Non class\u00e9&quot;","block_context":{"text":"Non class\u00e9","link":"http:\/\/www.letourismeaparis.fr\/index.php\/category\/non-classe\/"},"img":{"alt_text":"","src":"","width":0,"height":0},"classes":[]},{"id":9252,"url":"http:\/\/www.letourismeaparis.fr\/index.php\/2010\/12\/22\/quelques-creches-de-paris\/","url_meta":{"origin":17675,"position":5},"title":"Quelques cr\u00e8ches de Paris","author":"Fabienne TM","date":"22 d\u00e9cembre 2010","format":false,"excerpt":"Cath\u00e9drale Notre Dame - Paris 4e Place du parvis de Notre-Dame RER Saint-Michel - Notre-Dame Du 27 novembre 2010 au 2 f\u00e9vrier 2011 nocturnes organis\u00e9es les samedi et dimanche jusqu'au 30 janvier 2011\u00a0 et les\u00a0 23, 29, 30 et 31 d\u00e9cembre. Projection dans la nef de la cath\u00e9drale sur un\u2026","rel":"","context":"Dans &quot;Non class\u00e9&quot;","block_context":{"text":"Non class\u00e9","link":"http:\/\/www.letourismeaparis.fr\/index.php\/category\/non-classe\/"},"img":{"alt_text":"","src":"","width":0,"height":0},"classes":[]}],"jetpack_sharing_enabled":true,"jetpack_likes_enabled":true,"_links":{"self":[{"href":"http:\/\/www.letourismeaparis.fr\/index.php\/wp-json\/wp\/v2\/posts\/17675","targetHints":{"allow":["GET"]}}],"collection":[{"href":"http:\/\/www.letourismeaparis.fr\/index.php\/wp-json\/wp\/v2\/posts"}],"about":[{"href":"http:\/\/www.letourismeaparis.fr\/index.php\/wp-json\/wp\/v2\/types\/post"}],"author":[{"embeddable":true,"href":"http:\/\/www.letourismeaparis.fr\/index.php\/wp-json\/wp\/v2\/users\/2"}],"replies":[{"embeddable":true,"href":"http:\/\/www.letourismeaparis.fr\/index.php\/wp-json\/wp\/v2\/comments?post=17675"}],"version-history":[{"count":0,"href":"http:\/\/www.letourismeaparis.fr\/index.php\/wp-json\/wp\/v2\/posts\/17675\/revisions"}],"wp:attachment":[{"href":"http:\/\/www.letourismeaparis.fr\/index.php\/wp-json\/wp\/v2\/media?parent=17675"}],"wp:term":[{"taxonomy":"category","embeddable":true,"href":"http:\/\/www.letourismeaparis.fr\/index.php\/wp-json\/wp\/v2\/categories?post=17675"},{"taxonomy":"post_tag","embeddable":true,"href":"http:\/\/www.letourismeaparis.fr\/index.php\/wp-json\/wp\/v2\/tags?post=17675"}],"curies":[{"name":"wp","href":"https:\/\/api.w.org\/{rel}","templated":true}]}}