{"id":17779,"date":"2016-02-05T16:39:48","date_gmt":"2016-02-05T15:39:48","guid":{"rendered":"http:\/\/www.letourismeaparis.fr\/?p=17779"},"modified":"2016-02-05T16:39:48","modified_gmt":"2016-02-05T15:39:48","slug":"la-fete-du-graphisme-du-15-janvier-au-7-fevrier","status":"publish","type":"post","link":"http:\/\/www.letourismeaparis.fr\/index.php\/2016\/02\/05\/la-fete-du-graphisme-du-15-janvier-au-7-fevrier\/","title":{"rendered":"LA F\u00caTE DU GRAPHISME  jusqu&#039;au 7 f\u00e9vrier"},"content":{"rendered":"<p>la F\u00eate du graphisme 2016 se d\u00e9roulera \u00e0 nouveau cette ann\u00e9e en janvier et f\u00e9vrier, dans de grands lieux culturels parisiens et dans toute la ville.<br \/>\nDes Instituts culturels \u00e9trangers (Institut Su\u00e9dois, centre culturel suisse, institut polonais,..) ont souhait\u00e9 s\u2019associer et participer \u00e0 la F\u00eate du graphisme.<br \/>\nCELEBRER LA VILLE<a href=\"http:\/\/www.letourismeaparis.fr\/wp-content\/uploads\/2016\/01\/fete-du-graphisme.jpg\"><img loading=\"lazy\" decoding=\"async\" class=\"aligncenter size-medium wp-image-17780\" src=\"http:\/\/www.letourismeaparis.fr\/wp-content\/uploads\/2016\/01\/fete-du-graphisme-212x300.jpg\" alt=\"fete du graphisme\" width=\"212\" height=\"300\" \/><\/a><br \/>\nCOMMANDE ARTISTIQUE DE LA MAIRIE DE PARIS<br \/>\ndu 6 janvier au 16 f\u00e9vrier 2016<br \/>\nParis<br \/>\ndu 20 janvier au 2 f\u00e9vrier 2016<br \/>\nChamps-Elys\u00e9es<!--more--><br \/>\n&nbsp;<br \/>\nUTOPIES ET REALITES #2.<br \/>\nLES INTREPIDES<br \/>\ndu 15 janvier au 7 f\u00e9vrier 2016<br \/>\n&nbsp;<br \/>\nGRAPHISME DES ANTIPODES<br \/>\ndu 15 janvier au 7 f\u00e9vrier 2016<!--more--><br \/>\n&nbsp;<br \/>\nGRAPHISME, ROCK ET CINEMA<br \/>\ndu 15 janvier au 7 f\u00e9vrier 2016<br \/>\n&nbsp;<br \/>\nFONDATION ALLIANCE FRAN\u00c7AISE<br \/>\ndu 15 janvier au 7 f\u00e9vrier 2016<br \/>\nCit\u00e9 internationale des arts<!--more--><br \/>\n&nbsp;<br \/>\nLES CONFERENCES<br \/>\nRENCONTRES, DEBATS, TABLES RONDES<br \/>\nCit\u00e9 internationale des arts, auditorium<br \/>\n<!--more--><br \/>\nDes projections :<br \/>\n&nbsp;<br \/>\nROCK ET CINEMA<br \/>\nPROJECTIONS DE FILMS<br \/>\nLe 21 janvier 2016<br \/>\nReflet M\u00e9dicis<br \/>\n&nbsp;<br \/>\n&nbsp;<br \/>\nLA NUIT DU GENERIQUE<br \/>\nPROJECTIONS ET TABLE RONDE<br \/>\nLe 28 janvier 2016<br \/>\nMajestic Bastille<br \/>\n&nbsp;<br \/>\n&nbsp;<br \/>\nWORKSHOPS<br \/>\nLES WORKSHOPS DES ECOLES D\u2019ART GRAPHIQUE<br \/>\n\u00ab LA VILLE SOCIALE ET SOLIDAIRE \u00bb<br \/>\n&nbsp;<br \/>\n&nbsp;<br \/>\n&nbsp;<br \/>\nTYPO EN MOUVEMENT<br \/>\ndu 20 novembre au 5 mars 2016<br \/>\nLe Lieu du design<br \/>\n&nbsp;<br \/>\n&nbsp;<br \/>\nJAZZ ET GRAPHISME<br \/>\ndu 6 janvier au 25 mars 2016<br \/>\nM\u00e9diath\u00e8que Musicale de Paris<br \/>\n&nbsp;<br \/>\nVIVI.SECTION TYPO.GRAPHIQUE<br \/>\ndu 26 janvier au 10 avril 2016<br \/>\nInstitut su\u00e9dois<br \/>\n&nbsp;<br \/>\n&nbsp;<br \/>\n&nbsp;<br \/>\nELEKTROSMOG &amp; MAXIMAGE<br \/>\nCONFERENCES<br \/>\nCentre culturel suisse<br \/>\n&nbsp;<br \/>\nEGALITE, MON \u0152IL !<br \/>\ndu 8 f\u00e9vrier au 8 mars 2016<br \/>\nEspace Niemeyer<br \/>\n&nbsp;<br \/>\n&nbsp;<br \/>\nINTERNATIONALES GRAPHIQUES<br \/>\ndu 17 f\u00e9vrier au 29 mai 2016<br \/>\nH\u00f4tel National des Invalides<br \/>\n&nbsp;<br \/>\n&nbsp;<br \/>\nAIR POSTER 4<br \/>\ndu 4 au 7 f\u00e9vrier 2016<br \/>\nGalerie Swissmiss<br \/>\n&nbsp;<br \/>\n&nbsp;<br \/>\nLES TROIS OURSES<br \/>\nFETENT LE GRAPHISME<br \/>\nLa petite \u00e9cole des Trois Ourses<br \/>\n&nbsp;<br \/>\n&nbsp;<br \/>\n<a href=\"http:\/\/www.fetedugraphisme.org\/presentation\/\">http:\/\/www.fetedugraphisme.org\/presentation\/<\/a><br \/>\n&nbsp;<br \/>\n&nbsp;<br \/>\n&nbsp;<br \/>\n&nbsp;<br \/>\n&nbsp;<\/p>\n","protected":false},"excerpt":{"rendered":"<p>la F\u00eate du graphisme 2016 se d\u00e9roulera \u00e0 nouveau cette ann\u00e9e en janvier et f\u00e9vrier, dans de grands lieux culturels parisiens et dans toute la ville. Des Instituts culturels \u00e9trangers (Institut Su\u00e9dois, centre culturel suisse, institut polonais,..) ont souhait\u00e9 s\u2019associer&#8230;<\/p>\n","protected":false},"author":2,"featured_media":0,"comment_status":"open","ping_status":"open","sticky":false,"template":"","format":"standard","meta":{"ngg_post_thumbnail":0,"jetpack_post_was_ever_published":false,"_jetpack_newsletter_access":"","footnotes":""},"categories":[9],"tags":[],"class_list":["post-17779","post","type-post","status-publish","format-standard","hentry","category-beaux-arts"],"jetpack_featured_media_url":"","jetpack-related-posts":[{"id":14514,"url":"http:\/\/www.letourismeaparis.fr\/index.php\/2014\/02\/06\/le-nouvel-chinois-et-la-fete-du-tet\/","url_meta":{"origin":17779,"position":0},"title":"Grand d\u00e9fil\u00e9 du Nouvel An Chinois, dimanche 9 f\u00e9vrier \u00e0 partir de 13h dans le 13 \u00e8me","author":"Fabienne TM","date":"6 f\u00e9vrier 2014","format":false,"excerpt":"Le Nouvel An Chinois, \u00e9galement connu sous l'appellation \"Nouvel an asiatique\" ou comme\u00a0la F\u00eate du T\u00eat par les communaut\u00e9s vietnamiennes, est tomb\u00e9 le 31 janvier 2014. Le Serpent, animal du zodiaque chinois, \u00a0a laiss\u00e9 la place au Cheval de Bois. Le d\u00e9fil\u00e9 aura lieu le dimanche 9 f\u00e9vrier.\u00a0Il partira vers\u2026","rel":"","context":"Dans &quot;Familles&quot;","block_context":{"text":"Familles","link":"http:\/\/www.letourismeaparis.fr\/index.php\/category\/familles\/"},"img":{"alt_text":"","src":"","width":0,"height":0},"classes":[]},{"id":17209,"url":"http:\/\/www.letourismeaparis.fr\/index.php\/2015\/10\/13\/patrimoines-et-territoire-agir-pour-le-climat-au-xxie-siecle-des-conferences-a-la-cite-de-larchitecture\/","url_meta":{"origin":17779,"position":1},"title":"Patrimoines et territoire. Agir pour le climat au XXIe si\u00e8cle :  des conf\u00e9rences \u00e0 la cit\u00e9 de l&#039;architecture","author":"Fabienne TM","date":"13 octobre 2015","format":false,"excerpt":"Depuis 40 ans les ph\u00e9nom\u00e8nes climatiques plan\u00e9taires se sont aggrav\u00e9s et la relation entre d\u00e9veloppement, \u00e9puisement des ressources, d\u00e9r\u00e9gulation environnementale et r\u00e9chauffement climatique, est d\u00e9sormais \u00e9tablie. T\u00e9moins de leur rapport aux lieux, aux ressources et au climat dans l\u2018histoire, int\u00e9gr\u00e9es aux paysages et aux territoires, l\u2019architecture et les centres anciens\u2026","rel":"","context":"Dans &quot;Conf\u00e9rences&quot;","block_context":{"text":"Conf\u00e9rences","link":"http:\/\/www.letourismeaparis.fr\/index.php\/category\/spectacle\/conferences\/"},"img":{"alt_text":"","src":"","width":0,"height":0},"classes":[]},{"id":19369,"url":"http:\/\/www.letourismeaparis.fr\/index.php\/2017\/01\/27\/le-nouvel-an-chinois-a-paris-dans-le-3-eme\/","url_meta":{"origin":17779,"position":2},"title":"Le nouvel an chinois \u00e0 Paris dans le 3 \u00e8me","author":"Fabienne TM","date":"27 janvier 2017","format":false,"excerpt":"La Mairie du 3e arrondissement de Paris organise en cette ann\u00e9e 2017 des festivit\u00e9s pour c\u00e9l\u00e9brer la nouvelle ann\u00e9e chinoise du Coq de Feu. La parade tant attendue se d\u00e9roulera donc dans les rues de la capitale le samedi 28 janvier. Dragons, lions, danseurs, chars et costumes seront de la\u2026","rel":"","context":"Dans &quot;Cultures du Monde&quot;","block_context":{"text":"Cultures du Monde","link":"http:\/\/www.letourismeaparis.fr\/index.php\/category\/culture\/musees-expositions\/cultures-du-monde\/"},"img":{"alt_text":"","src":"","width":0,"height":0},"classes":[]},{"id":17784,"url":"http:\/\/www.letourismeaparis.fr\/index.php\/2016\/01\/07\/le-museee-dapper-propose-des-animations-pour-le-jeune-public\/","url_meta":{"origin":17779,"position":3},"title":"Le mus\u00e9ee Dapper propose des animations pour le jeune public","author":"Fabienne TM","date":"7 janvier 2016","format":false,"excerpt":"Pokou, princesse ashanti \u00a0De Kan Souffle \u00a0\u00a0Dimanches 10, 17, 24 janvier \u00e0 15 h Le premier film d'animation ivoirien projet\u00e9 \u00e0 Paris !Un film instructif, moderne et dr\u00f4le \u00e0 la fois.\u00a0L'Histoire de l'Afrique est marqu\u00e9e par les \u00e9pop\u00e9es de plusieurs reines au destin fabuleux. Des femmes d'influence qui ont transform\u00e9\u2026","rel":"","context":"Dans &quot;Familles&quot;","block_context":{"text":"Familles","link":"http:\/\/www.letourismeaparis.fr\/index.php\/category\/familles\/"},"img":{"alt_text":"","src":"","width":0,"height":0},"classes":[]},{"id":17838,"url":"http:\/\/www.letourismeaparis.fr\/index.php\/2016\/01\/18\/des-concerts-gratuits-a-la-mairie-du-8eme\/","url_meta":{"origin":17779,"position":4},"title":"Des concerts gratuits \u00e0 la mairie du 8\u00e8me","author":"Fabienne TM","date":"18 janvier 2016","format":false,"excerpt":"\u25ba\u00a021 janvier 2016 \u00e0 13 h: Concert de musique de chambre des \u00e9tudiants de l'\u00a0\u00c9cole normale de Musique de Paris\u00a0. \u0152uvres de Louise Farrenc, Darius Milhaud, Alban berg et Carl Reinecke. \u25ba\u00a028 janvier 2016 :\u00a0\u00e0 13 h Les \u00e9tudiants au\u00a0CRR de Paris\u00a0, de la classe de musique de chambre de\u2026","rel":"","context":"Dans &quot;Musique&quot;","block_context":{"text":"Musique","link":"http:\/\/www.letourismeaparis.fr\/index.php\/category\/culture\/concerts-musique\/musique\/"},"img":{"alt_text":"","src":"","width":0,"height":0},"classes":[]},{"id":20706,"url":"http:\/\/www.letourismeaparis.fr\/index.php\/2018\/01\/15\/les-expositions-en-2018-1\/","url_meta":{"origin":17779,"position":5},"title":"LES EXPOSITIONS EN 2018 (1)","author":"Fabienne TM","date":"15 janvier 2018","format":false,"excerpt":"Jean\u00a0 Fautrier\u00a0 au mus\u00e9e d'art moderne\u00a0 26\u00a0 janvier\/20 mai Peintures occidentales au quai Branly\u00a0 30 janvier\/28 octobre Susan Meiselas et Raoul Hausmann au Jeu de Paume 6 f\u00e9vrier\/20 mai \u00a0Peintres n\u00e9erlandais au petit Palais\u00a0 du 6 f\u00e9vrier au 13 mai Sheila Hicks au Centre Pompidou du 7 f\u00e9vrier au 30\u2026","rel":"","context":"Dans &quot;Mus\u00e9es \/ Expositions&quot;","block_context":{"text":"Mus\u00e9es \/ Expositions","link":"http:\/\/www.letourismeaparis.fr\/index.php\/category\/culture\/musees-expositions\/"},"img":{"alt_text":"","src":"","width":0,"height":0},"classes":[]}],"jetpack_sharing_enabled":true,"jetpack_likes_enabled":true,"_links":{"self":[{"href":"http:\/\/www.letourismeaparis.fr\/index.php\/wp-json\/wp\/v2\/posts\/17779","targetHints":{"allow":["GET"]}}],"collection":[{"href":"http:\/\/www.letourismeaparis.fr\/index.php\/wp-json\/wp\/v2\/posts"}],"about":[{"href":"http:\/\/www.letourismeaparis.fr\/index.php\/wp-json\/wp\/v2\/types\/post"}],"author":[{"embeddable":true,"href":"http:\/\/www.letourismeaparis.fr\/index.php\/wp-json\/wp\/v2\/users\/2"}],"replies":[{"embeddable":true,"href":"http:\/\/www.letourismeaparis.fr\/index.php\/wp-json\/wp\/v2\/comments?post=17779"}],"version-history":[{"count":0,"href":"http:\/\/www.letourismeaparis.fr\/index.php\/wp-json\/wp\/v2\/posts\/17779\/revisions"}],"wp:attachment":[{"href":"http:\/\/www.letourismeaparis.fr\/index.php\/wp-json\/wp\/v2\/media?parent=17779"}],"wp:term":[{"taxonomy":"category","embeddable":true,"href":"http:\/\/www.letourismeaparis.fr\/index.php\/wp-json\/wp\/v2\/categories?post=17779"},{"taxonomy":"post_tag","embeddable":true,"href":"http:\/\/www.letourismeaparis.fr\/index.php\/wp-json\/wp\/v2\/tags?post=17779"}],"curies":[{"name":"wp","href":"https:\/\/api.w.org\/{rel}","templated":true}]}}