{"id":17799,"date":"2016-02-05T16:27:07","date_gmt":"2016-02-05T15:27:07","guid":{"rendered":"http:\/\/www.letourismeaparis.fr\/?p=17799"},"modified":"2016-02-05T16:27:07","modified_gmt":"2016-02-05T15:27:07","slug":"des-concerts-a-la-mairie-du-7eme-entree-libre","status":"publish","type":"post","link":"http:\/\/www.letourismeaparis.fr\/index.php\/2016\/02\/05\/des-concerts-a-la-mairie-du-7eme-entree-libre\/","title":{"rendered":"Des concerts \u00e0 la mairie du 7\u00e8me (entr\u00e9e libre)"},"content":{"rendered":"<p>&nbsp;<br \/>\n<strong>Jeudi 4 f\u00e9vrier \u00e0 19h<\/strong><br \/>\nMusique baroque<br \/>\nConcert de grands \u00e9l\u00e8ves du conservatoire Erik Satie, de clavecin, viole de gambe, fl\u00fbte \u00e0 bec et chant. Musiques fran\u00e7aises et du monde.<br \/>\n<strong>Organis\u00e9 par le conservatoire du 7e arrondissement<\/strong><br \/>\n<em>Salle des mariages<\/em><br \/>\n<strong>Mardi 9 f\u00e9vrier \u00e0 18h30 \u00e0 21h<\/strong><br \/>\nConcert caritatif au profit de Friends International<br \/>\nConcert donn\u00e9 par l\u2019Orchestre Vocal en soutien \u00e0 Friends-International qui agit dans le monde en faveur de l\u2019enfance dans la rue\u00a0: Beattles, Brassens, Nougaro, Bobby Lapointe, Stromae\u2026, pr\u00e9c\u00e9d\u00e9 d\u2019une exposition\/vente d\u2019objets solidaires et d\u2019une pr\u00e9sentation des actions men\u00e9es par Friends.<br \/>\n<em>Salons de la Mairie<\/em><br \/>\n<strong>Mardi 16 f\u00e9vrier \u00e0 19h<\/strong><br \/>\n\u0152uvres classiques inspir\u00e9es de musiques populaires<br \/>\nPar H\u00e9l\u00e8ne Rusquet &#8211; Piano &amp; Lioudmila Kohneh &#8211; Violoncelle. Voyage sonore autours du monde. 7 pi\u00e8ces altern\u00e9es d\u2019une une br\u00e8ve explication sur la relation de chaque compositeur \u00e0 la musique populaire de son pays.<br \/>\n<strong>Organis\u00e9 par l\u2019association Entr\u2019acte.<\/strong><br \/>\n<em>Salle des mariages<\/em><\/p>\n","protected":false},"excerpt":{"rendered":"<p>&nbsp; Jeudi 4 f\u00e9vrier \u00e0 19h Musique baroque Concert de grands \u00e9l\u00e8ves du conservatoire Erik Satie, de clavecin, viole de gambe, fl\u00fbte \u00e0 bec et chant. Musiques fran\u00e7aises et du monde. Organis\u00e9 par le conservatoire du 7e arrondissement Salle des&#8230;<\/p>\n","protected":false},"author":2,"featured_media":0,"comment_status":"open","ping_status":"open","sticky":false,"template":"","format":"standard","meta":{"ngg_post_thumbnail":0,"jetpack_post_was_ever_published":false,"_jetpack_newsletter_access":"","footnotes":""},"categories":[39],"tags":[],"class_list":["post-17799","post","type-post","status-publish","format-standard","hentry","category-musique"],"jetpack_featured_media_url":"","jetpack-related-posts":[{"id":12847,"url":"http:\/\/www.letourismeaparis.fr\/index.php\/2013\/02\/23\/concerts-gratuits-de-musique-concerts-dhiver-du-vendredi-15-fevrier-2013-au-dimanche-24-fevrier-2013-a-16h-et-20h-selon-les-jours\/","url_meta":{"origin":17799,"position":0},"title":"Concerts gratuits de musique &quot;Concerts d\u2019hiver&quot;   jusqu&#039;au dimanche 24 f\u00e9vrier 2013 \u00e0 16h et 20h (selon les jours)","author":"Fabienne TM","date":"23 f\u00e9vrier 2013","format":false,"excerpt":"La Mairie du 19e, en partenariat avec le Conservatoire Municipal et la Fabrique \u00e0 Enchantements, vous invite aux Concerts d'hiver du 15 au 24 f\u00e9vrier 2013. - Samedi 23 f\u00e9vrier . 20h : La Fl\u00fbte enchant\u00e9e, de W. A. Mozart Par l\u2019orchestre du Conservatoire du 17e arrondissement Claude Debussy, dirig\u00e9\u2026","rel":"","context":"Dans &quot;Non class\u00e9&quot;","block_context":{"text":"Non class\u00e9","link":"http:\/\/www.letourismeaparis.fr\/index.php\/category\/non-classe\/"},"img":{"alt_text":"","src":"","width":0,"height":0},"classes":[]},{"id":14384,"url":"http:\/\/www.letourismeaparis.fr\/index.php\/2014\/01\/14\/des-concerts-dhiver-gratuits-la-mairie-du-19-eme\/","url_meta":{"origin":17799,"position":1},"title":"Des concerts d&#039;hiver gratuits \u00e0 la mairie du 19 \u00e8me","author":"Fabienne TM","date":"14 janvier 2014","format":false,"excerpt":"\u00a0 Concerts d'hiver Du 7 au 16 f\u00e9vrier 2014, laissez vous emporter et d\u00e9couvrez ou red\u00e9couvrez le temps d'un concert toute la magie des grands compositeurs. Concerts gratuits \u00e0 la Mairie du 19e. Vendredi 7 f\u00e9vrier, 20h : Lietissimo ! Lieto, jeune ensemble compos\u00e9 d\u2019une dizaine d\u2019instrumentistes et d\u2019une chanteuse,\u2026","rel":"","context":"Dans &quot;Non class\u00e9&quot;","block_context":{"text":"Non class\u00e9","link":"http:\/\/www.letourismeaparis.fr\/index.php\/category\/non-classe\/"},"img":{"alt_text":"","src":"","width":0,"height":0},"classes":[]},{"id":6725,"url":"http:\/\/www.letourismeaparis.fr\/index.php\/2010\/02\/24\/concerts-dhiver-jusquau-28-fevrier-2010-a-la-mairie-du-19-eme-gratuits\/","url_meta":{"origin":17799,"position":2},"title":"Concerts d\u2019hiver jusqu&#039;au 28 f\u00e9vrier 2010 \u00e0 la mairie du 19 \u00e8me (gratuits)","author":"Fabienne TM","date":"24 f\u00e9vrier 2010","format":false,"excerpt":"Mercredi 24 f\u00e9vrier 2010 \u00e0 15h : D\u00e9gustation musicale : avez-vous d\u00e9j\u00e0 essay\u00e9 de vous mettre dans la musique ? C\u2019est \u00e0 un voyage insolite que vous convient Marco Avallone (t\u00e9nor), Michel Rabaud (piano) et leurs amis : \u00e9couter et discuter tr\u00e8s librement d\u2019\u0153uvres vari\u00e9es m\u00ealant les \u00e9poques et les\u2026","rel":"","context":"Dans &quot;Non class\u00e9&quot;","block_context":{"text":"Non class\u00e9","link":"http:\/\/www.letourismeaparis.fr\/index.php\/category\/non-classe\/"},"img":{"alt_text":"","src":"","width":0,"height":0},"classes":[]},{"id":16160,"url":"http:\/\/www.letourismeaparis.fr\/index.php\/2015\/01\/19\/concerts-dhiver-la-mairie-du-19-eme-du-6-au-14-fevrier\/","url_meta":{"origin":17799,"position":3},"title":"Concerts  d&#039;hiver \u00e0 la mairie du 19 \u00e8me du 6 au 14 f\u00e9vrier","author":"Fabienne TM","date":"19 janvier 2015","format":false,"excerpt":"\u00a0 Du 6 au 14 f\u00e9vrier, la Mairie du 19e vous invite aux \u201cConcerts d\u2019hiver\u201d, un festival de musique classique et d\u2019art lyrique, organis\u00e9 en partenariat avec \u00ab La Fabrique \u00e0 Enchantements \u00bb. Au programme : 14 spectacles musicaux gratuits sont donn\u00e9s dans la salle des f\u00eates de la Mairie\u2026","rel":"","context":"Dans &quot;Musique&quot;","block_context":{"text":"Musique","link":"http:\/\/www.letourismeaparis.fr\/index.php\/category\/culture\/concerts-musique\/musique\/"},"img":{"alt_text":"","src":"","width":0,"height":0},"classes":[]},{"id":12740,"url":"http:\/\/www.letourismeaparis.fr\/index.php\/2013\/02\/15\/concerts-des-jeunes-talents-a-lhotel-de-soubise-au-petit-palais-a-la-mairie-du-9-eme\/","url_meta":{"origin":17799,"position":4},"title":"Concerts des &quot;jeunes talents&quot; \u00e0 l&#039;H\u00f4tel de Soubise, au Petit Palais , \u00e0 la mairie du 9 \u00e8me","author":"Fabienne TM","date":"15 f\u00e9vrier 2013","format":false,"excerpt":"L'association Jeunes Talents a pour but d'aider de jeunes musiciens \u00e0 se produire en public. L'objectif est aussi de faire conna\u00eetre au public le plus large possible la musique classique et les talents de la nouvelle g\u00e9n\u00e9ration de musiciens Concerts aux Archives nationales - H\u00f4tel de Soubise 60, rue des\u2026","rel":"","context":"Dans &quot;Non class\u00e9&quot;","block_context":{"text":"Non class\u00e9","link":"http:\/\/www.letourismeaparis.fr\/index.php\/category\/non-classe\/"},"img":{"alt_text":"","src":"","width":0,"height":0},"classes":[]},{"id":9538,"url":"http:\/\/www.letourismeaparis.fr\/index.php\/2011\/02\/09\/concert-musiques-daujourdhui-jeudi-10-fevrier-a-20-h\/","url_meta":{"origin":17799,"position":5},"title":"Concert : Musiques d&#039;aujourd&#039;hui, jeudi 10 f\u00e9vrier \u00e0 20 h(entr\u00e9e libre)","author":"Fabienne TM","date":"9 f\u00e9vrier 2011","format":false,"excerpt":"Propos\u00e9 par le Conservatoire du 12e, le jeudi 10 f\u00e9vrier \u00e0 20h dans la chapelle de la Fondation Eug\u00e8ne Napol\u00e9on au 254, rue du Faubourg Saint-Antoine. Musiques d'aujourd'hui par les \u00e9tudiants du Cycle Sp\u00e9cialis\u00e9 du Conservatoire Solos, musique de chambre, orchestre \u00e0 cordes Messiaen - Ligeti - Kurtag - Tanguy...\u2026","rel":"","context":"Dans &quot;Non class\u00e9&quot;","block_context":{"text":"Non class\u00e9","link":"http:\/\/www.letourismeaparis.fr\/index.php\/category\/non-classe\/"},"img":{"alt_text":"","src":"","width":0,"height":0},"classes":[]}],"jetpack_sharing_enabled":true,"jetpack_likes_enabled":true,"_links":{"self":[{"href":"http:\/\/www.letourismeaparis.fr\/index.php\/wp-json\/wp\/v2\/posts\/17799","targetHints":{"allow":["GET"]}}],"collection":[{"href":"http:\/\/www.letourismeaparis.fr\/index.php\/wp-json\/wp\/v2\/posts"}],"about":[{"href":"http:\/\/www.letourismeaparis.fr\/index.php\/wp-json\/wp\/v2\/types\/post"}],"author":[{"embeddable":true,"href":"http:\/\/www.letourismeaparis.fr\/index.php\/wp-json\/wp\/v2\/users\/2"}],"replies":[{"embeddable":true,"href":"http:\/\/www.letourismeaparis.fr\/index.php\/wp-json\/wp\/v2\/comments?post=17799"}],"version-history":[{"count":0,"href":"http:\/\/www.letourismeaparis.fr\/index.php\/wp-json\/wp\/v2\/posts\/17799\/revisions"}],"wp:attachment":[{"href":"http:\/\/www.letourismeaparis.fr\/index.php\/wp-json\/wp\/v2\/media?parent=17799"}],"wp:term":[{"taxonomy":"category","embeddable":true,"href":"http:\/\/www.letourismeaparis.fr\/index.php\/wp-json\/wp\/v2\/categories?post=17799"},{"taxonomy":"post_tag","embeddable":true,"href":"http:\/\/www.letourismeaparis.fr\/index.php\/wp-json\/wp\/v2\/tags?post=17799"}],"curies":[{"name":"wp","href":"https:\/\/api.w.org\/{rel}","templated":true}]}}