{"id":17801,"date":"2016-02-07T16:31:47","date_gmt":"2016-02-07T15:31:47","guid":{"rendered":"http:\/\/www.letourismeaparis.fr\/?p=17801"},"modified":"2016-02-07T16:31:47","modified_gmt":"2016-02-07T15:31:47","slug":"un-restaurant-dapplication-a-prix-modiques-la-table-dalbert","status":"publish","type":"post","link":"http:\/\/www.letourismeaparis.fr\/index.php\/2016\/02\/07\/un-restaurant-dapplication-a-prix-modiques-la-table-dalbert\/","title":{"rendered":"Un restaurant  d&#039;application \u00e0 prix modiques : la Table d&#039;Albert"},"content":{"rendered":"<p><strong>Restaurant \u00ab La table d\u2019Albert \u00bb<\/strong><br \/>\nDans son restaurant d&rsquo;application \u00ab\u00a0La Table d&rsquo;Albert\u00a0\u00bb, le lyc\u00e9e Albert de Mun propose au grand public un menu concoct\u00e9 par les \u00e9l\u00e8ves de l&rsquo;\u00e9tablissement pour d\u00e9jeuner et d\u00eener.<br \/>\n<strong>Accueil le lundi, mardi, jeudi pour le d\u00e9jeuner (12 h 30\/14 h 30)<\/strong><br \/>\n<strong>Mardi, mercredi, jeudi pour les d\u00eeners (19 h 30 \/ 22 h 00)<\/strong><!--more--><br \/>\n<strong>Parking : (exclusivement le soir) dans l\u2019enceinte de l\u2019\u00e9cole &#8211; acc\u00e8s par le 2, rue d\u2019Olivet.<\/strong><br \/>\n<strong>PARKING OUVERT DE 19 h 30 \u00e0 20 H 00 et de 21 H 30 \u00e0 22 H 00<\/strong><br \/>\n<strong>Acc\u00e8s Clients par l\u2019ext\u00e9rieur au 3 rue Pierre Leroux 75007 PARIS ;<\/strong><br \/>\n<strong>R\u00e9servation obligatoire aupr\u00e8s de Madame DALIZON au 01 43 06 33 09<\/strong><br \/>\n<strong>Confirmation t\u00e9l\u00e9phonique sous 48 heures<\/strong><!--more--><br \/>\n<strong>Information \u2013 prix des menus<\/strong><br \/>\n<strong>D\u00e9jeuner : 18 euros \/ D\u00eener : 25 euros.<\/strong><br \/>\n<strong>La Table d\u2019Albert<\/strong><br \/>\n2 rue d\u2019Olivet<br \/>\n75007 Paris<\/p>\n","protected":false},"excerpt":{"rendered":"<p>Restaurant \u00ab La table d\u2019Albert \u00bb Dans son restaurant d&rsquo;application \u00ab\u00a0La Table d&rsquo;Albert\u00a0\u00bb, le lyc\u00e9e Albert de Mun propose au grand public un menu concoct\u00e9 par les \u00e9l\u00e8ves de l&rsquo;\u00e9tablissement pour d\u00e9jeuner et d\u00eener. Accueil le lundi, mardi, jeudi pour&#8230;<\/p>\n","protected":false},"author":2,"featured_media":0,"comment_status":"open","ping_status":"open","sticky":false,"template":"","format":"standard","meta":{"ngg_post_thumbnail":0,"jetpack_post_was_ever_published":false,"_jetpack_newsletter_access":"","footnotes":""},"categories":[30],"tags":[],"class_list":["post-17801","post","type-post","status-publish","format-standard","hentry","category-gastronomie"],"jetpack_featured_media_url":"","jetpack-related-posts":[{"id":361,"url":"http:\/\/www.letourismeaparis.fr\/index.php\/2008\/09\/22\/linde-a-boulogne\/","url_meta":{"origin":17801,"position":0},"title":"l&#039;Inde \u00e0  Boulogne","author":"Fabienne TM","date":"22 septembre 2008","format":false,"excerpt":"L'exposition du mus\u00e9e Albert-Kahn, \"Infiniment Indes\" expose notamment des autochromes et des films anciens.. Entre 1913 et 1928, deux op\u00e9rateurs d\u2019Albert Kahn sont envoy\u00e9s aux Indes. Les 1 200 autochromes (dont environ 150 sont expos\u00e9es) et 2 h de film qu\u2019ils ram\u00e8nent sont \u00e0 l\u2019image de la diversit\u00e9 indienne. L\u2019exposition\u2026","rel":"","context":"Dans &quot;Non class\u00e9&quot;","block_context":{"text":"Non class\u00e9","link":"http:\/\/www.letourismeaparis.fr\/index.php\/category\/non-classe\/"},"img":{"alt_text":"","src":"","width":0,"height":0},"classes":[]},{"id":374,"url":"http:\/\/www.letourismeaparis.fr\/index.php\/2008\/09\/29\/infiniment-indes\/","url_meta":{"origin":17801,"position":1},"title":"&quot;Infiniment Indes&quot;","author":"Fabienne TM","date":"29 septembre 2008","format":false,"excerpt":"L'exposition du mus\u00e9e Albert-Kahn, \"Infiniment Indes\" expose notamment des autochromes et des films anciens.. Entre 1913 et 1928, deux op\u00e9rateurs d\u2019Albert Kahn sont envoy\u00e9s aux Indes. Les 1 200 autochromes (dont environ 150 sont expos\u00e9es) et 2 h de film qu\u2019ils ram\u00e8nent sont \u00e0 l\u2019image de la diversit\u00e9 indienne. L\u2019exposition\u2026","rel":"","context":"Dans &quot;Non class\u00e9&quot;","block_context":{"text":"Non class\u00e9","link":"http:\/\/www.letourismeaparis.fr\/index.php\/category\/non-classe\/"},"img":{"alt_text":"","src":"","width":0,"height":0},"classes":[]},{"id":7735,"url":"http:\/\/www.letourismeaparis.fr\/index.php\/2010\/06\/07\/tous-au-restaurant-du-7-au-13-juin-a-des-prix-superdoux\/","url_meta":{"origin":17801,"position":2},"title":"Tous au restaurant du 7 au 13 juin  \u00e0 des prix superdoux !","author":"Fabienne TM","date":"7 juin 2010","format":false,"excerpt":"\u00c0 Paris, du 7 au 13 juin, de grandes tables sont \u00e0 20,10\u20ac \u00e0 midi et \u00e0 35\u20ac\u00a0 au diner:\u00a0 d\u00e9p\u00eachez-vous de r\u00e9server ! Une semaine pour d\u00e9couvrir les belles tables de Paris\u2026 et de France ! Alain Ducasse a convaincu 700 tables de participer \u00e0 l\u2019op\u00e9ration \u00ab Tous au\u2026","rel":"","context":"Dans &quot;Non class\u00e9&quot;","block_context":{"text":"Non class\u00e9","link":"http:\/\/www.letourismeaparis.fr\/index.php\/category\/non-classe\/"},"img":{"alt_text":"","src":"","width":0,"height":0},"classes":[]},{"id":10821,"url":"http:\/\/www.letourismeaparis.fr\/index.php\/2011\/07\/11\/les-festivites-des-13-et-14-juillet-dans-les-hauts-de-seine-feux-dartifice-bals-boulogne-levallois\/","url_meta":{"origin":17801,"position":3},"title":"Les festivit\u00e9s des 13 et 14 juillet dans les Hauts de Seine : feux d&#039;artifice, bals &#8230;..Boulogne, Levallois&#8230;.","author":"Fabienne TM","date":"11 juillet 2011","format":false,"excerpt":"Boulogne Billancourt C\u2019est le parc de Billancourt, agrandi jusqu\u2019\u00e0 la rue \u00c9mile-Zola, qui accueillera la f\u00eate nationale le 13 juillet au soir. Tir\u00e9 \u00e0 23h, le spectacle pyrotechnique son et lumi\u00e8re sera pr\u00e9c\u00e9d\u00e9 (21h) et suivi par une animation musicale avec DJ jusqu\u2019\u00e0 0h30. Des Navettes toutes les 30 minutes,\u2026","rel":"","context":"Dans &quot;Non class\u00e9&quot;","block_context":{"text":"Non class\u00e9","link":"http:\/\/www.letourismeaparis.fr\/index.php\/category\/non-classe\/"},"img":{"alt_text":"","src":"","width":0,"height":0},"classes":[]},{"id":19945,"url":"http:\/\/www.letourismeaparis.fr\/index.php\/2017\/06\/01\/champs-devant-les-7-et-10-juin-a-paris\/","url_meta":{"origin":17801,"position":4},"title":"Champs devant les 7, 10  et 13 juin  \u00e0 Paris","author":"Fabienne TM","date":"1 juin 2017","format":false,"excerpt":"Rencontrez les acteurs de l\u2019agriculture d\u00e9sirable. Visites, d\u00e9gustations, animations, chantiers Vous avez envie de mettre les mains dans la terre ? De d\u00e9guster des bons produits fermiers ? De rencontrer ceux qui remplissent nos assiettes et font vivre nos campagnes ? \u00a0 MA SHARE RUCHE Le samedi 10 juin \u00e0\u2026","rel":"","context":"Dans &quot;Ecologie&quot;","block_context":{"text":"Ecologie","link":"http:\/\/www.letourismeaparis.fr\/index.php\/category\/ecologie\/"},"img":{"alt_text":"","src":"","width":0,"height":0},"classes":[]},{"id":7827,"url":"http:\/\/www.letourismeaparis.fr\/index.php\/2010\/06\/20\/fete-de-la-musique-du-21-juin-quelques-idees-pour-la-journee\/","url_meta":{"origin":17801,"position":5},"title":"F\u00eate de la musique du 21 juin ( quelques id\u00e9es pour la journ\u00e9e)","author":"Fabienne TM","date":"20 juin 2010","format":false,"excerpt":"Fado Juin 21 2010 D\u00e9but 10 h 00 Fin 11 h 00 Consulat du Portugal \u00e0 Paris 6\/8 rue Georges Berger, 75017 PARIS 17eme, France Itin\u00e9raire f\u00eate de la musique 2010, Juin 21 2010 D\u00e9but 12 h 30 Fin 13 h 30 Mus\u00e9e de Cluny 6 place Paul Painlev\u00e9, 75005\u2026","rel":"","context":"Dans &quot;Non class\u00e9&quot;","block_context":{"text":"Non class\u00e9","link":"http:\/\/www.letourismeaparis.fr\/index.php\/category\/non-classe\/"},"img":{"alt_text":"","src":"","width":0,"height":0},"classes":[]}],"jetpack_sharing_enabled":true,"jetpack_likes_enabled":true,"_links":{"self":[{"href":"http:\/\/www.letourismeaparis.fr\/index.php\/wp-json\/wp\/v2\/posts\/17801","targetHints":{"allow":["GET"]}}],"collection":[{"href":"http:\/\/www.letourismeaparis.fr\/index.php\/wp-json\/wp\/v2\/posts"}],"about":[{"href":"http:\/\/www.letourismeaparis.fr\/index.php\/wp-json\/wp\/v2\/types\/post"}],"author":[{"embeddable":true,"href":"http:\/\/www.letourismeaparis.fr\/index.php\/wp-json\/wp\/v2\/users\/2"}],"replies":[{"embeddable":true,"href":"http:\/\/www.letourismeaparis.fr\/index.php\/wp-json\/wp\/v2\/comments?post=17801"}],"version-history":[{"count":0,"href":"http:\/\/www.letourismeaparis.fr\/index.php\/wp-json\/wp\/v2\/posts\/17801\/revisions"}],"wp:attachment":[{"href":"http:\/\/www.letourismeaparis.fr\/index.php\/wp-json\/wp\/v2\/media?parent=17801"}],"wp:term":[{"taxonomy":"category","embeddable":true,"href":"http:\/\/www.letourismeaparis.fr\/index.php\/wp-json\/wp\/v2\/categories?post=17801"},{"taxonomy":"post_tag","embeddable":true,"href":"http:\/\/www.letourismeaparis.fr\/index.php\/wp-json\/wp\/v2\/tags?post=17801"}],"curies":[{"name":"wp","href":"https:\/\/api.w.org\/{rel}","templated":true}]}}