{"id":17873,"date":"2016-02-06T10:24:45","date_gmt":"2016-02-06T09:24:45","guid":{"rendered":"http:\/\/www.letourismeaparis.fr\/?p=17873"},"modified":"2016-02-06T10:24:45","modified_gmt":"2016-02-06T09:24:45","slug":"persona-au-quai-branly","status":"publish","type":"post","link":"http:\/\/www.letourismeaparis.fr\/index.php\/2016\/02\/06\/persona-au-quai-branly\/","title":{"rendered":"&quot;Persona&quot; au Quai Branly"},"content":{"rendered":"<p>&nbsp;<br \/>\nL&rsquo;atmosph\u00e8re du quai Branly nous surprendra toujours. Cette fois ci l&rsquo;exposition \u00ab\u00a0Persona\u00a0\u00bb nous transporte sur le questionnement de la personnification d&rsquo;objets. Une r\u00e9flexion tr\u00e8s actuelle entre fantastique et realisme. Nos \u00e9motions sont mises \u00e0 l&rsquo;\u00e9preuve en parcourant ces diff\u00e9rentes salles repr\u00e9sentant robots, marionnettes, automates autant d\u00e9stabilisants qu&rsquo;enrichissants.<a href=\"http:\/\/www.letourismeaparis.fr\/wp-content\/uploads\/2016\/01\/ppp.jpeg\"><img loading=\"lazy\" decoding=\"async\" class=\"aligncenter size-medium wp-image-17878\" src=\"http:\/\/www.letourismeaparis.fr\/wp-content\/uploads\/2016\/01\/ppp-225x300.jpeg\" alt=\"ppp\" width=\"225\" height=\"300\" \/><\/a><br \/>\n<!--more-->Une exp\u00e9rience \u00e0 vivre au Quai Branly du 26\/01 au 13\/11.<br \/>\n&nbsp;<br \/>\n<a href=\"http:\/\/www.quaibranly.fr\/\">http:\/\/www.quaibranly.fr\/<\/a><br \/>\n37, quai Branly Paris 75007<br \/>\n&nbsp;<br \/>\nmardi, mercredi, dimanche 11h\/19h<br \/>\njeudi vendredi samedi<br \/>\n9h15\/21h15<\/p>\n","protected":false},"excerpt":{"rendered":"<p>&nbsp; L&rsquo;atmosph\u00e8re du quai Branly nous surprendra toujours. Cette fois ci l&rsquo;exposition \u00ab\u00a0Persona\u00a0\u00bb nous transporte sur le questionnement de la personnification d&rsquo;objets. Une r\u00e9flexion tr\u00e8s actuelle entre fantastique et realisme. Nos \u00e9motions sont mises \u00e0 l&rsquo;\u00e9preuve en parcourant ces diff\u00e9rentes&#8230;<\/p>\n","protected":false},"author":2,"featured_media":0,"comment_status":"open","ping_status":"open","sticky":false,"template":"","format":"standard","meta":{"ngg_post_thumbnail":0,"jetpack_post_was_ever_published":false,"_jetpack_newsletter_access":"","footnotes":""},"categories":[27],"tags":[],"class_list":["post-17873","post","type-post","status-publish","format-standard","hentry","category-musees-expositions"],"jetpack_featured_media_url":"","jetpack-related-posts":[{"id":21262,"url":"http:\/\/www.letourismeaparis.fr\/index.php\/2018\/09\/18\/madagascar-au-quai-branly\/","url_meta":{"origin":17873,"position":0},"title":"Madagascar au Quai Branly","author":"Fabienne TM","date":"18 septembre 2018","format":false,"excerpt":"\u00a0 \u00a0 \u00a0 \u00a0 \u00a0 \u00a0 \u00a0 \u00a0 \u00a0 \u00a0 \u00a0 Depuis 1946, aucune grande exposition n'a mis en p\u00e9ril les arts de Madagascar.Les publications sur le sujet sont souvent,. L'exposition au mus\u00e9e du \u00a0 \u00a0 \u00a0 \u00a0 \u00a0 \u00a0 \u00a0 \u00a0 \u00a0 quai Branly - Jacques Chirac pr\u00e9sente l'art\u2026","rel":"","context":"Dans &quot;Cultures du Monde&quot;","block_context":{"text":"Cultures du Monde","link":"http:\/\/www.letourismeaparis.fr\/index.php\/category\/culture\/musees-expositions\/cultures-du-monde\/"},"img":{"alt_text":"","src":"","width":0,"height":0},"classes":[]},{"id":5981,"url":"http:\/\/www.letourismeaparis.fr\/index.php\/2010\/01\/20\/teotihuacan-au-quai-branly-un-voyage-au-mexique-jusquau-24-janvier\/","url_meta":{"origin":17873,"position":1},"title":"Teotihuacan au Quai Branly :ouverture en nocturne les week- end ,un voyage au Mexique jusqu&#039;au 24 janvier","author":"Fabienne TM","date":"20 janvier 2010","format":false,"excerpt":"Venez, avec vos enfant, voir cette superbe exposition. Ils\u00a0 sont invit\u00e9s \u00e0 d\u00e9couvrir le Mexique pr\u00e9colombien et contemporain. Jeu multim\u00e9dia dans l\u2019exposition Teotihuacan Teotihuacan - Masque photo ftm \"Le lieu o\u00f9 naissent les Dieux\".Allez admirer le Dieu masqu\u00e9, le pot zoomorphe, les masques, les encensoirs Ces oeuvres\u00a0 attestent\u00a0 du rayonnement\u2026","rel":"","context":"Dans &quot;Non class\u00e9&quot;","block_context":{"text":"Non class\u00e9","link":"http:\/\/www.letourismeaparis.fr\/index.php\/category\/non-classe\/"},"img":{"alt_text":"","src":"","width":0,"height":0},"classes":[]},{"id":9509,"url":"http:\/\/www.letourismeaparis.fr\/index.php\/2011\/04\/04\/lorient-des-femmes-vu-par-christian-lacroix-au-musee-du-quai-branly\/","url_meta":{"origin":17873,"position":2},"title":"L\u2019Orient des femmes vu par Christian Lacroix au mus\u00e9e du quai Branly","author":"Fabienne TM","date":"4 avril 2011","format":false,"excerpt":"\u00e0 partir du 8 f\u00e9vrier L'\u2019exposition d\u00e9voile un autre visage des femmes, du nord de la Syrie \u00e0 la p\u00e9ninsule du Sina\u00ef, en pr\u00e9sentant un ensemble exceptionnel de 150 costumes et parures traditionnels du Proche-Orient, des pi\u00e8ces somptueuses qui, pour la plupart, sont expos\u00e9es pour la premi\u00e8re fois en France\u2026","rel":"","context":"Dans &quot;Non class\u00e9&quot;","block_context":{"text":"Non class\u00e9","link":"http:\/\/www.letourismeaparis.fr\/index.php\/category\/non-classe\/"},"img":{"alt_text":"","src":"","width":0,"height":0},"classes":[]},{"id":10082,"url":"http:\/\/www.letourismeaparis.fr\/index.php\/2011\/04\/12\/exposition-dogon-au-quai-branly\/","url_meta":{"origin":17873,"position":3},"title":"Exposition DOGON au quai Branly","author":"Fabienne TM","date":"12 avril 2011","format":false,"excerpt":"jusqu'au 24 juillet 2011 L\u2019exposition DOGON pr\u00e9sente l\u2019histoire de l\u2019art et de la culture dogon, depuis le 10\u00e8me si\u00e8cle jusqu\u2019\u00e0 nos jours, \u00e0 travers plus de 330 oeuvres exceptionnelles issues de collections du monde entier et rassembl\u00e9es pour la premi\u00e8re fois en France. L\u2019art des Dogon du Mali est l\u2019un\u2026","rel":"","context":"Dans &quot;Non class\u00e9&quot;","block_context":{"text":"Non class\u00e9","link":"http:\/\/www.letourismeaparis.fr\/index.php\/category\/non-classe\/"},"img":{"alt_text":"","src":"","width":0,"height":0},"classes":[]},{"id":21493,"url":"http:\/\/www.letourismeaparis.fr\/index.php\/2018\/10\/31\/fendre-lair-lart-du-bambou-au-japon-au-quai-branly\/","url_meta":{"origin":17873,"position":4},"title":"Fendre l&#039;air, l&#039;art du bambou au Japon  au quai Branly","author":"Fabienne TM","date":"31 octobre 2018","format":false,"excerpt":"\u00a0Exposition du 27 novembre 2018 au 7 avril 2019 Pour la premi\u00e8re fois en France, une grande exposition rend hommage \u00e0 l'art m\u00e9connu de la vannerie japonaise en bambou \u00a0 . Occasion de d\u00e9couvrir pr\u00e8s de 200 \u0153uvres anciennes et contemporaines \u00e0 la beaut\u00e9, po\u00e9tique, \u00e0 la d\u00e9coration florale de\u2026","rel":"","context":"Dans &quot;Artisanat&quot;","block_context":{"text":"Artisanat","link":"http:\/\/www.letourismeaparis.fr\/index.php\/category\/culture\/musees-expositions\/artisanat\/"},"img":{"alt_text":"","src":"","width":0,"height":0},"classes":[]},{"id":11599,"url":"http:\/\/www.letourismeaparis.fr\/index.php\/2012\/04\/18\/patagonie-images-du-bout-du-monde-au-quai-branly\/","url_meta":{"origin":17873,"position":5},"title":"Patagonie, Images du bout du monde, au quai Branly","author":"Fabienne TM","date":"18 avril 2012","format":false,"excerpt":"L\u2019exposition Patagonie, Images du bout du monde, pr\u00e9sente cette diversit\u00e9 de repr\u00e9sentations, de r\u00e9cits et de mythes attach\u00e9s \u00e0 la pointe australe du continent am\u00e9ricain. Elle aborde ces territoires du bout du monde selon une g\u00e9ographie de la fiction mettant en perspective repr\u00e9sentations imaginaires et r\u00e9alit\u00e9 tangible. Poursuivant un fil\u2026","rel":"","context":"Dans &quot;Non class\u00e9&quot;","block_context":{"text":"Non class\u00e9","link":"http:\/\/www.letourismeaparis.fr\/index.php\/category\/non-classe\/"},"img":{"alt_text":"","src":"","width":0,"height":0},"classes":[]}],"jetpack_sharing_enabled":true,"jetpack_likes_enabled":true,"_links":{"self":[{"href":"http:\/\/www.letourismeaparis.fr\/index.php\/wp-json\/wp\/v2\/posts\/17873","targetHints":{"allow":["GET"]}}],"collection":[{"href":"http:\/\/www.letourismeaparis.fr\/index.php\/wp-json\/wp\/v2\/posts"}],"about":[{"href":"http:\/\/www.letourismeaparis.fr\/index.php\/wp-json\/wp\/v2\/types\/post"}],"author":[{"embeddable":true,"href":"http:\/\/www.letourismeaparis.fr\/index.php\/wp-json\/wp\/v2\/users\/2"}],"replies":[{"embeddable":true,"href":"http:\/\/www.letourismeaparis.fr\/index.php\/wp-json\/wp\/v2\/comments?post=17873"}],"version-history":[{"count":0,"href":"http:\/\/www.letourismeaparis.fr\/index.php\/wp-json\/wp\/v2\/posts\/17873\/revisions"}],"wp:attachment":[{"href":"http:\/\/www.letourismeaparis.fr\/index.php\/wp-json\/wp\/v2\/media?parent=17873"}],"wp:term":[{"taxonomy":"category","embeddable":true,"href":"http:\/\/www.letourismeaparis.fr\/index.php\/wp-json\/wp\/v2\/categories?post=17873"},{"taxonomy":"post_tag","embeddable":true,"href":"http:\/\/www.letourismeaparis.fr\/index.php\/wp-json\/wp\/v2\/tags?post=17873"}],"curies":[{"name":"wp","href":"https:\/\/api.w.org\/{rel}","templated":true}]}}