{"id":17892,"date":"2016-02-08T19:45:31","date_gmt":"2016-02-08T18:45:31","guid":{"rendered":"http:\/\/www.letourismeaparis.fr\/?p=17892"},"modified":"2016-02-08T19:45:31","modified_gmt":"2016-02-08T18:45:31","slug":"prevert-kosmaet-moi-voila-au-theatre-de-lessaion-le-dimanche-a-18-h-30","status":"publish","type":"post","link":"http:\/\/www.letourismeaparis.fr\/index.php\/2016\/02\/08\/prevert-kosmaet-moi-voila-au-theatre-de-lessaion-le-dimanche-a-18-h-30\/","title":{"rendered":"Pr\u00e9vert, Kosma\u2026et moi. Voil\u00e0 !      au Th\u00e9atre de l\u2019Essaion , le dimanche \u00e0 18 h"},"content":{"rendered":"<p>Spectacle con\u00e7u et interpr\u00e9t\u00e9 par B\u00e9atrice Fontaine\u00a0Une fantaisie musicale et buissonni\u00e8re autour des chansons de\u00a0Jacques Pr\u00e9vert et de Joseph Kosma.<br \/>\nElle voulait red\u00e9corer la plus petite pi\u00e8ce de sa maison, les toilettes, pour en faire un\u00a0endroit extravagant et original mais \u00e0 cours d\u2019id\u00e9es g\u00e9niales, elle finit par accrocher au<br \/>\nmur une grande photo de Jacques Pr\u00e9vert par Robert Doisneau &#8230;&#8230;&#8230;&#8230;:<a href=\"http:\/\/www.letourismeaparis.fr\/wp-content\/uploads\/2016\/01\/pre\u0301vert.jpeg\"><img loading=\"lazy\" decoding=\"async\" class=\"aligncenter size-medium wp-image-17893\" src=\"http:\/\/www.letourismeaparis.fr\/wp-content\/uploads\/2016\/01\/pre\u0301vert-213x300.jpeg\" alt=\"pre\u0301vert\" width=\"213\" height=\"300\" \/><\/a><!--more--> La photo ouvre alors\u00a0une fen\u00eatre sur un ailleurs immense de po\u00e9sie, riche, surr\u00e9aliste, dr\u00f4le et tendre \u00e0 la fois,\u00a0celui de Jacques Pr\u00e9vert et de Joseph Kosma. Elle saute sans h\u00e9siter par cette fen\u00eatre\u00a0ouverte et retrouve son complice, son ami, son accord\u00e9oniste, dans une salle de classe\u00a0qui sent bon la craie, l\u2019encre violette et l\u2019impertinence.<br \/>\nEnsemble, ils s\u2019amusent avec les mots de Pr\u00e9vert et les notes de Kosma. Tout est propice\u00a0\u00e0 leurs jeux d\u2019enfants dans cette classe d\u00e9sert\u00e9e par les r\u00e8gles de calcul et de<br \/>\ngrammaire : l\u2019accord\u00e9on \u00e9pouse, accompagne la voix, la devance et la poursuit,<!--more--> joue \u00e0\u00a0cache-cache avec les mots, la voix \u00e0 son tour, fait tourner notes, intervalles d\u00e9licats et<br \/>\nsilences sur le bout de son nez\u2026 l\u2019encre prend vie et accroche des dessins aux murs de la\u00a0salle de classe.\u00a0Et quand, Pr\u00e9vert et Kosma, au d\u00e9tour d\u2019une phrase et d\u2019un accord mineur, les rappellent\u00a0soudain \u00e0 la gravit\u00e9 et \u00e0 l\u2019indignation, c\u2019est avec la m\u00eame fra\u00eecheur qu\u2019ils interrompent\u00a0leurs fac\u00e9ties, le temps d\u2019un frisson.<br \/>\n<strong>Le public, actif, debout sur les bancs de l\u2019\u00e9cole, s\u2019empare de la libert\u00e9 de dire et de\u00a0chanter \u00e0 son tour.<\/strong><br \/>\n&nbsp;<br \/>\njusqu\u2019au au 6 mars 2016<br \/>\n6, rue Pierre au lard Paris 75004<br \/>\n&nbsp;<br \/>\n<a href=\"http:\/\/www.essaion.com\">www.essaion.com<\/a><br \/>\n&nbsp;<br \/>\n&nbsp;<br \/>\n&nbsp;<br \/>\n&nbsp;<br \/>\n1H15 de fac\u00e9ties musicales et de po\u00e9sie pure.<br \/>\nLes dimanche \u00e0 18h00<\/p>\n","protected":false},"excerpt":{"rendered":"<p>Spectacle con\u00e7u et interpr\u00e9t\u00e9 par B\u00e9atrice Fontaine\u00a0Une fantaisie musicale et buissonni\u00e8re autour des chansons de\u00a0Jacques Pr\u00e9vert et de Joseph Kosma. Elle voulait red\u00e9corer la plus petite pi\u00e8ce de sa maison, les toilettes, pour en faire un\u00a0endroit extravagant et original mais&#8230;<\/p>\n","protected":false},"author":2,"featured_media":0,"comment_status":"open","ping_status":"open","sticky":false,"template":"","format":"standard","meta":{"ngg_post_thumbnail":0,"jetpack_post_was_ever_published":false,"_jetpack_newsletter_access":"","footnotes":""},"categories":[49],"tags":[],"class_list":["post-17892","post","type-post","status-publish","format-standard","hentry","category-theatre"],"jetpack_featured_media_url":"","jetpack-related-posts":[{"id":12332,"url":"http:\/\/www.letourismeaparis.fr\/index.php\/2012\/12\/11\/les-enfants-du-paradis-le-chef-doeuvre-de-marcel-carne-a-la-cinemamtheque\/","url_meta":{"origin":17892,"position":0},"title":"Les Enfants du Paradis, le chef-d\u2019oeuvre de Marcel Carn\u00e9 \u00e0 la Cin\u00e9mamth\u00e8que","author":"Fabienne TM","date":"11 d\u00e9cembre 2012","format":false,"excerpt":"Les Enfants du Paradis, le chef\u00a0 d\u2019oeuvre de Marcel Carn\u00e9, d\u2019apr\u00e8s un sc\u00e9nario de Jacques Pr\u00e9vert, est l\u2019un des films fran\u00e7ais les plus connus dans le monde, admir\u00e9 depuis sa sortie en 1945. Jalonn\u00e9 d\u2019extraits du film, le parcours de l\u2019exposition pr\u00e9sente plus de 300 pi\u00e8ces parmis lesquelles de nombreux\u2026","rel":"","context":"Dans &quot;Cin\u00e9ma&quot;","block_context":{"text":"Cin\u00e9ma","link":"http:\/\/www.letourismeaparis.fr\/index.php\/category\/spectacle\/cinema\/"},"img":{"alt_text":"","src":"","width":0,"height":0},"classes":[]},{"id":5712,"url":"http:\/\/www.letourismeaparis.fr\/index.php\/2010\/01\/21\/exposition-robert-doisneau-le-monde-poetique-des-passages-parisiensjusquau-15-janvier-2010\/","url_meta":{"origin":17892,"position":1},"title":"Exposition Robert Doisneau : &quot;le monde po\u00e9tique des passages parisiens&quot;jusqu&#039;au 15 janvier 2010.","author":"Fabienne TM","date":"21 janvier 2010","format":false,"excerpt":"Une exposition d\u2019une trentaine de photos de Robert Doisneau est organis\u00e9e par la Monnaie de Paris. Elle montre \" le monde po\u00e9tique des passages parisiens \". De 1976 \u00e0 1980, Robert Doisneau a particuli\u00e8rement dispos\u00e9 dans les passages couverts de Paris son \"miroir aux alouettes, sa pi\u00e8gerie de braconnier \"(Jacques\u2026","rel":"","context":"Dans &quot;Non class\u00e9&quot;","block_context":{"text":"Non class\u00e9","link":"http:\/\/www.letourismeaparis.fr\/index.php\/category\/non-classe\/"},"img":{"alt_text":"","src":"","width":0,"height":0},"classes":[]},{"id":17959,"url":"http:\/\/www.letourismeaparis.fr\/index.php\/2016\/02\/19\/gerard-fromanger-au-centre-pompidou-jusquau-16-mai\/","url_meta":{"origin":17892,"position":2},"title":"G\u00e9rard Fromanger au Centre Pompidou jusqu&#039;au 16 mai","author":"Fabienne TM","date":"19 f\u00e9vrier 2016","format":false,"excerpt":"Au nom de\u00a0G\u00e9rard Fromanger\u00a0est attach\u00e9e une s\u00e9rie de motifs, de figures et d\u2019\u00e9v\u00e9nements qui tissent une histoire artistique, culturelle et sociale d\u2019un demi-si\u00e8cle : l\u2019amiti\u00e9 de Jacques Pr\u00e9vert, Mai 68, des silhouettes rouges, des passants dans la ville, Ge\u0301rard Fromanger. En Chine, a\u0300 Hu-Xian, de la se\u0301rie \u00ab Le de\u0301sir\u2026","rel":"","context":"Dans &quot;Mus\u00e9es \/ Expositions&quot;","block_context":{"text":"Mus\u00e9es \/ Expositions","link":"http:\/\/www.letourismeaparis.fr\/index.php\/category\/culture\/musees-expositions\/"},"img":{"alt_text":"","src":"","width":0,"height":0},"classes":[]},{"id":24558,"url":"http:\/\/www.letourismeaparis.fr\/index.php\/2021\/12\/30\/la-vie-parisienne-de-jacques-offenbach-au-tce\/","url_meta":{"origin":17892,"position":3},"title":"La Vie parisienne  de      Jacques Offenbach au TCE","author":"Fabienne TM","date":"30 d\u00e9cembre 2021","format":false,"excerpt":"Jacques Offenbach au Th\u00e9atre des Champs Elys\u00e9es Le chef-d\u2019\u0153uvre d\u2019Offenbach, destin\u00e9 \u00e0 r\u00e9jouir petits et grands et aussi p\u00e9tillant que le champagne des f\u00eates parisiennes du XIXe si\u00e8cle. Offenbach est au sommet de sa gloire lorsqu\u2019il \u00e9crit ce succulent et divertissant miroir de la bonne soci\u00e9t\u00e9 parisienne. Sur un livret\u2026","rel":"","context":"Dans &quot;Concerts \/ Musique&quot;","block_context":{"text":"Concerts \/ Musique","link":"http:\/\/www.letourismeaparis.fr\/index.php\/category\/culture\/concerts-musique\/"},"img":{"alt_text":"","src":"https:\/\/i0.wp.com\/www.letourismeaparis.fr\/wp-content\/uploads\/2021\/12\/Capture-d%E2%80%99e%CC%81cran-2021-12-30-a%CC%80-13.58.58.png?resize=350%2C200","width":350,"height":200},"classes":[]},{"id":288,"url":"http:\/\/www.letourismeaparis.fr\/index.php\/2008\/08\/07\/jacques-balutin-et-axelle-abbadie-au-theatre-daunou\/","url_meta":{"origin":17892,"position":4},"title":"Jacques Balutin et Axelle Abbadie au th\u00e9atre Daunou","author":"Fabienne TM","date":"7 ao\u00fbt 2008","format":false,"excerpt":"Paris Advisor Le Tourisme \u00e0 Paris Nous vous recommandons vivement cette pi\u00e8ce, vous passerez une bonne soir\u00e9e et vous amuserez. Une com\u00e9die de Didier CARON avec Jacques BALUTIN, Axelle ABBADIE Morgane BONTEMPS et Philippe GRUZ \"Bernard ne sait plus si Viviane, son \u00e9pouse, l\u2019aime encore. La solution qu\u2019il trouve pour\u2026","rel":"","context":"Dans &quot;Non class\u00e9&quot;","block_context":{"text":"Non class\u00e9","link":"http:\/\/www.letourismeaparis.fr\/index.php\/category\/non-classe\/"},"img":{"alt_text":"","src":"","width":0,"height":0},"classes":[]},{"id":18119,"url":"http:\/\/www.letourismeaparis.fr\/index.php\/2016\/04\/07\/les-cavaliers-de-joseph-kessel-un-bon-spectacle-nomine-aux-moliere-2016\/","url_meta":{"origin":17892,"position":5},"title":"Les Cavaliers  de Joseph KESSEL : un bon spectacle nomin\u00e9 aux Moli\u00e8re 2016","author":"Fabienne TM","date":"7 avril 2016","format":false,"excerpt":"Le jeune et orgueilleux Ouroz participe au tournoi le plus important d\u2019Afghanistan, le Bouzkachi du Roi. Mais Ouroz \u00e9choue, tombe de son cheval, et se brise la jambe. Il doit \u00e0 pr\u00e9sent retourner dans sa province lointaine pour faire face \u00e0 son p\u00e8re, le grand Tours\u00e8ne, Ainsi commence pour Ouroz\u2026","rel":"","context":"Dans &quot;Th\u00e9atre&quot;","block_context":{"text":"Th\u00e9atre","link":"http:\/\/www.letourismeaparis.fr\/index.php\/category\/spectacle\/theatre\/"},"img":{"alt_text":"","src":"","width":0,"height":0},"classes":[]}],"jetpack_sharing_enabled":true,"jetpack_likes_enabled":true,"_links":{"self":[{"href":"http:\/\/www.letourismeaparis.fr\/index.php\/wp-json\/wp\/v2\/posts\/17892","targetHints":{"allow":["GET"]}}],"collection":[{"href":"http:\/\/www.letourismeaparis.fr\/index.php\/wp-json\/wp\/v2\/posts"}],"about":[{"href":"http:\/\/www.letourismeaparis.fr\/index.php\/wp-json\/wp\/v2\/types\/post"}],"author":[{"embeddable":true,"href":"http:\/\/www.letourismeaparis.fr\/index.php\/wp-json\/wp\/v2\/users\/2"}],"replies":[{"embeddable":true,"href":"http:\/\/www.letourismeaparis.fr\/index.php\/wp-json\/wp\/v2\/comments?post=17892"}],"version-history":[{"count":0,"href":"http:\/\/www.letourismeaparis.fr\/index.php\/wp-json\/wp\/v2\/posts\/17892\/revisions"}],"wp:attachment":[{"href":"http:\/\/www.letourismeaparis.fr\/index.php\/wp-json\/wp\/v2\/media?parent=17892"}],"wp:term":[{"taxonomy":"category","embeddable":true,"href":"http:\/\/www.letourismeaparis.fr\/index.php\/wp-json\/wp\/v2\/categories?post=17892"},{"taxonomy":"post_tag","embeddable":true,"href":"http:\/\/www.letourismeaparis.fr\/index.php\/wp-json\/wp\/v2\/tags?post=17892"}],"curies":[{"name":"wp","href":"https:\/\/api.w.org\/{rel}","templated":true}]}}