{"id":17912,"date":"2016-02-09T15:11:48","date_gmt":"2016-02-09T14:11:48","guid":{"rendered":"http:\/\/www.letourismeaparis.fr\/?p=17912"},"modified":"2016-02-09T15:11:48","modified_gmt":"2016-02-09T14:11:48","slug":"explorez-mars-du-9-fevrier-au-28-aout-2016-au-palais-de-la-decouverte","status":"publish","type":"post","link":"http:\/\/www.letourismeaparis.fr\/index.php\/2016\/02\/09\/explorez-mars-du-9-fevrier-au-28-aout-2016-au-palais-de-la-decouverte\/","title":{"rendered":"EXPLOREZ MARS  du 9 f\u00e9vrier au 28 ao\u00fbt 2016  au Palais de la d\u00e9couverte"},"content":{"rendered":"<p>&nbsp;<br \/>\n\u00a0\u00bb Explorez Mars\u00a0\u00bb transporte le visiteur \u00e0 des milliers de kilom\u00e8tres de la Terre gr\u00e2ce \u00e0 une aventure spatiale originale et sensorielle.\u00a0Elle permet \u00e9galement de d\u00e9couvrir les rovers et les sondes qui ont\u00a0foul\u00e9 ou approch\u00e9 une plan\u00e8te aussi myst\u00e9rieuse qu\u2019intrigante.\u00a0Observable \u00e0 l\u2019\u0153il nu, la plan\u00e8te Mars attire toutes les curiosit\u00e9s. Cin\u00e9ma, t\u00e9l\u00e9vision, litt\u00e9rature,\u00a0tous se sont pench\u00e9s sur elle pour tenter d\u2019en d\u00e9couvrir les secrets.<a href=\"http:\/\/www.letourismeaparis.fr\/wp-content\/uploads\/2016\/02\/Mars.jpg\"><img loading=\"lazy\" decoding=\"async\" class=\"aligncenter size-medium wp-image-17913\" src=\"http:\/\/www.letourismeaparis.fr\/wp-content\/uploads\/2016\/02\/Mars-216x300.jpg\" alt=\"Mars\" width=\"216\" height=\"300\" \/><\/a><br \/>\nL\u2019exposition du Palais de la\u00a0d\u00e9couverte fait la lumi\u00e8re sur un mythe et propose un \u00e9tat des lieux des d\u00e9couvertes scientifiques\u00a0r\u00e9alis\u00e9es par les diff\u00e9rentes exp\u00e9ditions spatiales.\u00a0d\u2019exposition.\u00a0 \u00a0 \u00a0<!--more--><br \/>\n<a href=\"http:\/\/www.palais-decouverte.fr \u2022 #expoMars\">www.palais-decouverte.fr \u2022 #expoMars<\/a><br \/>\nPalais de la d\u00e9couverte<br \/>\nAvenue Franklin Roosevelt &#8211; 75008 Paris<br \/>\nM Franklin Roosevelt ou Champs-Elys\u00e9es Clemenceau<br \/>\n&nbsp;<br \/>\nOuvert tous les jours, sauf le lundi, de 9h30 \u00e0 18h,<br \/>\net le dimanche de 10h \u00e0 19h.<br \/>\nOuvertures exceptionnelles jusqu\u2019\u00e0 19h<br \/>\ntous les samedis jusqu\u2019au 16 ao\u00fbt 2016<\/p>\n","protected":false},"excerpt":{"rendered":"<p>&nbsp; \u00a0\u00bb Explorez Mars\u00a0\u00bb transporte le visiteur \u00e0 des milliers de kilom\u00e8tres de la Terre gr\u00e2ce \u00e0 une aventure spatiale originale et sensorielle.\u00a0Elle permet \u00e9galement de d\u00e9couvrir les rovers et les sondes qui ont\u00a0foul\u00e9 ou approch\u00e9 une plan\u00e8te aussi myst\u00e9rieuse&#8230;<\/p>\n","protected":false},"author":2,"featured_media":0,"comment_status":"open","ping_status":"open","sticky":false,"template":"","format":"standard","meta":{"ngg_post_thumbnail":0,"jetpack_post_was_ever_published":false,"_jetpack_newsletter_access":"","footnotes":""},"categories":[1],"tags":[],"class_list":["post-17912","post","type-post","status-publish","format-standard","hentry","category-non-classe"],"jetpack_featured_media_url":"","jetpack-related-posts":[{"id":7447,"url":"http:\/\/www.letourismeaparis.fr\/index.php\/2010\/04\/24\/la-conquete-spaciale-en-images-au-palais-de-la-decouverte\/","url_meta":{"origin":17912,"position":0},"title":"&quot;La Conqu\u00eate spaciale en images&quot; au palais de la d\u00e9couverte","author":"Fabienne TM","date":"24 avril 2010","format":false,"excerpt":"jusqu' au 23 mai 2010 L\u2019exposition \u00ab La conqu\u00eate spatiale en images \u00bb pr\u00e9sente, \u00e0 travers 47 photographies, l\u2019\u00e9pop\u00e9e de la conqu\u00eate spatiale depuis le lancement du premier satellite artificiel Spoutnik en 1957 jusqu\u2019\u00e0 nos jours. Outre l\u2019aspect historique des actions men\u00e9es par ces diff\u00e9rentes nations, cette exposition s\u2019attache \u00e9galement\u2026","rel":"","context":"Dans &quot;Non class\u00e9&quot;","block_context":{"text":"Non class\u00e9","link":"http:\/\/www.letourismeaparis.fr\/index.php\/category\/non-classe\/"},"img":{"alt_text":"","src":"","width":0,"height":0},"classes":[]},{"id":21320,"url":"http:\/\/www.letourismeaparis.fr\/index.php\/2018\/09\/30\/poison-10-octobre-2018-aout-2019-palais-de-la-decouverte-30-especes-vivantes\/","url_meta":{"origin":17912,"position":1},"title":"POISON 10 octobre 2018 &#8211; ao\u00fbt 2019 Palais de la d\u00e9couverte 30 esp\u00e8ces vivantes","author":"Fabienne TM","date":"30 septembre 2018","format":false,"excerpt":"\u00a0 Pr\u00e9sent\u00e9e du 10 octobre 2018 au 30 ao\u00fbt 2019 au Palais de la d\u00e9couverte, Poison d\u00e9voilant au public une trentaine d'esp\u00e8ces vivantes, v\u00e9n\u00e9neuses ou v\u00e9n\u00e9neuses: serpents, dendrobates, grenouilles, l\u00e9zards, araign\u00e9es, arthropodes\u2026 Pr\u00e9sent\u00e9es dans les terrariums fid\u00e8les \u00e0 leurs milieux naturels, ces esp\u00e8ces sont une porte d'entr\u00e9e fascinante dans le\u2026","rel":"","context":"Dans &quot;Mus\u00e9es \/ Expositions&quot;","block_context":{"text":"Mus\u00e9es \/ Expositions","link":"http:\/\/www.letourismeaparis.fr\/index.php\/category\/culture\/musees-expositions\/"},"img":{"alt_text":"","src":"","width":0,"height":0},"classes":[]},{"id":5926,"url":"http:\/\/www.letourismeaparis.fr\/index.php\/2010\/01\/20\/la-faim-des-dinosaures-au-palais-de-la-decouverte-a-voir\/","url_meta":{"origin":17912,"position":2},"title":"La faim des Dinosaures au Palais de la D\u00e9couverte: \u00e0 voir !","author":"Fabienne TM","date":"20 janvier 2010","format":false,"excerpt":"Une exposition \"extraordinaire\". Une mise en sc\u00e8ne superbe , un d\u00e9cor fabuleux peupl\u00e9 de dinosaures anim\u00e9s \u00e0 taille r\u00e9elle ! un parcours et une recherche d\u2019indices vous feront\u00a0 d\u00e9couvrir comment ils se nourrissaient. dinosaure photoFTM de nombreuses esp\u00e8ces sont pr\u00e9sent\u00e9es et \u00e9tudi\u00e9es, du brachiosaure \u00e0 l\u2019edmontausaure sans oublier le tyrannosaure,\u2026","rel":"","context":"Dans &quot;Non class\u00e9&quot;","block_context":{"text":"Non class\u00e9","link":"http:\/\/www.letourismeaparis.fr\/index.php\/category\/non-classe\/"},"img":{"alt_text":"","src":"https:\/\/i0.wp.com\/www.letourismeaparis.fr\/wp-content\/uploads\/2009\/12\/dinosaureFTM.jpg?resize=350%2C200","width":350,"height":200},"classes":[]},{"id":9523,"url":"http:\/\/www.letourismeaparis.fr\/index.php\/2011\/08\/15\/les-survivants-de-lextreme-au-palais-de-la-decouverte\/","url_meta":{"origin":17912,"position":3},"title":"\u00ab Les survivants de l\u2019extr\u00eame \u00bb au Palais de la d\u00e9couverte","author":"Fabienne TM","date":"15 ao\u00fbt 2011","format":false,"excerpt":"\u00ab Les survivants de l\u2019extr\u00eame \u00bb est une exposition qui explore\u00a0\u00a0 des lieux tr\u00e8s chauds, tr\u00e8s froids, tr\u00e8s secs ou\u2026 tr\u00e8s pauvres en oxyg\u00e8ne. Des cr\u00e9atures animales ou v\u00e9g\u00e9tales\u00a0 se sont adapt\u00e9es \u00e0 leur environnement Le phoque r\u00e9siste au froid gr\u00e2ce \u00e0 ses couches de graisse. Le chameau est capable\u2026","rel":"","context":"Dans &quot;Non class\u00e9&quot;","block_context":{"text":"Non class\u00e9","link":"http:\/\/www.letourismeaparis.fr\/index.php\/category\/non-classe\/"},"img":{"alt_text":"","src":"","width":0,"height":0},"classes":[]},{"id":17259,"url":"http:\/\/www.letourismeaparis.fr\/index.php\/2015\/10\/22\/vacances-de-la-toussaint-au-palais-de-la-decouverte-et-a-la-cite-des-sciences-et-de-lindustrie\/","url_meta":{"origin":17912,"position":4},"title":"Vacances de la Toussaint  au Palais de la d\u00e9couverte et \u00e0 la Cit\u00e9 des sciences et de l\u2019industrie","author":"Fabienne TM","date":"22 octobre 2015","format":false,"excerpt":"Ouverts exceptionnellement les lundis, les deux mus\u00e9es proposent 14 jours non-stop d\u2018activit\u00e9s. Les ateliers et expos\u00e9s qui accompagnent les expositions temporaires aux th\u00e9matiques fortes et dans l\u2019air du temps, permettent \u00e0 chacun de trouver son bonheur. Ouvertures exceptionnelles les lundis 19 et 26 octobre. Ouverts tous les jours jusqu\u2019\u00e0 19h.\u2026","rel":"","context":"Dans &quot;Familles&quot;","block_context":{"text":"Familles","link":"http:\/\/www.letourismeaparis.fr\/index.php\/category\/familles\/"},"img":{"alt_text":"","src":"","width":0,"height":0},"classes":[]},{"id":19062,"url":"http:\/\/www.letourismeaparis.fr\/index.php\/2016\/11\/25\/faites-vos-jeux-quand-les-maths-sen-melent-du-6-decembre-2016-au-27-aout-2017-au-palais-de-la-decouverte\/","url_meta":{"origin":17912,"position":5},"title":"FAITES VOS JEUX ! QUAND LES MATHS S\u2019EN M\u00caLENT Du 6 d\u00e9cembre 2016 au 27 ao\u00fbt 2017 au Palais de la d\u00e9couverte","author":"Fabienne TM","date":"25 novembre 2016","format":false,"excerpt":"FAITES VOS JEUX ! QUAND LES MATHS S\u2019EN M\u00caLENT Du 6 d\u00e9cembre 2016 au 27 ao\u00fbt 2017 au Palais de la d\u00e9couverte \u201cLes formules math\u00e9matiques li\u00e9es aux probabilit\u00e9s font partie de ces th\u00e8mes un peu ardus que le Palais de la d\u00e9couverte rend non seulement accessibles mais aussi ludiques, pour\u2026","rel":"","context":"Dans &quot;Familles&quot;","block_context":{"text":"Familles","link":"http:\/\/www.letourismeaparis.fr\/index.php\/category\/familles\/"},"img":{"alt_text":"","src":"","width":0,"height":0},"classes":[]}],"jetpack_sharing_enabled":true,"jetpack_likes_enabled":true,"_links":{"self":[{"href":"http:\/\/www.letourismeaparis.fr\/index.php\/wp-json\/wp\/v2\/posts\/17912","targetHints":{"allow":["GET"]}}],"collection":[{"href":"http:\/\/www.letourismeaparis.fr\/index.php\/wp-json\/wp\/v2\/posts"}],"about":[{"href":"http:\/\/www.letourismeaparis.fr\/index.php\/wp-json\/wp\/v2\/types\/post"}],"author":[{"embeddable":true,"href":"http:\/\/www.letourismeaparis.fr\/index.php\/wp-json\/wp\/v2\/users\/2"}],"replies":[{"embeddable":true,"href":"http:\/\/www.letourismeaparis.fr\/index.php\/wp-json\/wp\/v2\/comments?post=17912"}],"version-history":[{"count":0,"href":"http:\/\/www.letourismeaparis.fr\/index.php\/wp-json\/wp\/v2\/posts\/17912\/revisions"}],"wp:attachment":[{"href":"http:\/\/www.letourismeaparis.fr\/index.php\/wp-json\/wp\/v2\/media?parent=17912"}],"wp:term":[{"taxonomy":"category","embeddable":true,"href":"http:\/\/www.letourismeaparis.fr\/index.php\/wp-json\/wp\/v2\/categories?post=17912"},{"taxonomy":"post_tag","embeddable":true,"href":"http:\/\/www.letourismeaparis.fr\/index.php\/wp-json\/wp\/v2\/tags?post=17912"}],"curies":[{"name":"wp","href":"https:\/\/api.w.org\/{rel}","templated":true}]}}