{"id":17981,"date":"2016-02-23T10:31:48","date_gmt":"2016-02-23T09:31:48","guid":{"rendered":"http:\/\/www.letourismeaparis.fr\/?p=17981"},"modified":"2016-02-23T10:31:48","modified_gmt":"2016-02-23T09:31:48","slug":"helena-almeida-corpus-jusquau-22-mai-2016-au-jeu-de-paume","status":"publish","type":"post","link":"http:\/\/www.letourismeaparis.fr\/index.php\/2016\/02\/23\/helena-almeida-corpus-jusquau-22-mai-2016-au-jeu-de-paume\/","title":{"rendered":"Helena Almeida  Corpus  Jusqu\u2019au 22 mai 2016   au Jeu de Pa\u00fbme"},"content":{"rendered":"<p>&nbsp;<br \/>\nN\u00e9e en 1934 \u00e0 Lisbonne, o\u00f9 elle vit et travaille, Helena Almeida a achev\u00e9 un cursus en peinture au d\u00e9partement des Beaux-Arts de l\u2019Universit\u00e9 de Lisbonne en 1955, exposant r\u00e9guli\u00e8rement depuis la fin des ann\u00e9es 1960. D\u00e8s ses d\u00e9buts, elle explore et remet en question les formes d\u2019expression traditionnelles, la peinture en particulier, suivant un d\u00e9sir constant d\u2019enfreindre l\u2019espace d\u00e9limit\u00e9 par le plan pictural.<a href=\"http:\/\/www.letourismeaparis.fr\/wp-content\/uploads\/2016\/02\/helene.jpeg\"><img loading=\"lazy\" decoding=\"async\" class=\"aligncenter size-medium wp-image-17983\" src=\"http:\/\/www.letourismeaparis.fr\/wp-content\/uploads\/2016\/02\/helene-225x300.jpeg\" alt=\"helene\" width=\"225\" height=\"300\" \/><\/a><br \/>\n&nbsp;<br \/>\nL\u2019exposition \u00ab\u202fCorpus\u202f\u00bb pr\u00e9sente un ensemble d\u2019\u0153uvres \u2013 peinture, photographie, vid\u00e9o et dessin \u2013 r\u00e9alis\u00e9es par l\u2019artiste des ann\u00e9es 1960 \u00e0 nos jours dans lesquelles le corps enregistre, occupe et d\u00e9finit l\u2019espace. Elle a une dimension r\u00e9trospective, rassemblant les diff\u00e9rentes phases du travail de l\u2019artiste, depuis ses premi\u00e8res \u0153uvres datant du milieu des ann\u00e9es 1960 jusqu\u2019\u00e0 ses productions les plus r\u00e9centes.<!--more--><br \/>\nPourtant, la m\u00eame question ne cesse d\u2019habiter l\u2019ensemble du travail d\u2019Helena Almeida : comment un corps et le mouvement d\u2019un corps (toujours celui de l\u2019artiste) parviennent-ils \u00e0 faire \u0153uvre d\u2019art\u202f? L\u2019intransigeance avec laquelle Helena Almeida traite ce sujet fait de son \u0153uvre, comme le dit Isabel Carlos, \u00ab\u202fl\u2019une des plus radicalement coh\u00e9rentes de l\u2019art portugais de la seconde moiti\u00e9 du XXe si\u00e8cle\u202f\u00bb.<br \/>\nJeu de paume<br \/>\nJardins des Tuileries \u00a0Paris75001<\/p>\n","protected":false},"excerpt":{"rendered":"<p>&nbsp; N\u00e9e en 1934 \u00e0 Lisbonne, o\u00f9 elle vit et travaille, Helena Almeida a achev\u00e9 un cursus en peinture au d\u00e9partement des Beaux-Arts de l\u2019Universit\u00e9 de Lisbonne en 1955, exposant r\u00e9guli\u00e8rement depuis la fin des ann\u00e9es 1960. D\u00e8s ses d\u00e9buts,&#8230;<\/p>\n","protected":false},"author":2,"featured_media":0,"comment_status":"open","ping_status":"open","sticky":false,"template":"","format":"standard","meta":{"ngg_post_thumbnail":0,"jetpack_post_was_ever_published":false,"_jetpack_newsletter_access":"","footnotes":""},"categories":[41],"tags":[],"class_list":["post-17981","post","type-post","status-publish","format-standard","hentry","category-photos"],"jetpack_featured_media_url":"","jetpack-related-posts":[{"id":20004,"url":"http:\/\/www.letourismeaparis.fr\/index.php\/2017\/07\/26\/derain-balthus-giacometti-une-amitie-artistique-au-musee-dart-moderne\/","url_meta":{"origin":17981,"position":0},"title":"Derain, Balthus, Giacometti  Une amiti\u00e9 artistique   au mus\u00e9e d&#039;art  moderne","author":"Fabienne TM","date":"26 juillet 2017","format":false,"excerpt":"Derain, Balthus, Giacometti Une amiti\u00e9 artistique jusqu'au 29 octobre 2017 Le Mus\u00e9e d\u2019Art moderne de la Ville de Paris pr\u00e9sente une exposition in\u00e9dite explorant l\u2019amiti\u00e9 entre trois artistes majeurs du XXe si\u00e8cle : Andr\u00e9 Derain (1880-1954), Balthus (1908-2001) et Alberto Giacometti(1901-1966) Andr\u00e9 Derain, Genevi\u00e8ve \u00e0 la pomme, 1937-1938 Huile sur\u2026","rel":"","context":"Dans &quot;Beaux arts&quot;","block_context":{"text":"Beaux arts","link":"http:\/\/www.letourismeaparis.fr\/index.php\/category\/culture\/musees-expositions\/beaux-arts\/"},"img":{"alt_text":"","src":"","width":0,"height":0},"classes":[]},{"id":25484,"url":"http:\/\/www.letourismeaparis.fr\/index.php\/2024\/02\/09\/transparences-le-pouvoir-des-matieresune-magnifique-exposition\/","url_meta":{"origin":17981,"position":1},"title":"Transparences, le pouvoir des mati\u00e8res,une magnifique exposition","author":"Fabienne TM","date":"9 f\u00e9vrier 2024","format":false,"excerpt":"Le Mus\u00e9e Yves Saint Laurent Paris pr\u00e9sente, jusqu\u2019au 25 ao\u00fbt 2024, Yves Saint Laurent : Transparences, le pouvoir des mati\u00e8res, deuxi\u00e8me chapitre d\u2019un r\u00e9cit entam\u00e9 l\u2019\u00e9t\u00e9 dernier \u00e0 la Cit\u00e9 de la dentelle et de la mode de Calais. Yves Saint Laurent s\u2019empare, d\u00e8s les ann\u00e9es 1960, des mati\u00e8res comme\u2026","rel":"","context":"Dans &quot;Haute couture&quot;","block_context":{"text":"Haute couture","link":"http:\/\/www.letourismeaparis.fr\/index.php\/category\/haute-couture\/"},"img":{"alt_text":"","src":"https:\/\/i0.wp.com\/www.letourismeaparis.fr\/wp-content\/uploads\/2024\/02\/Capture-decran-2024-02-09-a-15.42.24.png?resize=350%2C200","width":350,"height":200},"classes":[]},{"id":14846,"url":"http:\/\/www.letourismeaparis.fr\/index.php\/2014\/03\/27\/america-latina-1960-2013-jusqu-au-6-avril-201-la-fondation-cartier-pour-lart-contemporain\/","url_meta":{"origin":17981,"position":2},"title":"AMERICA LATINA 1960-2013 jusqu&#039; au 6 avril 201 \u00e0 la Fondation Cartier pour l\u2019art contemporain","author":"Fabienne TM","date":"27 mars 2014","format":false,"excerpt":"\u00a0 la Fondation Cartier pour l\u2019art contemporain pr\u00e9sente\u00a0Am\u00e9rica Latina 1960-2013, en coproduction avec le Museo Amparo de Puebla (Mexique). L\u2019exposition offre une perspective nouvelle sur la photographie latino-am\u00e9ricaine de 1960 \u00e0 nos jours, \u00e0 travers le prisme de la relation entre texte et image photographique. Rassemblant plus de soixante-dix artistes\u2026","rel":"","context":"Dans &quot;Non class\u00e9&quot;","block_context":{"text":"Non class\u00e9","link":"http:\/\/www.letourismeaparis.fr\/index.php\/category\/non-classe\/"},"img":{"alt_text":"","src":"","width":0,"height":0},"classes":[]},{"id":17106,"url":"http:\/\/www.letourismeaparis.fr\/index.php\/2016\/02\/27\/walton-ford-au-musee-de-la-chasse\/","url_meta":{"origin":17981,"position":3},"title":"Walton Ford au mus\u00e9e de la chasse : derniers jours !","author":"Fabienne TM","date":"27 f\u00e9vrier 2016","format":false,"excerpt":"L\u2019exposition est la premi\u00e8re qui soit d\u00e9di\u00e9e en France au peintre am\u00e9ricain Walton Ford.Ses \u0153uvres conjuguent monumentalit\u00e9 des formats (parfois plus de trois m\u00e8tres de long) et pr\u00e9cision de miniaturiste. R\u00e9alis\u00e9es \u00e0 l\u2019aquarelle, elles s\u2019apparentent aux plus belles planches zoologiques \u00e9dit\u00e9es au xixe si\u00e8cle. a monster from Guiny 2007 (\u00a9courtesy\u2026","rel":"","context":"Dans &quot;Mus\u00e9es \/ Expositions&quot;","block_context":{"text":"Mus\u00e9es \/ Expositions","link":"http:\/\/www.letourismeaparis.fr\/index.php\/category\/culture\/musees-expositions\/"},"img":{"alt_text":"","src":"","width":0,"height":0},"classes":[]},{"id":11415,"url":"http:\/\/www.letourismeaparis.fr\/index.php\/2012\/01\/19\/les-expositions-gratuites-de-lhotel-de-ville-sempe-doisneau\/","url_meta":{"origin":17981,"position":4},"title":"Les expositions gratuites de l\u2019H\u00f4tel de Ville : Semp\u00e9, Doisneau","author":"Fabienne TM","date":"19 janvier 2012","format":false,"excerpt":"Semp\u00e9, un peu de Paris et d\u2019ailleurs ; cette exposition se terminera le 11 f\u00e9vrier 2012. Jean-Jacques Semp\u00e9, c\u00e9l\u00e8bre dessinateur d\u2019humour\u00a0 vous invite \u00e0 voir le monde \u00e0 travers son regard d\u2019artiste discret et sensible. Plus de 300 dessins originaux, accompagn\u00e9s de textes de l\u2019auteur, Doisneau, Paris Les Halles Du\u2026","rel":"","context":"Dans &quot;Non class\u00e9&quot;","block_context":{"text":"Non class\u00e9","link":"http:\/\/www.letourismeaparis.fr\/index.php\/category\/non-classe\/"},"img":{"alt_text":"","src":"","width":0,"height":0},"classes":[]},{"id":212,"url":"http:\/\/www.letourismeaparis.fr\/index.php\/2008\/07\/01\/peter-doig-au-musee-dart-moderne-jusquau-0709\/","url_meta":{"origin":17981,"position":5},"title":"Peter Doig au Mus\u00e9e d&#039;art moderne jusqu&#039;au 07\/09","author":"Fabienne TM","date":"1 juillet 2008","format":false,"excerpt":"Le Tourisme \u00e0 Paris Paris Advisor Compos\u00e9e d\u2019une centaine de peintures et dessins regroup\u00e9es par th\u00e8mes, l\u2019exposition retrace le parcours de l\u2019artiste britannique depuis le d\u00e9but des ann\u00e9es 1990 jusqu'\u00e0 nos jours. D\u00e8s le d\u00e9but des ann\u00e9es 1990, son travail est reconnu .Son approche tr\u00e8s personnelle de l\u2019image peinte lui\u2026","rel":"","context":"Dans &quot;Non class\u00e9&quot;","block_context":{"text":"Non class\u00e9","link":"http:\/\/www.letourismeaparis.fr\/index.php\/category\/non-classe\/"},"img":{"alt_text":"","src":"","width":0,"height":0},"classes":[]}],"jetpack_sharing_enabled":true,"jetpack_likes_enabled":true,"_links":{"self":[{"href":"http:\/\/www.letourismeaparis.fr\/index.php\/wp-json\/wp\/v2\/posts\/17981","targetHints":{"allow":["GET"]}}],"collection":[{"href":"http:\/\/www.letourismeaparis.fr\/index.php\/wp-json\/wp\/v2\/posts"}],"about":[{"href":"http:\/\/www.letourismeaparis.fr\/index.php\/wp-json\/wp\/v2\/types\/post"}],"author":[{"embeddable":true,"href":"http:\/\/www.letourismeaparis.fr\/index.php\/wp-json\/wp\/v2\/users\/2"}],"replies":[{"embeddable":true,"href":"http:\/\/www.letourismeaparis.fr\/index.php\/wp-json\/wp\/v2\/comments?post=17981"}],"version-history":[{"count":0,"href":"http:\/\/www.letourismeaparis.fr\/index.php\/wp-json\/wp\/v2\/posts\/17981\/revisions"}],"wp:attachment":[{"href":"http:\/\/www.letourismeaparis.fr\/index.php\/wp-json\/wp\/v2\/media?parent=17981"}],"wp:term":[{"taxonomy":"category","embeddable":true,"href":"http:\/\/www.letourismeaparis.fr\/index.php\/wp-json\/wp\/v2\/categories?post=17981"},{"taxonomy":"post_tag","embeddable":true,"href":"http:\/\/www.letourismeaparis.fr\/index.php\/wp-json\/wp\/v2\/tags?post=17981"}],"curies":[{"name":"wp","href":"https:\/\/api.w.org\/{rel}","templated":true}]}}