{"id":18010,"date":"2016-02-29T18:24:06","date_gmt":"2016-02-29T17:24:06","guid":{"rendered":"http:\/\/www.letourismeaparis.fr\/?p=18010"},"modified":"2016-02-29T18:24:06","modified_gmt":"2016-02-29T17:24:06","slug":"une-course-a-paris-la-foulee-des-familles-dimanches-20-mars-a-8h30","status":"publish","type":"post","link":"http:\/\/www.letourismeaparis.fr\/index.php\/2016\/02\/29\/une-course-a-paris-la-foulee-des-familles-dimanches-20-mars-a-8h30\/","title":{"rendered":"Une course \u00e0 Paris : la foul\u00e9e des familles dimanches 20 mars \u00e0 8h30"},"content":{"rendered":"<p><strong>\u00ab\u00a010 km du Neuf<\/strong>\u00a0\u00bb<br \/>\nTout le monde, petits comme grands, pourront participer,la\u00a0<strong>\u00ab\u00a0Foul\u00e9e des familles\u00a0\u00bb<\/strong>vous offre un parcours adapt\u00e9 (<strong>1,5 km<\/strong>).<br \/>\n<strong>Dimanche 20 mars \u00e0 8h30<a href=\"http:\/\/www.letourismeaparis.fr\/wp-content\/uploads\/2016\/02\/10.jpg\"><img loading=\"lazy\" decoding=\"async\" class=\"aligncenter wp-image-18011\" src=\"http:\/\/www.letourismeaparis.fr\/wp-content\/uploads\/2016\/02\/10-200x300.jpg\" alt=\"10\" width=\"133\" height=\"193\" \/><\/a><\/strong><br \/>\nBoulevard Haussmann\u00a0<!--more--><br \/>\n<strong>Pour les nouveaux coureurs<\/strong>, inscription sur\u00a0<a href=\"http:\/\/www.10kmduneuf.com\/\">http:\/\/www.10kmduneuf.com\/<\/a>.<\/p>\n","protected":false},"excerpt":{"rendered":"<p>\u00ab\u00a010 km du Neuf\u00a0\u00bb Tout le monde, petits comme grands, pourront participer,la\u00a0\u00ab\u00a0Foul\u00e9e des familles\u00a0\u00bbvous offre un parcours adapt\u00e9 (1,5 km). Dimanche 20 mars \u00e0 8h30 Boulevard Haussmann\u00a0<\/p>\n","protected":false},"author":2,"featured_media":0,"comment_status":"open","ping_status":"open","sticky":false,"template":"","format":"standard","meta":{"ngg_post_thumbnail":0,"jetpack_post_was_ever_published":false,"_jetpack_newsletter_access":"","footnotes":""},"categories":[28,18,48],"tags":[124],"class_list":["post-18010","post","type-post","status-publish","format-standard","hentry","category-familles","category-coursemarathon","category-sport","tag-coursemarathon"],"jetpack_featured_media_url":"","jetpack-related-posts":[{"id":2514,"url":"http:\/\/www.letourismeaparis.fr\/index.php\/2009\/04\/04\/marathon-de-paris-parcours-du-dimanche-5-avril-2009\/","url_meta":{"origin":18010,"position":0},"title":"Marathon de Paris :  parcours du dimanche 5 avril 2009","author":"Fabienne TM","date":"4 avril 2009","format":false,"excerpt":"Marathon de Paris : nouveau parcours le marathon de Paris, aura lieu\u00a0 dimanche 5 avril. 37 000 coureurs seront au d\u00e9part , en haut des Champs-Elys\u00e9es \u00e0 8h35 (handisport) et 8h45 (autres)sur l\u2019avenue des Champs Elys\u00e9es. La course passera par la place de la Concorde, la rue de Rivoli, la\u2026","rel":"","context":"Dans &quot;Non class\u00e9&quot;","block_context":{"text":"Non class\u00e9","link":"http:\/\/www.letourismeaparis.fr\/index.php\/category\/non-classe\/"},"img":{"alt_text":"","src":"","width":0,"height":0},"classes":[]},{"id":11547,"url":"http:\/\/www.letourismeaparis.fr\/index.php\/2012\/02\/28\/semi-marathon-de-paris-le-4-mars\/","url_meta":{"origin":18010,"position":1},"title":"Semi-marathon de Paris le 4 mars","author":"Fabienne TM","date":"28 f\u00e9vrier 2012","format":false,"excerpt":"Semi-marathon de Paris Le semi-marathon de Paris ouvre la saison 2012 des courses de fond. Un parcours de 21,1 km qui traverse tout l\u2019Est de la capitale. il traversera l\u2019Est-Parisien sur 21,1km, passera par le bois de Vincennes, le 12e arrondissement et le centre de Paris. Pas moins de 30\u2026","rel":"","context":"Dans &quot;Non class\u00e9&quot;","block_context":{"text":"Non class\u00e9","link":"http:\/\/www.letourismeaparis.fr\/index.php\/category\/non-classe\/"},"img":{"alt_text":"","src":"","width":0,"height":0},"classes":[]},{"id":14898,"url":"http:\/\/www.letourismeaparis.fr\/index.php\/2014\/04\/06\/le-parcours-du-marathon-de-paris-dimanche-6-avril\/","url_meta":{"origin":18010,"position":2},"title":"Le parcours du marathon de Paris , dimanche 6 avril","author":"Fabienne TM","date":"6 avril 2014","format":false,"excerpt":"\u00e0 partir de 8h30 Avenue des Champs-Elys\u00e9es Rue de Rivoli Place de la Bastille Rue du Faubourg Saint-Antoine Rue de Reuilly Avenue Daumesnil Ch\u00e2teau de Vincennes Route de la Pyramide Route Saint Hubert Route du Pesage Avenue de Gravelle Porte de Charenton Avenue Daumesnil Boulevard Bourdon Quai des C\u00e9lestins Voie\u2026","rel":"","context":"Dans &quot;Non class\u00e9&quot;","block_context":{"text":"Non class\u00e9","link":"http:\/\/www.letourismeaparis.fr\/index.php\/category\/non-classe\/"},"img":{"alt_text":"","src":"","width":0,"height":0},"classes":[]},{"id":17359,"url":"http:\/\/www.letourismeaparis.fr\/index.php\/2016\/02\/06\/la-odlo-crystal-run-le-10-km-au-coeur-de-paris-le-14-fevrier-2016\/","url_meta":{"origin":18010,"position":3},"title":"La Odlo Crystal Run :  le &quot;10 KM&quot; au c\u0153ur de Paris le 14 f\u00e9vrier 2016,","author":"Fabienne TM","date":"6 f\u00e9vrier 2016","format":false,"excerpt":"\u00a0 \u00a0 Le 14 f\u00e9vrier 2016, Amaury Sport Organisation lance la\u00a0Odlo\u00a0Crystal\u00a0Run, le premier \u00e9v\u00e9nement running hivernal, articul\u00e9 autour d\u2019un parcours de 10 KM au c\u0153ur de Paris et d\u2019un Village sur le parvis de l\u2019H\u00f4tel de Ville. \u00a0 A retenir : - Lancement des inscriptions pour la course la plus\u2026","rel":"","context":"Dans &quot;Non class\u00e9&quot;","block_context":{"text":"Non class\u00e9","link":"http:\/\/www.letourismeaparis.fr\/index.php\/category\/non-classe\/"},"img":{"alt_text":"","src":"","width":0,"height":0},"classes":[]},{"id":7324,"url":"http:\/\/www.letourismeaparis.fr\/index.php\/2010\/04\/09\/course-du-ptit-dej-samedi-10-avril-7-a-77-ans\/","url_meta":{"origin":18010,"position":4},"title":"Course  du&quot; ptit dej&quot;  samedi 10 avril  (7 \u00e0 77 ans)","author":"Fabienne TM","date":"9 avril 2010","format":false,"excerpt":"Samedi 10 avril 2010 la Course de l\u2019UNESCO\u00a0 devient la Course du \u00ab P\u2019tit dej \u00bb, et fait la part belle aux enfants de 4 \u00e0\u202677ans ! Entre 2 km ou 5km, au choix. A l\u2019arriv\u00e9e, de nombreuses animations, d\u00e9di\u00e9es aux jeune public (jeux, r\u00e9compenses, d\u00e9gustations\u2026) et notre traditionnel P'tit\u2026","rel":"","context":"Dans &quot;Non class\u00e9&quot;","block_context":{"text":"Non class\u00e9","link":"http:\/\/www.letourismeaparis.fr\/index.php\/category\/non-classe\/"},"img":{"alt_text":"","src":"","width":0,"height":0},"classes":[]},{"id":15919,"url":"http:\/\/www.letourismeaparis.fr\/index.php\/2014\/10\/31\/ekiden-de-paris-dimanche-2-novembre\/","url_meta":{"origin":18010,"position":5},"title":"Ekiden de Paris ,dimanche 2 novembre , un marathon sous forme de relais","author":"Fabienne TM","date":"31 octobre 2014","format":false,"excerpt":"\u00a0\u00a0Apr\u00e8s une premi\u00e8re \u00e9dition r\u00e9ussie en 2013 avec plus de 220 \u00e9quipes (1200 coureurs), la F\u00e9d\u00e9ration Fran\u00e7aise d'Athl\u00e9tisme et la Mairie de Paris s\u2019associent \u00e0 nouveau pour donner l'occasion aux d\u00e9butants en course \u00e0 pied comme aux confirm\u00e9s de parcourir la distance mythique du marathon sous forme de relais. Avec\u2026","rel":"","context":"Dans &quot;Sport&quot;","block_context":{"text":"Sport","link":"http:\/\/www.letourismeaparis.fr\/index.php\/category\/sport\/"},"img":{"alt_text":"","src":"","width":0,"height":0},"classes":[]}],"jetpack_sharing_enabled":true,"jetpack_likes_enabled":true,"_links":{"self":[{"href":"http:\/\/www.letourismeaparis.fr\/index.php\/wp-json\/wp\/v2\/posts\/18010","targetHints":{"allow":["GET"]}}],"collection":[{"href":"http:\/\/www.letourismeaparis.fr\/index.php\/wp-json\/wp\/v2\/posts"}],"about":[{"href":"http:\/\/www.letourismeaparis.fr\/index.php\/wp-json\/wp\/v2\/types\/post"}],"author":[{"embeddable":true,"href":"http:\/\/www.letourismeaparis.fr\/index.php\/wp-json\/wp\/v2\/users\/2"}],"replies":[{"embeddable":true,"href":"http:\/\/www.letourismeaparis.fr\/index.php\/wp-json\/wp\/v2\/comments?post=18010"}],"version-history":[{"count":0,"href":"http:\/\/www.letourismeaparis.fr\/index.php\/wp-json\/wp\/v2\/posts\/18010\/revisions"}],"wp:attachment":[{"href":"http:\/\/www.letourismeaparis.fr\/index.php\/wp-json\/wp\/v2\/media?parent=18010"}],"wp:term":[{"taxonomy":"category","embeddable":true,"href":"http:\/\/www.letourismeaparis.fr\/index.php\/wp-json\/wp\/v2\/categories?post=18010"},{"taxonomy":"post_tag","embeddable":true,"href":"http:\/\/www.letourismeaparis.fr\/index.php\/wp-json\/wp\/v2\/tags?post=18010"}],"curies":[{"name":"wp","href":"https:\/\/api.w.org\/{rel}","templated":true}]}}