{"id":18124,"date":"2016-06-13T13:30:27","date_gmt":"2016-06-13T11:30:27","guid":{"rendered":"http:\/\/www.letourismeaparis.fr\/?p=18124"},"modified":"2020-12-01T15:36:27","modified_gmt":"2020-12-01T14:36:27","slug":"de-belles-expositions-au-musee-des-arts-decoratifs-caricature-mode-barbie-decoration","status":"publish","type":"post","link":"http:\/\/www.letourismeaparis.fr\/index.php\/2016\/06\/13\/de-belles-expositions-au-musee-des-arts-decoratifs-caricature-mode-barbie-decoration\/","title":{"rendered":"Fashion Forward au mus\u00e9e des Arts d\u00e9coratifs."},"content":{"rendered":"<h1>FASHION FORWARD, 3 SI\u00c8CLES DE MODE (1715-2016)<\/h1>\n<h2 style=\"font-style: inherit; font-weight: inherit;\" data-0=\"visibility: hidden;opacity: 0;\" data-100=\"margin-bottom: 0em;visibility: visible;opacity: 0;\" data-150=\"margin-bottom: 1.8em;visibility: visible;opacity: 1;\">jusqu&rsquo;au 14 ao\u00fbt 2016<\/h2>\n<p style=\"font-style: inherit; font-weight: inherit;\">Le mus\u00e9e des Arts d\u00e9coratifs c\u00e9l\u00e8bre les trente ans de sa collection de mode du 7\u00a0avril au 14\u00a0ao\u00fbt 2016. C\u2019est l\u2019occasion de r\u00e9pondre \u00e0 une attente tr\u00e8s forte \u00e9manant du public\u00a0: avoir enfin la possibilit\u00e9 d\u2019embrasser l\u2019histoire de la mode sur plusieurs si\u00e8cles. C\u2019est aussi l\u2019opportunit\u00e9 d\u2019en dessiner les forces et d\u2019en rappeler ses particularit\u00e9s\u00a0: une collection nationale de mode et de textile conserv\u00e9e au sein du mus\u00e9e en dialogue avec les autres d\u00e9partements du mus\u00e9e des Arts D\u00e9coratifs, mus\u00e9e de tous les objets. L\u2019exposition r\u00e9unit 300 pi\u00e8ces de mode f\u00e9minine, masculine et enfantine du\u00a0XVIII<sup style=\"font-style: inherit; font-weight: inherit;\">e<\/sup>\u00a0si\u00e8cle \u00e0 nos jours, issus de son fonds, assembl\u00e9es, regroup\u00e9es pour dessiner une frise chronologique in\u00e9dite.<!--more--><\/p>\n<p><strong>Les Arts D\u00e9coratifs &#8211; Nef<br \/>\n107 rue de Rivoli<br \/>\n75001 Paris<\/strong><br \/>\nT\u00e9l.\u00a0: +33 (0)1 44 55 57 50<\/p>\n<ul>\n<li>du mardi au dimanche de 11h \u00e0 18h &#8211; dernier billet vendu \u00e0 17h30<br \/>\n\u2022\u00a0le jeudi\u00a0: nocturne jusqu\u2019\u00e0 21h (uniquement pour les expositions temporaires) &#8211; dernier billet vendu \u00e0 20h30<br \/>\n\u2022\u00a0ferm\u00e9s le lundi, ainsi que le 25\u00a0d\u00e9cembre, 1<sup>er<\/sup>janvier, 1<sup>er<\/sup>\u00a0mai chaque ann\u00e9e.<\/li>\n<\/ul>\n","protected":false},"excerpt":{"rendered":"<p>FASHION FORWARD, 3 SI\u00c8CLES DE MODE (1715-2016) jusqu&rsquo;au 14 ao\u00fbt 2016 Le mus\u00e9e des Arts d\u00e9coratifs c\u00e9l\u00e8bre les trente ans de sa collection de mode du 7\u00a0avril au 14\u00a0ao\u00fbt 2016. C\u2019est l\u2019occasion de r\u00e9pondre \u00e0 une attente tr\u00e8s forte \u00e9manant&#8230;<\/p>\n","protected":false},"author":2,"featured_media":0,"comment_status":"open","ping_status":"open","sticky":false,"template":"","format":"standard","meta":{"ngg_post_thumbnail":0,"jetpack_post_was_ever_published":false,"_jetpack_newsletter_access":"","footnotes":""},"categories":[37],"tags":[],"class_list":["post-18124","post","type-post","status-publish","format-standard","hentry","category-mode"],"jetpack_featured_media_url":"","jetpack-related-posts":[{"id":12397,"url":"http:\/\/www.letourismeaparis.fr\/index.php\/2012\/01\/01\/fashioning-fashion-deux-siecles-de-mode-europeenne-1700-1915-aux-musee-des-arts-decoratifs\/","url_meta":{"origin":18124,"position":0},"title":"Fashioning Fashion. Deux si\u00e8cles de mode europ\u00e9enne, 1700-1915 aux  mus\u00e9e des arts d\u00e9coratifs","author":"Fabienne TM","date":"1 janvier 2012","format":false,"excerpt":"jusqu'au 14 avril 2013 Fashioning Fashion : deux si\u00e8cles de mode europ\u00e9enne 1700-1915 c\u00e9l\u00e8bre l\u2019acquisition, par le LACMA, de deux remarquables collections, celle de Martin Kamer et celle de Wolfgang Ruf, tous deux antiquaires et collectionneurs de costumes et de tissus anciens. Ce patrimoine refl\u00e8te les principaux mouvements de mode\u2026","rel":"","context":"Dans &quot;Non class\u00e9&quot;","block_context":{"text":"Non class\u00e9","link":"http:\/\/www.letourismeaparis.fr\/index.php\/category\/non-classe\/"},"img":{"alt_text":"","src":"","width":0,"height":0},"classes":[]},{"id":19244,"url":"http:\/\/www.letourismeaparis.fr\/index.php\/2016\/12\/14\/tenue-correcte-exigee-quand-le-vetement-fait-scandale-jusquau-23-avril-2017\/","url_meta":{"origin":18124,"position":1},"title":"TENUE CORRECTE EXIG\u00c9E, QUAND LE V\u00caTEMENT FAIT SCANDALE  jusqu&#039;au 23 avril 2017","author":"Fabienne TM","date":"14 d\u00e9cembre 2016","format":false,"excerpt":"\u00a0 . \u00ab Tenue correcte exig\u00e9e, quand le v\u00eatement fait scandale \u00bb invite \u00e0 revisiter les scandales qui ont pr\u00e9sid\u00e9 les grands tournants de l\u2019histoire de la mode du XIVe si\u00e8cle \u00e0 nos jours. Cette exposition originale et inattendue propose d\u2019explorer pr\u00e8s de 300 v\u00eatements et accessoires, portraits, caricatures et\u2026","rel":"","context":"Dans &quot;Mode \/ Shopping&quot;","block_context":{"text":"Mode \/ Shopping","link":"http:\/\/www.letourismeaparis.fr\/index.php\/category\/loisirs\/mode\/"},"img":{"alt_text":"","src":"","width":0,"height":0},"classes":[]},{"id":19333,"url":"http:\/\/www.letourismeaparis.fr\/index.php\/2017\/02\/20\/tenue-correcte-exigee-quand-le-vetement-fait-scandale-au-musee-des-arts-decoratifs\/","url_meta":{"origin":18124,"position":2},"title":"TENUE CORRECTE EXIG\u00c9E, QUAND LE V\u00caTEMENT FAIT SCANDALE, au mus\u00e9e des arts d\u00e9coratifs","author":"Fabienne TM","date":"20 f\u00e9vrier 2017","format":false,"excerpt":"\u00ab Tenue correcte exig\u00e9e, quand le v\u00eatement fait scandale \u00bb invite \u00e0 revisiter les scandales qui ont pr\u00e9sid\u00e9 les grands tournants de l\u2019histoire de la mode du XIVe si\u00e8cle \u00e0 nos jours. jusqu'au 23 avril 2017 Cette exposition \u00a0propose d\u2019explorer pr\u00e8s de 300 v\u00eatements et accessoires, portraits, caricatures et petits\u2026","rel":"","context":"Dans &quot;Mode \/ Shopping&quot;","block_context":{"text":"Mode \/ Shopping","link":"http:\/\/www.letourismeaparis.fr\/index.php\/category\/loisirs\/mode\/"},"img":{"alt_text":"","src":"","width":0,"height":0},"classes":[]},{"id":16355,"url":"http:\/\/www.letourismeaparis.fr\/index.php\/2015\/03\/07\/jeanne-lanvin-galliera-du-8-mars-au-23-aout-2015\/","url_meta":{"origin":18124,"position":3},"title":"Jeanne Lanvin \u00e0 Galli\u00e9ra   du 8 mars au 23 ao\u00fbt 2015","author":"Fabienne TM","date":"7 mars 2015","format":false,"excerpt":"Jeanne Lanvin, robe du soir (d\u00e9tail), 1935-1936. Collection Palais Galliera. Photo : \u00a9 R. Briant et L. Degr\u00e2ces \/ Galliera \/ Roger-Viollet Le Palais Galliera, c\u00e9l\u00e8bre la plus ancienne maison de couture fran\u00e7aise encore en activit\u00e9. Consacr\u00e9e \u00e0 Jeanne Lanvin (1867-1946), cette premi\u00e8re retrospective parisienne r\u00e9unit, en une centaine de\u2026","rel":"","context":"Dans &quot;Luxe&quot;","block_context":{"text":"Luxe","link":"http:\/\/www.letourismeaparis.fr\/index.php\/category\/luxe\/"},"img":{"alt_text":"","src":"","width":0,"height":0},"classes":[]},{"id":25437,"url":"http:\/\/www.letourismeaparis.fr\/index.php\/2024\/01\/20\/iris-van-herpen-creatrice-de-mode-visionnaire-au-musee-des-arts-decoratifs\/","url_meta":{"origin":18124,"position":4},"title":"IRIS VAN HERPEN, cr\u00e9atrice de mode visionnaire,  au mus\u00e9e des arts d\u00e9coratifs","author":"Fabienne TM","date":"20 janvier 2024","format":false,"excerpt":"IRIS VAN HERPEN. SCULPTING THE SENSES Jusqu\u2019au 28 avril 2024 au mus\u00e9e des Arts D\u00e9coratifs \u00ab Iris van Herpen. Sculpting the Senses \u00bb rend hommage \u00e0 l\u2019une des cr\u00e9atrices de mode les plus visionnaires de sa g\u00e9n\u00e9ration . Pionni\u00e8re dans l\u2019usage des nouvelles technologies dans sa discipline, Iris van Herpen\u2026","rel":"","context":"Dans &quot;Haute couture&quot;","block_context":{"text":"Haute couture","link":"http:\/\/www.letourismeaparis.fr\/index.php\/category\/haute-couture\/"},"img":{"alt_text":"","src":"","width":0,"height":0},"classes":[]},{"id":25576,"url":"http:\/\/www.letourismeaparis.fr\/index.php\/2024\/04\/09\/la-naissance-des-grands-magasins-au-musee-des-arts-decoratifs\/","url_meta":{"origin":18124,"position":5},"title":"La naissance des grands magasins au mus\u00e9e des arts d\u00e9coratifs.","author":"Fabienne TM","date":"9 avril 2024","format":false,"excerpt":"Le mus\u00e9e des Arts d\u00e9coratifs consacre jusqu\u2019 au 13 octobre 2024, une exposition \u00e0 la naissance des grands magasins, qui deviennent au milieu du XIXe si\u00e8cle les nouveaux temples de la modernit\u00e9 et de la consommation. Une premi\u00e8re salle est consacr\u00e9e aux cr\u00e9ateurs, une autre au personnel,une autre au fonctionnement\u2026","rel":"","context":"Dans &quot;Mus\u00e9es \/ Expositions&quot;","block_context":{"text":"Mus\u00e9es \/ Expositions","link":"http:\/\/www.letourismeaparis.fr\/index.php\/category\/culture\/musees-expositions\/"},"img":{"alt_text":"","src":"https:\/\/i0.wp.com\/www.letourismeaparis.fr\/wp-content\/uploads\/2024\/04\/Capture-decran-2024-04-09-a-14.52.52.png?resize=350%2C200","width":350,"height":200},"classes":[]}],"jetpack_sharing_enabled":true,"jetpack_likes_enabled":true,"_links":{"self":[{"href":"http:\/\/www.letourismeaparis.fr\/index.php\/wp-json\/wp\/v2\/posts\/18124","targetHints":{"allow":["GET"]}}],"collection":[{"href":"http:\/\/www.letourismeaparis.fr\/index.php\/wp-json\/wp\/v2\/posts"}],"about":[{"href":"http:\/\/www.letourismeaparis.fr\/index.php\/wp-json\/wp\/v2\/types\/post"}],"author":[{"embeddable":true,"href":"http:\/\/www.letourismeaparis.fr\/index.php\/wp-json\/wp\/v2\/users\/2"}],"replies":[{"embeddable":true,"href":"http:\/\/www.letourismeaparis.fr\/index.php\/wp-json\/wp\/v2\/comments?post=18124"}],"version-history":[{"count":1,"href":"http:\/\/www.letourismeaparis.fr\/index.php\/wp-json\/wp\/v2\/posts\/18124\/revisions"}],"predecessor-version":[{"id":24247,"href":"http:\/\/www.letourismeaparis.fr\/index.php\/wp-json\/wp\/v2\/posts\/18124\/revisions\/24247"}],"wp:attachment":[{"href":"http:\/\/www.letourismeaparis.fr\/index.php\/wp-json\/wp\/v2\/media?parent=18124"}],"wp:term":[{"taxonomy":"category","embeddable":true,"href":"http:\/\/www.letourismeaparis.fr\/index.php\/wp-json\/wp\/v2\/categories?post=18124"},{"taxonomy":"post_tag","embeddable":true,"href":"http:\/\/www.letourismeaparis.fr\/index.php\/wp-json\/wp\/v2\/tags?post=18124"}],"curies":[{"name":"wp","href":"https:\/\/api.w.org\/{rel}","templated":true}]}}