{"id":18191,"date":"2016-05-25T13:05:49","date_gmt":"2016-05-25T12:05:49","guid":{"rendered":"http:\/\/www.letourismeaparis.fr\/?p=18191"},"modified":"2016-05-25T13:05:49","modified_gmt":"2016-05-25T12:05:49","slug":"bal-a-la-mairie-du-4eme","status":"publish","type":"post","link":"http:\/\/www.letourismeaparis.fr\/index.php\/2016\/05\/25\/bal-a-la-mairie-du-4eme\/","title":{"rendered":"Bal \u00e0 la mairie du 4\u00e8me"},"content":{"rendered":"<p>La Mairie du 4e accueille le bal du Centre de danse du Marais, bal ouvert \u00e0 toutes et tous. Il aura lieu le dimanche 29 mai dans la salle des f\u00eate de la Mairie du 4e, de 12h30 \u00e0 19h30.<!--more--><br \/>\nBal du Centre de danse du Marais<br \/>\nDe 12h30 \u00e0 20h<br \/>\nSalle des f\u00eates \u2013 Mairie du 4e<br \/>\nEntr\u00e9e libre<br \/>\n<strong>2, place Baudoyer<\/strong><br \/>\n<strong>75004 Paris<\/strong><br \/>\nStandard :\u00a0<strong>01 44 54 75 04<\/strong><br \/>\n&nbsp;<\/p>\n","protected":false},"excerpt":{"rendered":"<p>La Mairie du 4e accueille le bal du Centre de danse du Marais, bal ouvert \u00e0 toutes et tous. Il aura lieu le dimanche 29 mai dans la salle des f\u00eate de la Mairie du 4e, de 12h30 \u00e0 19h30.<\/p>\n","protected":false},"author":2,"featured_media":0,"comment_status":"open","ping_status":"open","sticky":false,"template":"","format":"standard","meta":{"ngg_post_thumbnail":0,"jetpack_post_was_ever_published":false,"_jetpack_newsletter_access":"","footnotes":""},"categories":[1],"tags":[],"class_list":["post-18191","post","type-post","status-publish","format-standard","hentry","category-non-classe"],"jetpack_featured_media_url":"","jetpack-related-posts":[{"id":18204,"url":"http:\/\/www.letourismeaparis.fr\/index.php\/2016\/05\/10\/le-bal-du-centre-danse-marais-est-de-retour-dimanche-29-mai-a-la-mairie-du-4eme\/","url_meta":{"origin":18191,"position":0},"title":"LE BAL DU CENTRE DANSE MARAIS EST DE RETOUR !  Dimanche 29 mai \u00e0 la mairie du 4\u00e8me","author":"Fabienne TM","date":"10 mai 2016","format":false,"excerpt":"\u00a0 \u00a0 Pour c\u00e9l\u00e9brer nos mamans et l\u2019arriv\u00e9e des beaux jours, Antoine Carrance, le directeur du mythique Centre de danse du Marais organise, \u00e0 la mairie du 4\u00e8me, un grand bal pour r\u00e9veiller les corps qui ont trop hibern\u00e9 cet hiver et go\u00fbter au plaisir de danser ensemble. D\u00e8s 14H00\u2026","rel":"","context":"Dans &quot;Non class\u00e9&quot;","block_context":{"text":"Non class\u00e9","link":"http:\/\/www.letourismeaparis.fr\/index.php\/category\/non-classe\/"},"img":{"alt_text":"","src":"https:\/\/i0.wp.com\/www.letourismeaparis.fr\/wp-content\/uploads\/2016\/05\/bal-216x300.jpg?resize=350%2C200","width":350,"height":200},"classes":[]},{"id":14316,"url":"http:\/\/www.letourismeaparis.fr\/index.php\/2013\/12\/12\/grand-bal-swing-la-mairie-du-5eme-samedi-14-decembre\/","url_meta":{"origin":18191,"position":1},"title":"&quot;Grand Bal Swing &quot;\u00e0 la mairie du 5\u00e8me samedi 14 d\u00e9cembre","author":"Fabienne TM","date":"12 d\u00e9cembre 2013","format":false,"excerpt":"le Samedi 14 d\u00e9cembre 2013 de 20h00 \u00e0 22h45. Grand Bal Swing Une soir\u00e9e unique pour danser, \u00e0 la mode des ann\u00e9es swing, au coeur du quartier latin. Pour cl\u00f4turer en beaut\u00e9 le 2\u00e8me T\u00e9l\u00e9thon du Jazz, ce Grand Bal Swing fera chavirer le coeur des parisiens et des touristes\u2026","rel":"","context":"Dans &quot;Danse&quot;","block_context":{"text":"Danse","link":"http:\/\/www.letourismeaparis.fr\/index.php\/category\/spectacle\/danse\/"},"img":{"alt_text":"","src":"","width":0,"height":0},"classes":[]},{"id":11706,"url":"http:\/\/www.letourismeaparis.fr\/index.php\/2012\/05\/24\/8e-festival-des-cultures-juives-du-mardi-12-au-jeudi-28-juin-2012\/","url_meta":{"origin":18191,"position":2},"title":"8e Festival des Cultures Juives du mardi 12 au jeudi 28 juin 2012","author":"Fabienne TM","date":"24 mai 2012","format":false,"excerpt":"Le Festival des Cultures Juives propose 15 jours de manifestations \u00e9clectiques (conf\u00e9rences, concerts, expositions, films, th\u00e9\u00e2tres, visites, ateliers) destin\u00e9es \u00e0 faire d\u00e9couvrir la richesse et la diversit\u00e9 des cultures juives \u00e0 travers le monde, dans une volont\u00e9 d'ouverture et de dialogue interculturel. Cette 8e \u00e9dition mettra \u00e0 l'honneur la rue\u2026","rel":"","context":"Dans &quot;Non class\u00e9&quot;","block_context":{"text":"Non class\u00e9","link":"http:\/\/www.letourismeaparis.fr\/index.php\/category\/non-classe\/"},"img":{"alt_text":"","src":"","width":0,"height":0},"classes":[]},{"id":17888,"url":"http:\/\/www.letourismeaparis.fr\/index.php\/2016\/01\/29\/bal-konser-pour-les-20-ans-de-la-compagnie-dife-kako-dimanche-30-janvier\/","url_meta":{"origin":18191,"position":3},"title":"Bal Kons\u00e8r ,Pour les 20 ans de la compagnie Dif\u00e9 Kako dimanche 30 janvier","author":"Fabienne TM","date":"29 janvier 2016","format":false,"excerpt":"\u00a0 \u00a0 Des cr\u00e9ations contemporaines puis\u00e9es aux racines du zouk antillais Samedi 30 janvier \u00e0 partir de 17h, venez danser au rythme des cr\u00e9ations originales de la compagnie Dif\u00e9 Kako dans la salle des f\u00eates de la Mairie du 13e. La compagnie Dif\u00e9 Kako, dont la directrice artistique, Chantal Lo\u00efal\u2026","rel":"","context":"Dans &quot;Cultures du Monde&quot;","block_context":{"text":"Cultures du Monde","link":"http:\/\/www.letourismeaparis.fr\/index.php\/category\/culture\/musees-expositions\/cultures-du-monde\/"},"img":{"alt_text":"","src":"https:\/\/i0.wp.com\/www.letourismeaparis.fr\/wp-content\/uploads\/2016\/01\/KONSER-300x244.png?resize=350%2C200","width":350,"height":200},"classes":[]},{"id":4340,"url":"http:\/\/www.letourismeaparis.fr\/index.php\/2009\/09\/26\/festival-des-attitudes-inde-un-bal-gratuit-le-26-septembre\/","url_meta":{"origin":18191,"position":4},"title":"Festival des Attitudes Ind\u00e9  : un bal gratuit le 26 septembre !","author":"Fabienne TM","date":"26 septembre 2009","format":false,"excerpt":"Samedi 26 septembre un grand bal populaire gratuit anim\u00e9 par le groupe Bombes 2 Bal aura lieu dans la salle des f\u00eates de la mairie du 18e. Salle des f\u00eates de la mairie Place Jules Joffrin \/ Paris 18\u00e8me http:\/\/www.attitudesinde.fr\/","rel":"","context":"Dans &quot;Non class\u00e9&quot;","block_context":{"text":"Non class\u00e9","link":"http:\/\/www.letourismeaparis.fr\/index.php\/category\/non-classe\/"},"img":{"alt_text":"","src":"","width":0,"height":0},"classes":[]},{"id":7820,"url":"http:\/\/www.letourismeaparis.fr\/index.php\/2010\/06\/16\/festival-des-cultures-juives-du-13-au-28-juin-de-nombeux-concerts\/","url_meta":{"origin":18191,"position":5},"title":"Festival des cultures juives jusqu&#039;au 27 juin : de nombeux concerts","author":"Fabienne TM","date":"16 juin 2010","format":false,"excerpt":"Jeudi 17 juin \u00e0 14h30 Mairie du 4e ,2, place Baudoyer Paris 75004 \u00ab Ils s\u2019en venaient de l\u2019Oural\u2026 \u00bb Les peintres juifs de l\u2019Ecole de Paris Dimanche 20 juin \u00e0 partir de 12 h 30 devant la mairie du 4 \u00e8me Place Baudoyer 12h30 \u00e0 14h : animation klezmer\u2026","rel":"","context":"Dans &quot;Non class\u00e9&quot;","block_context":{"text":"Non class\u00e9","link":"http:\/\/www.letourismeaparis.fr\/index.php\/category\/non-classe\/"},"img":{"alt_text":"","src":"","width":0,"height":0},"classes":[]}],"jetpack_sharing_enabled":true,"jetpack_likes_enabled":true,"_links":{"self":[{"href":"http:\/\/www.letourismeaparis.fr\/index.php\/wp-json\/wp\/v2\/posts\/18191","targetHints":{"allow":["GET"]}}],"collection":[{"href":"http:\/\/www.letourismeaparis.fr\/index.php\/wp-json\/wp\/v2\/posts"}],"about":[{"href":"http:\/\/www.letourismeaparis.fr\/index.php\/wp-json\/wp\/v2\/types\/post"}],"author":[{"embeddable":true,"href":"http:\/\/www.letourismeaparis.fr\/index.php\/wp-json\/wp\/v2\/users\/2"}],"replies":[{"embeddable":true,"href":"http:\/\/www.letourismeaparis.fr\/index.php\/wp-json\/wp\/v2\/comments?post=18191"}],"version-history":[{"count":0,"href":"http:\/\/www.letourismeaparis.fr\/index.php\/wp-json\/wp\/v2\/posts\/18191\/revisions"}],"wp:attachment":[{"href":"http:\/\/www.letourismeaparis.fr\/index.php\/wp-json\/wp\/v2\/media?parent=18191"}],"wp:term":[{"taxonomy":"category","embeddable":true,"href":"http:\/\/www.letourismeaparis.fr\/index.php\/wp-json\/wp\/v2\/categories?post=18191"},{"taxonomy":"post_tag","embeddable":true,"href":"http:\/\/www.letourismeaparis.fr\/index.php\/wp-json\/wp\/v2\/tags?post=18191"}],"curies":[{"name":"wp","href":"https:\/\/api.w.org\/{rel}","templated":true}]}}