{"id":18198,"date":"2016-05-08T09:38:15","date_gmt":"2016-05-08T08:38:15","guid":{"rendered":"http:\/\/www.letourismeaparis.fr\/?p=18198"},"modified":"2016-05-08T09:38:15","modified_gmt":"2016-05-08T08:38:15","slug":"tous-a-lopera-dimanche-8-mai-a-massy","status":"publish","type":"post","link":"http:\/\/www.letourismeaparis.fr\/index.php\/2016\/05\/08\/tous-a-lopera-dimanche-8-mai-a-massy\/","title":{"rendered":"Tous \u00e0 l&#039;Op\u00e9ra dimanche 8 mai \u00e0 Massy"},"content":{"rendered":"<p>10e \u00e9dition de Tous \u00e0 l\u2019Op\u00e9ra !<br \/>\nLe samedi 7 et le dimanche 8 mai 2016, 25 maisons d\u2019op\u00e9ra ouvrent leurs portes gratuitement en France pour la 10e \u00e9dition de Tous \u00e0 l\u2019Op\u00e9ra !<br \/>\nLa R\u00e9union des Op\u00e9ras de France (ROF), en partenariat avec Opera Europa et RESEO, invite le public le temps d\u2019un week-end dans le cadre des Journ\u00e9es europ\u00e9ennes de l\u2019op\u00e9ra qui rassemblent 25 pays et pr\u00e8s d\u2019une centaine d\u2019op\u00e9ras.<!--more--><br \/>\n&nbsp;<br \/>\nAmbassadrice de choix, la soprano colorature Patricia Petibon accompagnera cette \u00e9dition anniversaire de Tous \u00e0 l\u2019Op\u00e9ra ! L\u2019\u00e9v\u00e9nement europ\u00e9en a pour vocation d\u2019inciter le plus grand nombre \u00e0 franchir les portes des op\u00e9ras. Chaque ann\u00e9e, de multiples manifestations gratuites sont propos\u00e9es (r\u00e9p\u00e9titions, concerts, karaok\u00e9s lyriques, ateliers costumes et maquillages, visites de coulisses) rassemblant un public nombreux*.<br \/>\n&nbsp;<br \/>\n&nbsp;<br \/>\n<strong>Op\u00e9ra de Massy<\/strong><br \/>\nLe programme du dimanche 8 mai :<\/p>\n<ul>\n<li>9h30 : ouverture des portes et accueil du public<\/li>\n<li>10h-13h \/ Amphith\u00e9\u00e2tre : Projection de \u00ab\u00a0Don Pasquale\u00a0\u00bb, op\u00e9ra de Donizetti<\/li>\n<li>10h-13h \/ Hall : Ateliers Costume, Lumi\u00e8re, Maquillage, Direction d&rsquo;orchestre, Danse<\/li>\n<li>14h et 15h : Visites guid\u00e9es de l&rsquo;Op\u00e9ra<\/li>\n<li>14h \/ Hall : Lecture de Vincent Barraud<\/li>\n<li>15h \/ Parvis : D\u00e9monstration de hip-hop par les \u00e9l\u00e8ves de Supr\u00e9Massy<\/li>\n<li>15h30 \/ Auditorium : R\u00e9cital lyrique par la classe de chant du Conservatoire de Massy<\/li>\n<li>16h30 \/ Cour Anglaise : Concert par les \u00e9l\u00e8ves du Conservatoire de Massy<\/li>\n<li>18h \/ Amphith\u00e9\u00e2tre : Grand concert \u00ab\u00a0Requiem de Durufl\u00e9\u00a0\u00bb<\/li>\n<\/ul>\n","protected":false},"excerpt":{"rendered":"<p>10e \u00e9dition de Tous \u00e0 l\u2019Op\u00e9ra ! Le samedi 7 et le dimanche 8 mai 2016, 25 maisons d\u2019op\u00e9ra ouvrent leurs portes gratuitement en France pour la 10e \u00e9dition de Tous \u00e0 l\u2019Op\u00e9ra ! La R\u00e9union des Op\u00e9ras de France&#8230;<\/p>\n","protected":false},"author":2,"featured_media":0,"comment_status":"open","ping_status":"open","sticky":false,"template":"","format":"standard","meta":{"ngg_post_thumbnail":0,"jetpack_post_was_ever_published":false,"_jetpack_newsletter_access":"","footnotes":""},"categories":[1],"tags":[],"class_list":["post-18198","post","type-post","status-publish","format-standard","hentry","category-non-classe"],"jetpack_featured_media_url":"","jetpack-related-posts":[{"id":2821,"url":"http:\/\/www.letourismeaparis.fr\/index.php\/2009\/05\/06\/tous-a-lopera-samedi-9-mai\/","url_meta":{"origin":18198,"position":0},"title":"Tous \u00e0 l&#039;Op\u00e9ra samedi 9 mai !","author":"Fabienne TM","date":"6 mai 2009","format":false,"excerpt":"L'Op\u00e9ra de Massy, l'Op\u00e9ra Garnier, l'Op\u00e9ra Bastille, l'Op\u00e9ra comique , la P\u00e9niche Op\u00e9ra et biens d'autres vous attendent samedi 9 Mai pour des visites, spectacles, films parfois sur inscription . Op\u00e9ra de Massy : Th\u00e8me de la journ\u00e9e : Faust, quand un op\u00e9ra se pr\u00e9pare \u00e0 l\u2019Op\u00e9ra de Massy de\u2026","rel":"","context":"Dans &quot;Non class\u00e9&quot;","block_context":{"text":"Non class\u00e9","link":"http:\/\/www.letourismeaparis.fr\/index.php\/category\/non-classe\/"},"img":{"alt_text":"","src":"","width":0,"height":0},"classes":[]},{"id":10230,"url":"http:\/\/www.letourismeaparis.fr\/index.php\/2011\/05\/06\/tous-a-lopera-les-7-et-8-mai-2011\/","url_meta":{"origin":18198,"position":1},"title":"Tous \u00e0 l\u2019Op\u00e9ra ! les 7 et 8 mai 2011","author":"Fabienne TM","date":"6 mai 2011","format":false,"excerpt":"Vingt-neuf op\u00e9ras ouvrent leurs portes gratuitement \u00e0 tous dans toute la France, dans le cadre des Journ\u00e9es europ\u00e9ennes de l\u2019op\u00e9ra. Op\u00e9ra National de Paris : le Palais Garnier et l\u2019Op\u00e9ra Bastille L\u2019Op\u00e9ra national de Paris ouvre les portes de ses deux th\u00e9\u00e2tres. Samedi 7 mai 2011, de 9h \u00e0 21h\u2026","rel":"","context":"Dans &quot;Non class\u00e9&quot;","block_context":{"text":"Non class\u00e9","link":"http:\/\/www.letourismeaparis.fr\/index.php\/category\/non-classe\/"},"img":{"alt_text":"","src":"","width":0,"height":0},"classes":[]},{"id":20961,"url":"http:\/\/www.letourismeaparis.fr\/index.php\/2018\/05\/04\/tous-a-lopera\/","url_meta":{"origin":18198,"position":2},"title":"Tous \u00e0 l&#039;Op\u00e9ra !","author":"Fabienne TM","date":"4 mai 2018","format":false,"excerpt":"21 maisons d\u2019op\u00e9ra dont 3 en PACA vous ouvrent leurs portes gratuitement . Op\u00e9ra national de Paris Programme du samedi 5 mai De 10h \u00e0 17h : entr\u00e9e libre et gratuite* au Palais Garnier Entr\u00e9e par la Fa\u00e7ade 11h - 13h et 14h30 - 17h Rotonde du Glacier \u00a0 Atelier\u2026","rel":"","context":"Dans &quot;Actualit\u00e9s&quot;","block_context":{"text":"Actualit\u00e9s","link":"http:\/\/www.letourismeaparis.fr\/index.php\/category\/actualite\/"},"img":{"alt_text":"","src":"","width":0,"height":0},"classes":[]},{"id":11460,"url":"http:\/\/www.letourismeaparis.fr\/index.php\/2012\/01\/24\/defile-du-nouvel-an-chinois-2012-dimanche-29-janvier-a-belleville-paris-20eme-et-concert-a-la-mairie-du-13-eme-samedi-28-janvier\/","url_meta":{"origin":18198,"position":3},"title":"D\u00e9fil\u00e9 du nouvel an chinois 2012 ,dimanche 29 janvier \u00e0 Belleville Paris 20\u00e8me et concert \u00e0 la mairie du 13 \u00e8me samedi 28 janvier","author":"Fabienne TM","date":"24 janvier 2012","format":false,"excerpt":"D\u00e9fil\u00e9 du dragon L'\u00e9dition 2012 du d\u00e9fil\u00e9 nouvel an chinois du quartier de Belleville aura lieu le dimanche 29 janvier \u00e0 partir de 11h30. Cette manifestation culturelle est organis\u00e9e par l'association des commer\u00e7ants bellevillois et les mairies des 10e, 11e, 19e et 20e. Le d\u00e9fil\u00e9 se d\u00e9roulera dans le quartier\u2026","rel":"","context":"Dans &quot;Non class\u00e9&quot;","block_context":{"text":"Non class\u00e9","link":"http:\/\/www.letourismeaparis.fr\/index.php\/category\/non-classe\/"},"img":{"alt_text":"","src":"","width":0,"height":0},"classes":[]},{"id":16656,"url":"http:\/\/www.letourismeaparis.fr\/index.php\/2015\/05\/10\/tous-a-lopera-dimanche-10-mai\/","url_meta":{"origin":18198,"position":4},"title":"Tous \u00e0 l&#039;Op\u00e9ra dimanche 10 mai !","author":"Fabienne TM","date":"10 mai 2015","format":false,"excerpt":"Op\u00e9ra Bastille , Op\u00e9ra Garnier, Op\u00e9ra Comique Dimanche 10 mai Palais Garnier (Place de l\u2019Op\u00e9ra Paris 75009) 10h \u00e0 16h (dernier acc\u00e8s) - Visites libres et gratuites Op\u00e9ra Bastille 12h Amphith\u00e9\u00e2tre Projection du film des ballets de Balanchine et Millepied, direction musicale Philippe Jordan et sc\u00e9nographie Daniel Buren (mai 2014)\u2026","rel":"","context":"Dans &quot;Non class\u00e9&quot;","block_context":{"text":"Non class\u00e9","link":"http:\/\/www.letourismeaparis.fr\/index.php\/category\/non-classe\/"},"img":{"alt_text":"","src":"","width":0,"height":0},"classes":[]},{"id":18075,"url":"http:\/\/www.letourismeaparis.fr\/index.php\/2016\/03\/26\/5-eme-edition-du-festival-opera-cote-cour-a-bercy-village\/","url_meta":{"origin":18198,"position":5},"title":"5 \u00e8me \u00e9dition du festival  Op\u00e9ra c\u00f4t\u00e9 Cour \u00e0 Bercy Village","author":"Fabienne TM","date":"26 mars 2016","format":false,"excerpt":"Sp\u00e9cial Paris :\u00a0Les dimanches de juin et septembre 2016 Spectacles gratuits et en plein air Ancien march\u00e9 vinicole, Bercy Village, situ\u00e9 dans le 12e arrondissement, est un lieu r\u00e9solument atypique \u00e0 Paris, et une v\u00e9ritable destination touristique. Avec ses 40 enseignes toutes destin\u00e9es \u00e0 l\u2019art de vivre, \u00e0 la gourmandise\u2026","rel":"","context":"Dans &quot;Non class\u00e9&quot;","block_context":{"text":"Non class\u00e9","link":"http:\/\/www.letourismeaparis.fr\/index.php\/category\/non-classe\/"},"img":{"alt_text":"","src":"","width":0,"height":0},"classes":[]}],"jetpack_sharing_enabled":true,"jetpack_likes_enabled":true,"_links":{"self":[{"href":"http:\/\/www.letourismeaparis.fr\/index.php\/wp-json\/wp\/v2\/posts\/18198","targetHints":{"allow":["GET"]}}],"collection":[{"href":"http:\/\/www.letourismeaparis.fr\/index.php\/wp-json\/wp\/v2\/posts"}],"about":[{"href":"http:\/\/www.letourismeaparis.fr\/index.php\/wp-json\/wp\/v2\/types\/post"}],"author":[{"embeddable":true,"href":"http:\/\/www.letourismeaparis.fr\/index.php\/wp-json\/wp\/v2\/users\/2"}],"replies":[{"embeddable":true,"href":"http:\/\/www.letourismeaparis.fr\/index.php\/wp-json\/wp\/v2\/comments?post=18198"}],"version-history":[{"count":0,"href":"http:\/\/www.letourismeaparis.fr\/index.php\/wp-json\/wp\/v2\/posts\/18198\/revisions"}],"wp:attachment":[{"href":"http:\/\/www.letourismeaparis.fr\/index.php\/wp-json\/wp\/v2\/media?parent=18198"}],"wp:term":[{"taxonomy":"category","embeddable":true,"href":"http:\/\/www.letourismeaparis.fr\/index.php\/wp-json\/wp\/v2\/categories?post=18198"},{"taxonomy":"post_tag","embeddable":true,"href":"http:\/\/www.letourismeaparis.fr\/index.php\/wp-json\/wp\/v2\/tags?post=18198"}],"curies":[{"name":"wp","href":"https:\/\/api.w.org\/{rel}","templated":true}]}}