{"id":18200,"date":"2016-05-09T18:23:56","date_gmt":"2016-05-09T17:23:56","guid":{"rendered":"http:\/\/www.letourismeaparis.fr\/?p=18200"},"modified":"2016-05-09T18:23:56","modified_gmt":"2016-05-09T17:23:56","slug":"des-terrasses-et-du-peyrassol","status":"publish","type":"post","link":"http:\/\/www.letourismeaparis.fr\/index.php\/2016\/05\/09\/des-terrasses-et-du-peyrassol\/","title":{"rendered":"Des terrasses et du Peyrassol !"},"content":{"rendered":"<p>&nbsp;<br \/>\nPeyrassol ,c\u00e9l\u00e8bre domaine proven\u00e7al, renomm\u00e9 pour\u00a0ses vins ros\u00e9s, propose un parcours estival festif et ludique\u2026vivez l\u2019Et\u00e9 en Ros\u00e9 et d\u00e9couvrez les nouveaux mill\u00e9simes dans les Bars \u00e0\u00a0ros\u00e9s Peyrassol de Paris.<br \/>\nUn jardin cach\u00e9 qui abrite un terrain de p\u00e9tanque.\u00a0Au programme: ros\u00e9e p\u00e9tanque au milieu du romarin, des\u00a0lauriers et de la lavande<!--more--><br \/>\nLES AP\u00c9ROS-P\u00c9TANQUE DU MARDI<br \/>\nTous les premiers mardis du mois, le Jardin Cach\u00e9 prend des\u00a0airs de guinguette chic et s\u2019anime \u00e0 l\u2019heure de l\u2019ap\u00e9ro.\u00a0Au son du DJ, experts en p\u00e9tanque et boulistes du dimanche\u00a0se lancent sur le terrain pour un concours de tir improvis\u00e9, et\u00a0prolongent la soir\u00e9e autour d\u2019une planche partager.<br \/>\nRendez-vous les mardis 7 juin, 5 juillet, 2 ao\u00fbt et 6<br \/>\nseptembre, de 18h \u00e0 22h.<br \/>\nLA GARE<br \/>\n19 chauss\u00e9e de la Muette, 75016 Paris<!--more--><br \/>\n&nbsp;<br \/>\n&nbsp;<br \/>\nEn terrasse sur les berges de Seine. Au pied de l\u2019Esplanade des Invalides, \u00e0 l\u2019ombre duPont Alexandre III, cette superbe terrasse ensoleill\u00e9e est<br \/>\nun des spots parisiens les plus recherch\u00e9s pour un brunch\u00a0dominical, un d\u00e9jeuner en plein air, ou un ap\u00e9ro festif aux\u00a0derniers rayons du soleil, les pieds (presque) dans l\u2019eau.Le plus Peyrassol : Le bar de la terrasse est d\u00e9sormais environn\u00e9d\u2019essences m\u00e9diterran\u00e9ennes afin de se relaxer tout en d\u00e9gustant<br \/>\nun verre de Ros\u00e9 du domaine, au son d\u2019une programmation\u00a0musicale soign\u00e9e.<br \/>\nLE FAUST<br \/>\nSous le pont Alexandre III, Rive Gauche, 75007 Paris<!--more--><br \/>\n&nbsp;<br \/>\nSur un rooftop, avec vue plongeante sur les toits de ParisAu c\u0153ur du quartier des artistes de Montmartre se dresse leTerrass H\u00f4tel, \u00e0 quelques rues du Sacr\u00e9 C\u0153ur et du MoulinRouge.<br \/>\nLe plus Peyrassol : le chef barman mixologiste Emeric Aguilara cr\u00e9\u00e9 en exclusivit\u00e9 pour l\u2019occasion un cocktail signaturePeyrassol.<br \/>\n<span style=\"letter-spacing: 0.05em; line-height: 1.6875;\">LE TERRASS HOTEL<\/span><br \/>\n<span style=\"letter-spacing: 0.05em; line-height: 1.6875;\">Adresse: 12-14, rue Joseph-de-Maistre 75018<\/span><br \/>\n<!--more--><a href=\"mailto:contact@vignobles-austruy.com\">contact@vignobles-austruy.com<\/a><br \/>\n<a href=\"mailto:contact@peyrassol.com\">contact@peyrassol.com<\/a><br \/>\n<a href=\"https:\/\/drive.google.com\/folderview?id=0B9MiaJnqWmVrMzRuU0xTUV9MS2M&amp;usp=drive_web\">https:\/\/drive.google.com\/folderview?id=0B9MiaJnqWmVrMzRuU0xTUV9MS2M&amp;usp=drive_web<\/a><\/p>\n","protected":false},"excerpt":{"rendered":"<p>&nbsp; Peyrassol ,c\u00e9l\u00e8bre domaine proven\u00e7al, renomm\u00e9 pour\u00a0ses vins ros\u00e9s, propose un parcours estival festif et ludique\u2026vivez l\u2019Et\u00e9 en Ros\u00e9 et d\u00e9couvrez les nouveaux mill\u00e9simes dans les Bars \u00e0\u00a0ros\u00e9s Peyrassol de Paris. Un jardin cach\u00e9 qui abrite un terrain de p\u00e9tanque.\u00a0Au&#8230;<\/p>\n","protected":false},"author":2,"featured_media":0,"comment_status":"open","ping_status":"open","sticky":false,"template":"","format":"standard","meta":{"ngg_post_thumbnail":0,"jetpack_post_was_ever_published":false,"_jetpack_newsletter_access":"","footnotes":""},"categories":[1],"tags":[],"class_list":["post-18200","post","type-post","status-publish","format-standard","hentry","category-non-classe"],"jetpack_featured_media_url":"","jetpack-related-posts":[{"id":16585,"url":"http:\/\/www.letourismeaparis.fr\/index.php\/2015\/04\/28\/la-tropezienne-du-trocadero-tous-les-jeudis-soirs\/","url_meta":{"origin":18200,"position":0},"title":"LA TROPEZIENNE DU TROCADERO , tous les jeudis soirs","author":"Fabienne TM","date":"28 avril 2015","format":false,"excerpt":"LA TROPEZIENNE DU TROCADERO \u25ba INAUGURATION de la saison 2015, Jeudi 7 mai, d\u00e8s 18h00. Puis tous les jeudis, de 18h00 \u00e0 1h00. Cet \u00e9t\u00e9 les jeudis soirs parisiens vont \u00eatre berc\u00e9s par le chant des cigales\u2026 La place des Lices de Saint-Tropez en face de la Tour Eiffel, vous\u2026","rel":"","context":"Dans &quot;Non class\u00e9&quot;","block_context":{"text":"Non class\u00e9","link":"http:\/\/www.letourismeaparis.fr\/index.php\/category\/non-classe\/"},"img":{"alt_text":"","src":"","width":0,"height":0},"classes":[]},{"id":10721,"url":"http:\/\/www.letourismeaparis.fr\/index.php\/2011\/08\/07\/paris-plages-se-tiendra-du-21-juillet-au-21-aout-2011\/","url_meta":{"origin":18200,"position":1},"title":"Paris Plage jusqu&#039; au 21 ao\u00fbt 2011.","author":"Fabienne TM","date":"7 ao\u00fbt 2011","format":false,"excerpt":"Sur la rive droite de la Seine et au bassin de la Villette ;la Ville de Paris donne une place\u00a0 importante au sable et se transforme davantage en station baln\u00e9aire. Une plage de sable sans interruption sur un kilom\u00e8tre, depuis le quai du Louvre jusqu\u2019au pont d\u2019Arcole. Un bassin de\u2026","rel":"","context":"Dans &quot;Non class\u00e9&quot;","block_context":{"text":"Non class\u00e9","link":"http:\/\/www.letourismeaparis.fr\/index.php\/category\/non-classe\/"},"img":{"alt_text":"","src":"","width":0,"height":0},"classes":[]},{"id":13768,"url":"http:\/\/www.letourismeaparis.fr\/index.php\/2013\/07\/25\/paris-plages-jusquau-dimanche-18-aout-2013\/","url_meta":{"origin":18200,"position":2},"title":"Paris Plages  jusqu&#039;au dimanche 18 ao\u00fbt 2013","author":"Fabienne TM","date":"25 juillet 2013","format":false,"excerpt":"Les voies sur berges, prennent des airs de bord de mer, pour les promeneurs, \u00a0cyclistes et \u00a0rollers, .Basket, tennis, lutte, escrime, tennis de table, p\u00e9tanque, tai-chi, danse de salon, espace fitness, douche \u00e0 microgouttelettes, biblioth\u00e8que \u00e9ph\u00e9m\u00e8re et \"Plage aventure\" pour les plus jeunes, avec baignade et jeux d'eau, concerts, ateliers\u2026","rel":"","context":"Dans &quot;Bons Plans&quot;","block_context":{"text":"Bons Plans","link":"http:\/\/www.letourismeaparis.fr\/index.php\/category\/bon-plan\/"},"img":{"alt_text":"","src":"","width":0,"height":0},"classes":[]},{"id":15467,"url":"http:\/\/www.letourismeaparis.fr\/index.php\/2014\/08\/15\/paris-plages-2014\/","url_meta":{"origin":18200,"position":3},"title":"Paris Plages 2014","author":"Fabienne TM","date":"15 ao\u00fbt 2014","format":false,"excerpt":"Jusqu\u2019au dimanche 17 ao\u00fbt 2014 l'\u00e9dition 2014 de Paris Plages vous invite \u00e0 profiter de nombreuses activit\u00e9s: cours de ta\u00ef-chi, biblioth\u00e8que, loisirs nautiques, jardin des brumes, Festival Fnac Live... une multitude d'animations pour tous les publics et tous les \u00e2ges.Les loisirs nautiques seront une nouvelle fois mis \u00e0 l'honneur avec\u2026","rel":"","context":"Dans &quot;Familles&quot;","block_context":{"text":"Familles","link":"http:\/\/www.letourismeaparis.fr\/index.php\/category\/familles\/"},"img":{"alt_text":"","src":"","width":0,"height":0},"classes":[]},{"id":18214,"url":"http:\/\/www.letourismeaparis.fr\/index.php\/2016\/05\/13\/les-21-et-22-mai-lancement-de-e-mehari-a-la-plage-de-la-bastille\/","url_meta":{"origin":18200,"position":4},"title":"LES 21 ET 22 MAI, LANCEMENT DE E-MEHARI  \u00c0 LA PLAGE\u2026 DE LA BASTILLE !","author":"Fabienne TM","date":"13 mai 2016","format":false,"excerpt":"\u00a0 La c\u00e9l\u00e8bre place se transformera en plage le week-end des 21 et 22 mai. L\u2019esprit \u2018Feel Good\u2019 de la Marque soufflera avec des animations 100 % gratuites et ouvertes \u00e0 tous : surf m\u00e9canique, beach volley, p\u00e9tanque, sans oublier des essais \u00e0 bord de l\u2019\u00e9lectron libre de la gamme,\u2026","rel":"","context":"Dans &quot;Automobiles&quot;","block_context":{"text":"Automobiles","link":"http:\/\/www.letourismeaparis.fr\/index.php\/category\/culture\/musees-expositions\/automobiles\/"},"img":{"alt_text":"","src":"https:\/\/i0.wp.com\/www.letourismeaparis.fr\/wp-content\/uploads\/2016\/05\/citroen-paris-251x300.png?resize=350%2C200","width":350,"height":200},"classes":[]},{"id":20091,"url":"http:\/\/www.letourismeaparis.fr\/index.php\/2017\/08\/18\/paris-plages-2017\/","url_meta":{"origin":18200,"position":5},"title":"PARIS PLAGES 2017","author":"Fabienne TM","date":"18 ao\u00fbt 2017","format":false,"excerpt":"Au Parc Rives de Seine Du pont de Solferino au pont Alexandre III sur la rive gauche, et du pont de Sully au pont Neuf sur la rive droite, : cours de tai-chi, de danse de salon, p\u00e9tanque et expositions hors les murs (propos\u00e9es par le mus\u00e9e du Louvre et\u2026","rel":"","context":"Dans &quot;Familles&quot;","block_context":{"text":"Familles","link":"http:\/\/www.letourismeaparis.fr\/index.php\/category\/familles\/"},"img":{"alt_text":"","src":"","width":0,"height":0},"classes":[]}],"jetpack_sharing_enabled":true,"jetpack_likes_enabled":true,"_links":{"self":[{"href":"http:\/\/www.letourismeaparis.fr\/index.php\/wp-json\/wp\/v2\/posts\/18200","targetHints":{"allow":["GET"]}}],"collection":[{"href":"http:\/\/www.letourismeaparis.fr\/index.php\/wp-json\/wp\/v2\/posts"}],"about":[{"href":"http:\/\/www.letourismeaparis.fr\/index.php\/wp-json\/wp\/v2\/types\/post"}],"author":[{"embeddable":true,"href":"http:\/\/www.letourismeaparis.fr\/index.php\/wp-json\/wp\/v2\/users\/2"}],"replies":[{"embeddable":true,"href":"http:\/\/www.letourismeaparis.fr\/index.php\/wp-json\/wp\/v2\/comments?post=18200"}],"version-history":[{"count":0,"href":"http:\/\/www.letourismeaparis.fr\/index.php\/wp-json\/wp\/v2\/posts\/18200\/revisions"}],"wp:attachment":[{"href":"http:\/\/www.letourismeaparis.fr\/index.php\/wp-json\/wp\/v2\/media?parent=18200"}],"wp:term":[{"taxonomy":"category","embeddable":true,"href":"http:\/\/www.letourismeaparis.fr\/index.php\/wp-json\/wp\/v2\/categories?post=18200"},{"taxonomy":"post_tag","embeddable":true,"href":"http:\/\/www.letourismeaparis.fr\/index.php\/wp-json\/wp\/v2\/tags?post=18200"}],"curies":[{"name":"wp","href":"https:\/\/api.w.org\/{rel}","templated":true}]}}