{"id":18204,"date":"2016-05-10T11:37:42","date_gmt":"2016-05-10T10:37:42","guid":{"rendered":"http:\/\/www.letourismeaparis.fr\/?p=18204"},"modified":"2016-05-10T11:37:42","modified_gmt":"2016-05-10T10:37:42","slug":"le-bal-du-centre-danse-marais-est-de-retour-dimanche-29-mai-a-la-mairie-du-4eme","status":"publish","type":"post","link":"http:\/\/www.letourismeaparis.fr\/index.php\/2016\/05\/10\/le-bal-du-centre-danse-marais-est-de-retour-dimanche-29-mai-a-la-mairie-du-4eme\/","title":{"rendered":"LE BAL DU CENTRE DANSE MARAIS EST DE RETOUR !  Dimanche 29 mai \u00e0 la mairie du 4\u00e8me"},"content":{"rendered":"<p>&nbsp;<br \/>\n&nbsp;<br \/>\nPour c\u00e9l\u00e9brer nos mamans et l\u2019arriv\u00e9e des beaux jours, Antoine Carrance, le directeur du mythique Centre de danse du Marais organise, \u00e0 la mairie du 4\u00e8me, un grand bal pour r\u00e9veiller les corps qui ont trop hibern\u00e9 cet hiver et go\u00fbter au plaisir de danser ensemble.<a href=\"http:\/\/www.letourismeaparis.fr\/wp-content\/uploads\/2016\/05\/bal.jpg\"><img loading=\"lazy\" decoding=\"async\" class=\"aligncenter size-medium wp-image-18205\" src=\"http:\/\/www.letourismeaparis.fr\/wp-content\/uploads\/2016\/05\/bal-216x300.jpg\" alt=\"bal\" width=\"216\" height=\"300\" \/><\/a><!--more--><br \/>\nD\u00e8s 14H00 : Cours de hip hop, de salsa et de danse indienne. On s\u2019essaie \u00e0 tous les styles, l\u2019id\u00e9e \u00e9tant, avant tout, de s\u2019amuser. Les professeurs talentueux et exigeants du CDM vous feront d\u00e9couvrir avec passion leurs disciplines respectives.<br \/>\nA partir de 17H00, tout le monde en piste ! Un orchestre fait danser le parquet de la mairie du 4\u00e8me en live !<br \/>\nL\u2019occasion de mettre joyeusement en pratique la variation apprise un peu plus t\u00f4t l\u2019apr\u00e8s-midi et, pour les enfants des cours de com\u00e9die musicale du Centre, de chanter quelques airs de leur prochain spectacle au Caf\u00e9 de la Gare\u2026<br \/>\nEt pour reprendre des forces, il y aura le d\u00e9licieux buffet concoct\u00e9 par La bague de Kenza.<br \/>\nLe Bal du Centre du Marais c\u2019est pour tous ceux qui aiment la libert\u00e9, la vie, transpirer et partager des moments in\u00e9dits\u2026 et c\u2019est gratuit !<br \/>\nLE BAL DU CENTRE DANSE MARAIS EST DE RETOUR !<br \/>\nDimanche 29 mai \u00e0 la mairie du 4\u00e8me<br \/>\nPour c\u00e9l\u00e9brer nos mamans et l\u2019arriv\u00e9e des beaux jours, Antoine Carrance, le directeur du mythique Centre de danse du Marais organise, \u00e0 la mairie du 4\u00e8me, un grand bal pour r\u00e9veiller les corps qui ont trop hibern\u00e9 cet hiver et go\u00fbter au plaisir de danser ensemble.<br \/>\nD\u00e8s 14H00 : Cours de hip hop, de salsa et de danse indienne. On s\u2019essaie \u00e0 tous les styles, l\u2019id\u00e9e \u00e9tant, avant tout, de s\u2019amuser. Les professeurs talentueux et exigeants du CDM vous feront d\u00e9couvrir avec passion leurs disciplines respectives.<br \/>\nA partir de 17H00, tout le monde en piste ! Un orchestre fait danser le parquet de la mairie du 4\u00e8me en live !<br \/>\nL\u2019occasion de mettre joyeusement en pratique la variation apprise un peu plus t\u00f4t l\u2019apr\u00e8s-midi et, pour les enfants des cours de com\u00e9die musicale du Centre, de chanter quelques airs de leur prochain spectacle au Caf\u00e9 de la Gare\u2026<br \/>\nEt pour reprendre des forces, il y aura le d\u00e9licieux buffet concoct\u00e9 par La bague de Kenza.<br \/>\nLe Bal du Centre du Marais c\u2019est pour tous ceux qui aiment la libert\u00e9, la vie, transpirer et partager des moments in\u00e9dits\u2026 et c\u2019est gratuit !<\/p>\n","protected":false},"excerpt":{"rendered":"<p>&nbsp; &nbsp; Pour c\u00e9l\u00e9brer nos mamans et l\u2019arriv\u00e9e des beaux jours, Antoine Carrance, le directeur du mythique Centre de danse du Marais organise, \u00e0 la mairie du 4\u00e8me, un grand bal pour r\u00e9veiller les corps qui ont trop hibern\u00e9 cet&#8230;<\/p>\n","protected":false},"author":2,"featured_media":0,"comment_status":"open","ping_status":"open","sticky":false,"template":"","format":"standard","meta":{"ngg_post_thumbnail":0,"jetpack_post_was_ever_published":false,"_jetpack_newsletter_access":"","footnotes":""},"categories":[1],"tags":[],"class_list":["post-18204","post","type-post","status-publish","format-standard","hentry","category-non-classe"],"jetpack_featured_media_url":"","jetpack-related-posts":[{"id":18191,"url":"http:\/\/www.letourismeaparis.fr\/index.php\/2016\/05\/25\/bal-a-la-mairie-du-4eme\/","url_meta":{"origin":18204,"position":0},"title":"Bal \u00e0 la mairie du 4\u00e8me","author":"Fabienne TM","date":"25 mai 2016","format":false,"excerpt":"La Mairie du 4e accueille le bal du Centre de danse du Marais, bal ouvert \u00e0 toutes et tous. Il aura lieu le dimanche 29 mai dans la salle des f\u00eate de la Mairie du 4e, de 12h30 \u00e0 19h30. Bal du Centre de danse du Marais De 12h30 \u00e0\u2026","rel":"","context":"Dans &quot;Non class\u00e9&quot;","block_context":{"text":"Non class\u00e9","link":"http:\/\/www.letourismeaparis.fr\/index.php\/category\/non-classe\/"},"img":{"alt_text":"","src":"","width":0,"height":0},"classes":[]},{"id":19654,"url":"http:\/\/www.letourismeaparis.fr\/index.php\/2017\/04\/20\/initiation-tango-vendredi-21-avril-de-18h-a-21h-a-la-mairie-du-4eme\/","url_meta":{"origin":18204,"position":1},"title":"Initiation Tango vendredi 21 avril de 18h \u00e0 21h \u00e0 la mairie du 4\u00e8me","author":"Fabienne TM","date":"20 avril 2017","format":false,"excerpt":"Initiation Tango vendredi 21 avril de 18h \u00e0 21h Fr\u00e9d\u00e9rique et Mo\u00efse \u00a0vous proposent le vendredi 21 avril de 18h \u00e0 19h une initiation au tango argentin suivie \u00a0d\u2019un bal tango \u2013 milonga de 19h \u00e0 21h. Ce bal sera l\u2019occasion de r\u00e9unir les participants des deux cycles de d\u00e9couverte\u2026","rel":"","context":"Dans &quot;Danse&quot;","block_context":{"text":"Danse","link":"http:\/\/www.letourismeaparis.fr\/index.php\/category\/spectacle\/danse\/"},"img":{"alt_text":"","src":"https:\/\/i0.wp.com\/www.letourismeaparis.fr\/wp-content\/uploads\/2017\/04\/document-207x300.jpeg?resize=350%2C200","width":350,"height":200},"classes":[]},{"id":17888,"url":"http:\/\/www.letourismeaparis.fr\/index.php\/2016\/01\/29\/bal-konser-pour-les-20-ans-de-la-compagnie-dife-kako-dimanche-30-janvier\/","url_meta":{"origin":18204,"position":2},"title":"Bal Kons\u00e8r ,Pour les 20 ans de la compagnie Dif\u00e9 Kako dimanche 30 janvier","author":"Fabienne TM","date":"29 janvier 2016","format":false,"excerpt":"\u00a0 \u00a0 Des cr\u00e9ations contemporaines puis\u00e9es aux racines du zouk antillais Samedi 30 janvier \u00e0 partir de 17h, venez danser au rythme des cr\u00e9ations originales de la compagnie Dif\u00e9 Kako dans la salle des f\u00eates de la Mairie du 13e. La compagnie Dif\u00e9 Kako, dont la directrice artistique, Chantal Lo\u00efal\u2026","rel":"","context":"Dans &quot;Cultures du Monde&quot;","block_context":{"text":"Cultures du Monde","link":"http:\/\/www.letourismeaparis.fr\/index.php\/category\/culture\/musees-expositions\/cultures-du-monde\/"},"img":{"alt_text":"","src":"https:\/\/i0.wp.com\/www.letourismeaparis.fr\/wp-content\/uploads\/2016\/01\/KONSER-300x244.png?resize=350%2C200","width":350,"height":200},"classes":[]},{"id":8204,"url":"http:\/\/www.letourismeaparis.fr\/index.php\/2010\/07\/27\/festival-paris-quartiers-dete-des-idees-de-sorties-gratuites\/","url_meta":{"origin":18204,"position":3},"title":"Festival Paris quartiers d&#039;\u00e9t\u00e9 : des id\u00e9es de sorties gratuites","author":"Fabienne TM","date":"27 juillet 2010","format":false,"excerpt":"Bako Dagnon : \u00ab\u00a0l\u2019Aretha Franklin de Bamako\". Compl\u00e8te mandingue\u00a0: musique dans les parcs et jardins Le mercredi 28 juillet \u00e0 19h\u00a0: Place des Muguets, Nanterre (92) Le jeudi 29 juillet \u00e0 18h ( jardins du Luxembourg) Le vendredi 30 juillet \u00e0 19h 'Parc de Belleville) Dur\u00e9e\u00a0: 1h 15 Compagnie Pernette\u2026","rel":"","context":"Dans &quot;Non class\u00e9&quot;","block_context":{"text":"Non class\u00e9","link":"http:\/\/www.letourismeaparis.fr\/index.php\/category\/non-classe\/"},"img":{"alt_text":"","src":"","width":0,"height":0},"classes":[]},{"id":18285,"url":"http:\/\/www.letourismeaparis.fr\/index.php\/2016\/05\/27\/entrez-dans-la-danse-fete-de-la-danse-samedi-5-juin\/","url_meta":{"origin":18204,"position":4},"title":"Entrez dans la danse, F\u00eate de la danse !  Samedi 5 juin .","author":"Fabienne TM","date":"27 mai 2016","format":false,"excerpt":"Rendez-vous le dimanche 5 juin 2016 pour la 13e \u00e9dition d\u2019 \u00ab Entrez dans la danse, F\u00eate de la danse \u00bb, une c\u00e9l\u00e9bration unique de toutes les danses ! Vous \u00eates invit\u00e9s \u00e0 d\u00e9couvrir et pratiquer la danse sous de multiples formes dans les parcs, rues et places publiques \u00e0\u2026","rel":"","context":"Dans &quot;Non class\u00e9&quot;","block_context":{"text":"Non class\u00e9","link":"http:\/\/www.letourismeaparis.fr\/index.php\/category\/non-classe\/"},"img":{"alt_text":"","src":"","width":0,"height":0},"classes":[]},{"id":14316,"url":"http:\/\/www.letourismeaparis.fr\/index.php\/2013\/12\/12\/grand-bal-swing-la-mairie-du-5eme-samedi-14-decembre\/","url_meta":{"origin":18204,"position":5},"title":"&quot;Grand Bal Swing &quot;\u00e0 la mairie du 5\u00e8me samedi 14 d\u00e9cembre","author":"Fabienne TM","date":"12 d\u00e9cembre 2013","format":false,"excerpt":"le Samedi 14 d\u00e9cembre 2013 de 20h00 \u00e0 22h45. Grand Bal Swing Une soir\u00e9e unique pour danser, \u00e0 la mode des ann\u00e9es swing, au coeur du quartier latin. Pour cl\u00f4turer en beaut\u00e9 le 2\u00e8me T\u00e9l\u00e9thon du Jazz, ce Grand Bal Swing fera chavirer le coeur des parisiens et des touristes\u2026","rel":"","context":"Dans &quot;Danse&quot;","block_context":{"text":"Danse","link":"http:\/\/www.letourismeaparis.fr\/index.php\/category\/spectacle\/danse\/"},"img":{"alt_text":"","src":"","width":0,"height":0},"classes":[]}],"jetpack_sharing_enabled":true,"jetpack_likes_enabled":true,"_links":{"self":[{"href":"http:\/\/www.letourismeaparis.fr\/index.php\/wp-json\/wp\/v2\/posts\/18204","targetHints":{"allow":["GET"]}}],"collection":[{"href":"http:\/\/www.letourismeaparis.fr\/index.php\/wp-json\/wp\/v2\/posts"}],"about":[{"href":"http:\/\/www.letourismeaparis.fr\/index.php\/wp-json\/wp\/v2\/types\/post"}],"author":[{"embeddable":true,"href":"http:\/\/www.letourismeaparis.fr\/index.php\/wp-json\/wp\/v2\/users\/2"}],"replies":[{"embeddable":true,"href":"http:\/\/www.letourismeaparis.fr\/index.php\/wp-json\/wp\/v2\/comments?post=18204"}],"version-history":[{"count":0,"href":"http:\/\/www.letourismeaparis.fr\/index.php\/wp-json\/wp\/v2\/posts\/18204\/revisions"}],"wp:attachment":[{"href":"http:\/\/www.letourismeaparis.fr\/index.php\/wp-json\/wp\/v2\/media?parent=18204"}],"wp:term":[{"taxonomy":"category","embeddable":true,"href":"http:\/\/www.letourismeaparis.fr\/index.php\/wp-json\/wp\/v2\/categories?post=18204"},{"taxonomy":"post_tag","embeddable":true,"href":"http:\/\/www.letourismeaparis.fr\/index.php\/wp-json\/wp\/v2\/tags?post=18204"}],"curies":[{"name":"wp","href":"https:\/\/api.w.org\/{rel}","templated":true}]}}