{"id":18210,"date":"2016-05-13T13:55:15","date_gmt":"2016-05-13T12:55:15","guid":{"rendered":"http:\/\/www.letourismeaparis.fr\/?p=18210"},"modified":"2016-05-13T13:55:15","modified_gmt":"2016-05-13T12:55:15","slug":"les-4-et-5-juin-2016-foire-internationale-de-la-photo-a-bievres","status":"publish","type":"post","link":"http:\/\/www.letourismeaparis.fr\/index.php\/2016\/05\/13\/les-4-et-5-juin-2016-foire-internationale-de-la-photo-a-bievres\/","title":{"rendered":"Les 4 et 5 juin 2016,   Foire internationale de la photo \u00e0  Bi\u00e8vres"},"content":{"rendered":"<p>&nbsp;<br \/>\nDepuis, plus de 50 ans, la Foire Internationale de la\u00a0Photographie r\u00e9unit, le temps d\u2019un week-end, au sein de la\u00a0commune de Bi\u00e8vres tout ce qui concerne la photo d\u2019hier\u00a0et d\u2019aujourd\u2019hui. Si elle est particuli\u00e8rement attach\u00e9e \u00e0 ses\u00a0fondamentaux que sont le march\u00e9 de l\u2019occasion et des\u00a0antiquit\u00e9s photographiques et le march\u00e9 des artistes, elle\u00a0est aussi ouverte aux nouvelles technologies<!--more--><br \/>\net \u00e0 la jeune cr\u00e9ation.March\u00e9, expositions, animations, ateliers, conf\u00e9rences, la Foire est un lieu\u00a0d\u2019\u00e9change, de partage d\u2019exp\u00e9riences pour les professionnels et un espace de\u00a0d\u00e9couverte pour les amateurs ou simples visiteurs. La Foire a accueilli plus de\u00a010.000 visiteurs en 2015.\u00a0Le vintage est partout\u00a0La Foire est reconnue internationalement <!--more-->pour\u00a0son march\u00e9 de l\u2019occasion et des\u00a0antiquit\u00e9s photographiques, un des plus\u00a0grands d\u2019Europe qui s\u2019\u00e9tend sur deux hectares\u00a0en plein c\u0153ur de Bi\u00e8vres. Un paradis pour les\u00a0collectionneurs et chineurs qui viennent y faire\u00a0leur chasse aux tr\u00e9sors : photosph\u00e8res,<br \/>\nlanternes magiques, chambres de voyage,st\u00e9r\u00e9oscopes, visionneuses pour autochromes,appareils portefeuille, pr\u00e9sentoirs \u00e0 photos, livres, photos anciennes, affiches de\u00a0cin\u00e9ma, projecteurs, cam\u00e9ras, pellicules\u2026 L\u2019offre est pl\u00e9thorique<br \/>\nLa jeune cr\u00e9ation s\u2019illustre dans\u00a0le march\u00e9 des artistes qui accueille une centaine\u00a0d\u2019artistes-photographes dont les expositions sont<br \/>\nindividuelles ou collectives. Au c\u0153ur de ce march\u00e9, on\u00a0parle art ou technique. De nombreux prix et lots sont<br \/>\nremis dont le Grand Prix Jean &amp; Andr\u00e9 Fage.Avec les lectures de portfolio, le photographe amateur pr\u00e9sente un ensemble de<br \/>\nphotos \u00e0 un professionnel lequel analyse les clich\u00e9s, r\u00e9v\u00e8le leurs points forts ou\u00a0leurs faiblesses, leur originalit\u00e9 et ce que l\u2019image d\u00e9voile (gratuit, sur r\u00e9servation<br \/>\n<a href=\"http:\/\/www.foirephoto-bievres.com.\">www.foirephoto-bievres.com.<\/a><br \/>\nAnimations pour tous<br \/>\n&nbsp;<br \/>\nEntr\u00e9e libre\u00a0Place de la Mairie de\u00a0Bi\u00e8vres<br \/>\n(Essonne &#8211; France)<br \/>\nSam. 4 juin : 13h-20h<br \/>\nDim. 5 juin : 7h-18h<br \/>\nAcc\u00e8s : 12 km au sud\u00a0de Paris, par la N118\u00a0RER C : gare de\u00a0Bi\u00e8vres<br \/>\n&nbsp;<br \/>\n&nbsp;<br \/>\n&nbsp;<br \/>\n&nbsp;<\/p>\n","protected":false},"excerpt":{"rendered":"<p>&nbsp; Depuis, plus de 50 ans, la Foire Internationale de la\u00a0Photographie r\u00e9unit, le temps d\u2019un week-end, au sein de la\u00a0commune de Bi\u00e8vres tout ce qui concerne la photo d\u2019hier\u00a0et d\u2019aujourd\u2019hui. Si elle est particuli\u00e8rement attach\u00e9e \u00e0 ses\u00a0fondamentaux que sont le&#8230;<\/p>\n","protected":false},"author":2,"featured_media":0,"comment_status":"open","ping_status":"open","sticky":false,"template":"","format":"standard","meta":{"ngg_post_thumbnail":0,"jetpack_post_was_ever_published":false,"_jetpack_newsletter_access":"","footnotes":""},"categories":[1],"tags":[],"class_list":["post-18210","post","type-post","status-publish","format-standard","hentry","category-non-classe"],"jetpack_featured_media_url":"","jetpack-related-posts":[{"id":18863,"url":"http:\/\/www.letourismeaparis.fr\/index.php\/2016\/11\/12\/paris-photo-2016-20eme-edition-de-paris-photo-foire-internationale-dediee-au-medium-photographique\/","url_meta":{"origin":18210,"position":0},"title":"PARIS PHOTO 2016  20\u00e8me \u00e9dition de Paris Photo, foire internationale d\u00e9di\u00e9e au m\u00e9dium photographique,","author":"Fabienne TM","date":"12 novembre 2016","format":false,"excerpt":"\u00a0 La vocation de Paris Photo, depuis sa cr\u00e9ation en 1997, est de rassembler, autour de galeries et \u00e9diteurs internationaux, une s\u00e9lection d\u2019\u0153uvres autour du m\u00e9dium photographique, de tirages vintage jusqu\u2019aux \u0153uvres les plus contemporaines. Les visiteurs \u00a0pourront d\u00e9couvrir 153 galeries, dans la nef et dans le Salon d\u2019Honneur PRISMES,\u2026","rel":"","context":"Dans &quot;Photos&quot;","block_context":{"text":"Photos","link":"http:\/\/www.letourismeaparis.fr\/index.php\/category\/culture\/musees-expositions\/photos\/"},"img":{"alt_text":"","src":"","width":0,"height":0},"classes":[]},{"id":8859,"url":"http:\/\/www.letourismeaparis.fr\/index.php\/2010\/10\/19\/cutlog-art-contemporaindu-21-au-24-octobre-2010-a-la-bourse-du-commerce\/","url_meta":{"origin":18210,"position":1},"title":"Cutlog (art contemporain)du 21 au 24 octobre 2010 \u00e0 la Bourse du Commerce","author":"Fabienne TM","date":"19 octobre 2010","format":false,"excerpt":"Cutlog est une foire d\u2019art contemporain au c\u0153ur de Paris, sous les 1000 m2 du d\u00f4me de la Bourse du Commerce. Cutlog est alternative et compl\u00e9mentaire aux autres foires internationales et parisiennes. Les 35 galeries fran\u00e7aises et internationales s\u00e9lectionn\u00e9es ont pour point commun d\u2019\u00eatre \u00e9mergentes ou de repr\u00e9senter des artistes\u2026","rel":"","context":"Dans &quot;Non class\u00e9&quot;","block_context":{"text":"Non class\u00e9","link":"http:\/\/www.letourismeaparis.fr\/index.php\/category\/non-classe\/"},"img":{"alt_text":"","src":"","width":0,"height":0},"classes":[]},{"id":8881,"url":"http:\/\/www.letourismeaparis.fr\/index.php\/2010\/10\/20\/foire-dart-moderne-et-contemporain-du-21-au-25-octobre-2010\/","url_meta":{"origin":18210,"position":2},"title":"FOIRE D&#039;ART MODERNE ET CONTEMPORAIN DU 21 AU 25 OCTOBRE 2010","author":"Fabienne TM","date":"20 octobre 2010","format":false,"excerpt":"la Foire d'Art Moderne et Contemporain, Art Elys\u00e9es s'installe\u00a0 le long des Champs Elys\u00e9es de la Place Cl\u00e9menceau \u00e0 la Place de la Concorde. L'accent\u00a0 est mis sur l'art moderne et contemporain \"classique\", La Fondation Vasarely STAND 104 A : Conf\u00e9rence \"Victor Vasarely\" : \"de l'oeuvre peint \u00e0 l'oeuvre architectur\u00e9\"\u2026","rel":"","context":"Dans &quot;Non class\u00e9&quot;","block_context":{"text":"Non class\u00e9","link":"http:\/\/www.letourismeaparis.fr\/index.php\/category\/non-classe\/"},"img":{"alt_text":"","src":"","width":0,"height":0},"classes":[]},{"id":26168,"url":"http:\/\/www.letourismeaparis.fr\/index.php\/2025\/05\/08\/le-concours-lepine-a-la-foire-de-paris-2\/","url_meta":{"origin":18210,"position":3},"title":"Le concours L\u00e9pine \u00e0  La Foire de Paris","author":"Fabienne TM","date":"8 mai 2025","format":false,"excerpt":"jusqu' au 11 MAI 2025. Paris Expo Porte de Versailles 5 th\u00e9matiques : L\u2019univers connect\u00e9 Concours L\u00e9pine Un open-space g\u00e9ant d\u00e9sormais d\u00e9di\u00e9 exclusivement aux inventions num\u00e9riques. La cr\u00e9ation d\u2019un tel espace, ouvert sur le reste du salon, permet de favoriser la coop\u00e9ration et la communication entre les Inventeurs, mais aussi\u2026","rel":"","context":"Dans &quot;Loisirs&quot;","block_context":{"text":"Loisirs","link":"http:\/\/www.letourismeaparis.fr\/index.php\/category\/loisirs\/"},"img":{"alt_text":"","src":"https:\/\/i0.wp.com\/www.letourismeaparis.fr\/wp-content\/uploads\/2025\/05\/Capture-decran-2025-05-07-a-17.12.53.png?resize=350%2C200","width":350,"height":200},"classes":[]},{"id":7230,"url":"http:\/\/www.letourismeaparis.fr\/index.php\/2010\/03\/27\/parcours-marais-dessin-et-foire-internationale-de-dessins-du-21e-siecle\/","url_meta":{"origin":18210,"position":4},"title":"Parcours Marais Dessin et Foire Internationale de Dessins du 21e si\u00e8cle","author":"Fabienne TM","date":"27 mars 2010","format":false,"excerpt":"C\u2019est la semaine du dessin dans Paris avec le Salon du dessin contemporain au Carrousel du Louvre et le salon du dessin au Palais de la Bourse. Dans le Marais, treize galeries ont organis\u00e9 un parcours des expositions de dessins du quartier notamment la galerie Polaris la galerie Jeanroch Dard\u2026","rel":"","context":"Dans &quot;Non class\u00e9&quot;","block_context":{"text":"Non class\u00e9","link":"http:\/\/www.letourismeaparis.fr\/index.php\/category\/non-classe\/"},"img":{"alt_text":"","src":"","width":0,"height":0},"classes":[]},{"id":18842,"url":"http:\/\/www.letourismeaparis.fr\/index.php\/2016\/10\/21\/art-elysees-art-design-evenement-incontournable\/","url_meta":{"origin":18210,"position":5},"title":"Art \u00c9lys\u00e9es &#8211; Art &amp; Design, \u00e9v\u00e9nement incontournable","author":"Fabienne TM","date":"21 octobre 2016","format":false,"excerpt":"Pour cette 10e \u00e9dition d\u2019Art \u00c9lys\u00e9es, les organisateurs souhaitent une fois de plus mettre en avant les artistes li\u00e9s aux grands mouvements de l\u2019histoire de l\u2019art moderne et de l\u2019\u00c9cole de Paris, tout en ayant la volont\u00e9 de cr\u00e9er un dialogue fort avec l\u2019art contemporain. SECTION DESIGN XXe SIECLE En\u2026","rel":"","context":"Dans &quot;Beaux arts&quot;","block_context":{"text":"Beaux arts","link":"http:\/\/www.letourismeaparis.fr\/index.php\/category\/culture\/musees-expositions\/beaux-arts\/"},"img":{"alt_text":"","src":"","width":0,"height":0},"classes":[]}],"jetpack_sharing_enabled":true,"jetpack_likes_enabled":true,"_links":{"self":[{"href":"http:\/\/www.letourismeaparis.fr\/index.php\/wp-json\/wp\/v2\/posts\/18210","targetHints":{"allow":["GET"]}}],"collection":[{"href":"http:\/\/www.letourismeaparis.fr\/index.php\/wp-json\/wp\/v2\/posts"}],"about":[{"href":"http:\/\/www.letourismeaparis.fr\/index.php\/wp-json\/wp\/v2\/types\/post"}],"author":[{"embeddable":true,"href":"http:\/\/www.letourismeaparis.fr\/index.php\/wp-json\/wp\/v2\/users\/2"}],"replies":[{"embeddable":true,"href":"http:\/\/www.letourismeaparis.fr\/index.php\/wp-json\/wp\/v2\/comments?post=18210"}],"version-history":[{"count":0,"href":"http:\/\/www.letourismeaparis.fr\/index.php\/wp-json\/wp\/v2\/posts\/18210\/revisions"}],"wp:attachment":[{"href":"http:\/\/www.letourismeaparis.fr\/index.php\/wp-json\/wp\/v2\/media?parent=18210"}],"wp:term":[{"taxonomy":"category","embeddable":true,"href":"http:\/\/www.letourismeaparis.fr\/index.php\/wp-json\/wp\/v2\/categories?post=18210"},{"taxonomy":"post_tag","embeddable":true,"href":"http:\/\/www.letourismeaparis.fr\/index.php\/wp-json\/wp\/v2\/tags?post=18210"}],"curies":[{"name":"wp","href":"https:\/\/api.w.org\/{rel}","templated":true}]}}