{"id":18214,"date":"2016-05-13T17:44:48","date_gmt":"2016-05-13T16:44:48","guid":{"rendered":"http:\/\/www.letourismeaparis.fr\/?p=18214"},"modified":"2016-05-13T17:44:48","modified_gmt":"2016-05-13T16:44:48","slug":"les-21-et-22-mai-lancement-de-e-mehari-a-la-plage-de-la-bastille","status":"publish","type":"post","link":"http:\/\/www.letourismeaparis.fr\/index.php\/2016\/05\/13\/les-21-et-22-mai-lancement-de-e-mehari-a-la-plage-de-la-bastille\/","title":{"rendered":"LES 21 ET 22 MAI, LANCEMENT DE E-MEHARI  \u00c0 LA PLAGE\u2026 DE LA BASTILLE !"},"content":{"rendered":"<p>&nbsp;<br \/>\nLa c\u00e9l\u00e8bre place se transformera en plage le week-end des 21 et 22 mai. L\u2019esprit \u2018Feel Good\u2019 de la Marque soufflera avec des animations 100 % gratuites et ouvertes \u00e0 tous : surf m\u00e9canique,<a href=\"http:\/\/www.letourismeaparis.fr\/wp-content\/uploads\/2016\/05\/citroen-paris.png\"><img loading=\"lazy\" decoding=\"async\" class=\"aligncenter size-medium wp-image-18215\" src=\"http:\/\/www.letourismeaparis.fr\/wp-content\/uploads\/2016\/05\/citroen-paris-251x300.png\" alt=\"citroen paris\" width=\"251\" height=\"300\" \/><\/a><!--more--> beach volley, p\u00e9tanque, sans oublier des essais \u00e0 bord de l\u2019\u00e9lectron libre de la gamme, E-MEHARI. Avec le port de l\u2019Arsenal pour horizon, dans une ambiance festive et pleine de surprises, inutile d\u2019attendre l\u2019\u00e9t\u00e9 pour s\u2019amuser !<br \/>\n&nbsp;<br \/>\nEn mai 1968, Citro\u00ebn d\u00e9voilait un mod\u00e8le de loisirs atypique, la M\u00e9hari. En mai 2016, c\u2019est avec E-MEHARI, cabriolet 4 places 100 % \u00e9lectrique, que la Marque cr\u00e9e \u00e0 nouveau la surprise, en organisant sur les pav\u00e9s, la plage\u2026Pour ce faire, direction la place de la Bastille \u00e0 Paris que Citro\u00ebn convertit en \u2018plage de la Bastille\u2019, une plage accessible \u00e0 tous le week-end des 21 et 22 mai. Une op\u00e9ration in\u00e9dite dont le \u2018teaser\u2019 sur les r\u00e9seaux sociaux aura maintenu le suspense jusqu\u2019au bout : #PlageDeLaBastille<br \/>\nEt pour s\u2019inscrire \u00e0 l\u2019\u00e9v\u00e9nement sur Facebook : <a href=\"http:\/\/bit.ly\/SurLesPav\u00e9sLaPlage\">http:\/\/bit.ly\/SurLesPav\u00e9sLaPlage<\/a><br \/>\nLe port de l\u2019Arsenal pour horizon, la plage de la Bastille pour destination, dans une ambiance festive et pleine de surprises, inutile d\u2019attendre l\u2019\u00e9t\u00e9 pour s\u2019amuser avec des animations gratuites, notamment :<!--more--><br \/>\n&nbsp;<br \/>\nun centre d\u2019essai, r\u00e9serv\u00e9 aux titulaires du permis de conduire, pour prendre le volant de E-MEHARI.<br \/>\ndes jeux de plage : beach volley, p\u00e9tanque, raquettes de plage, surf m\u00e9canique.<br \/>\nde la d\u00e9tente, en profitant de chaises longues, poufs et parasols.<br \/>\ndes ch\u00e2teaux de sable et un espace dessin pour les enfants.<br \/>\nde la musique l\u2019apr\u00e8s-midi avec sets de DJ de la sc\u00e8ne parisienne : Westerly le 21 mai et Seb Ale 22 mai.<br \/>\nde la fra\u00eecheur en savourant une eau de coco distribu\u00e9e par Va\u00ef Va\u00ef, partenaire de l\u2019op\u00e9ration.<br \/>\nune exposition consacr\u00e9e \u00e0 E-MEHARI et \u00e0 la M\u00e9hari originelle.<br \/>\nun photocall E-MEHARI, pour poser comme une star et partager sa photo sur les r\u00e9seaux sociaux afin de gagner peut-\u00eatre un des 12 lots mis en jeu par tirage au sort.<br \/>\ndes goodies distribu\u00e9s tout au long du week-end.<\/p>\n","protected":false},"excerpt":{"rendered":"<p>&nbsp; La c\u00e9l\u00e8bre place se transformera en plage le week-end des 21 et 22 mai. L\u2019esprit \u2018Feel Good\u2019 de la Marque soufflera avec des animations 100 % gratuites et ouvertes \u00e0 tous : surf m\u00e9canique,<\/p>\n","protected":false},"author":2,"featured_media":0,"comment_status":"open","ping_status":"open","sticky":false,"template":"","format":"standard","meta":{"ngg_post_thumbnail":0,"jetpack_post_was_ever_published":false,"_jetpack_newsletter_access":"","footnotes":""},"categories":[7,28],"tags":[],"class_list":["post-18214","post","type-post","status-publish","format-standard","hentry","category-automobiles","category-familles"],"jetpack_featured_media_url":"","jetpack-related-posts":[{"id":236,"url":"http:\/\/www.letourismeaparis.fr\/index.php\/2008\/07\/12\/un-bal-decale-au-parc-citroene-1307\/","url_meta":{"origin":18214,"position":0},"title":"Un bal d\u00e9cal\u00e9 au parc Citro\u00ebn  13\/07","author":"Fabienne TM","date":"12 juillet 2008","format":false,"excerpt":"Le Tourisme \u00e0 Paris Paris Advisor \"Le festival \"Sous la plage\" organise un grand bal populaire dans le parc Andr\u00e9 Citro\u00ebn (15e). Rendez-vous d\u00e8s 14h. D\u00e8s l'apr\u00e8s-midi, des ateliers de danse mettront en jambe petits et grands, Rien que pour les enfants, surprises dansantes et bals anim\u00e9s Puis, place au\u2026","rel":"","context":"Dans &quot;Non class\u00e9&quot;","block_context":{"text":"Non class\u00e9","link":"http:\/\/www.letourismeaparis.fr\/index.php\/category\/non-classe\/"},"img":{"alt_text":"","src":"","width":0,"height":0},"classes":[]},{"id":3597,"url":"http:\/\/www.letourismeaparis.fr\/index.php\/2009\/07\/11\/14-juillet-vous-allez-danserainsi-que-le-13-juillet\/","url_meta":{"origin":18214,"position":1},"title":"14 juillet : vous allez danser,ainsi que le 13 juillet&#8230;","author":"Fabienne TM","date":"11 juillet 2009","format":false,"excerpt":"Place de la Bastille,\u00a0 le 13 juillet, de 20h30 \u00e0 0h30. Sous la Plage , Parc Andr\u00e9 Citro\u00ebn, \u00a0\u00a0\u00a0 le 13 juillet de 18h \u00e0 l'aube. Champ de Mars : Avant le feu d'artifice tir\u00e9 depuis le pont d'I\u00e9na, un concert de\u00a0\u00a0 Johnny Hallyday\u00a0 sera donn\u00e9 au pied de la\u2026","rel":"","context":"Dans &quot;Non class\u00e9&quot;","block_context":{"text":"Non class\u00e9","link":"http:\/\/www.letourismeaparis.fr\/index.php\/category\/non-classe\/"},"img":{"alt_text":"","src":"","width":0,"height":0},"classes":[]},{"id":3471,"url":"http:\/\/www.letourismeaparis.fr\/index.php\/2009\/07\/10\/festival-sous-la-plage-au-port-de-javel-et-au-parc-andre-citroen-12-et-1307\/","url_meta":{"origin":18214,"position":2},"title":"Festival sous la plage au port de Javel et  au parc Andr\u00e9 Citro\u00ebn 12 et 13\/07","author":"Fabienne TM","date":"10 juillet 2009","format":false,"excerpt":"Festival Sous la Plage. Petit Bain revient les 12 et 13 juillet\u00a0 Port de Javel et Parc Andr\u00e9 Citro\u00ebn .Musiciens, chanteurs, danseurs et autres artistes seront pr\u00e9sents.\u00a0 gratuit DIMANCHE 12 JUILLET : CIEL, LA 7e ! 15h-minuit D\u00e8s 15h, des ateliers \u00e9lctro-ludiques pour tous les \u00e2ges et toutes les envies..\u2026","rel":"","context":"Dans &quot;Non class\u00e9&quot;","block_context":{"text":"Non class\u00e9","link":"http:\/\/www.letourismeaparis.fr\/index.php\/category\/non-classe\/"},"img":{"alt_text":"","src":"","width":0,"height":0},"classes":[]},{"id":10230,"url":"http:\/\/www.letourismeaparis.fr\/index.php\/2011\/05\/06\/tous-a-lopera-les-7-et-8-mai-2011\/","url_meta":{"origin":18214,"position":3},"title":"Tous \u00e0 l\u2019Op\u00e9ra ! les 7 et 8 mai 2011","author":"Fabienne TM","date":"6 mai 2011","format":false,"excerpt":"Vingt-neuf op\u00e9ras ouvrent leurs portes gratuitement \u00e0 tous dans toute la France, dans le cadre des Journ\u00e9es europ\u00e9ennes de l\u2019op\u00e9ra. Op\u00e9ra National de Paris : le Palais Garnier et l\u2019Op\u00e9ra Bastille L\u2019Op\u00e9ra national de Paris ouvre les portes de ses deux th\u00e9\u00e2tres. Samedi 7 mai 2011, de 9h \u00e0 21h\u2026","rel":"","context":"Dans &quot;Non class\u00e9&quot;","block_context":{"text":"Non class\u00e9","link":"http:\/\/www.letourismeaparis.fr\/index.php\/category\/non-classe\/"},"img":{"alt_text":"","src":"","width":0,"height":0},"classes":[]},{"id":2821,"url":"http:\/\/www.letourismeaparis.fr\/index.php\/2009\/05\/06\/tous-a-lopera-samedi-9-mai\/","url_meta":{"origin":18214,"position":4},"title":"Tous \u00e0 l&#039;Op\u00e9ra samedi 9 mai !","author":"Fabienne TM","date":"6 mai 2009","format":false,"excerpt":"L'Op\u00e9ra de Massy, l'Op\u00e9ra Garnier, l'Op\u00e9ra Bastille, l'Op\u00e9ra comique , la P\u00e9niche Op\u00e9ra et biens d'autres vous attendent samedi 9 Mai pour des visites, spectacles, films parfois sur inscription . Op\u00e9ra de Massy : Th\u00e8me de la journ\u00e9e : Faust, quand un op\u00e9ra se pr\u00e9pare \u00e0 l\u2019Op\u00e9ra de Massy de\u2026","rel":"","context":"Dans &quot;Non class\u00e9&quot;","block_context":{"text":"Non class\u00e9","link":"http:\/\/www.letourismeaparis.fr\/index.php\/category\/non-classe\/"},"img":{"alt_text":"","src":"","width":0,"height":0},"classes":[]},{"id":13360,"url":"http:\/\/www.letourismeaparis.fr\/index.php\/2013\/05\/23\/lice-cream-tour-ben-jerrys-est-de-retour-jusquau-24-mai-associe-a-une-grande-collecte-de-vetements-pour-emmaus\/","url_meta":{"origin":18214,"position":5},"title":"L\u2019Ice Cream Tour Ben &amp; Jerry&#039;s est de retour jusqu&#039;au 24 mai, associ\u00e9 \u00e0 une grande collecte de v\u00eatements pour Emma\u00fcs","author":"Fabienne TM","date":"23 mai 2013","format":false,"excerpt":"Vous retrouverez en effet la fameuse Benne \u00e0 Jerry sur un camion \u00ab pick-up \u00bb. \u00c0 vous d\u2019y d\u00e9poser vos v\u00eatements, propres et en bon \u00e9tat, qui ne vous servent plus. Ces v\u00eatements seront ensuite revendus \u00e0 petits prix par les groupes Emma\u00fcs, Quoi de plus logique que de faire\u2026","rel":"","context":"Dans &quot;Non class\u00e9&quot;","block_context":{"text":"Non class\u00e9","link":"http:\/\/www.letourismeaparis.fr\/index.php\/category\/non-classe\/"},"img":{"alt_text":"","src":"","width":0,"height":0},"classes":[]}],"jetpack_sharing_enabled":true,"jetpack_likes_enabled":true,"_links":{"self":[{"href":"http:\/\/www.letourismeaparis.fr\/index.php\/wp-json\/wp\/v2\/posts\/18214","targetHints":{"allow":["GET"]}}],"collection":[{"href":"http:\/\/www.letourismeaparis.fr\/index.php\/wp-json\/wp\/v2\/posts"}],"about":[{"href":"http:\/\/www.letourismeaparis.fr\/index.php\/wp-json\/wp\/v2\/types\/post"}],"author":[{"embeddable":true,"href":"http:\/\/www.letourismeaparis.fr\/index.php\/wp-json\/wp\/v2\/users\/2"}],"replies":[{"embeddable":true,"href":"http:\/\/www.letourismeaparis.fr\/index.php\/wp-json\/wp\/v2\/comments?post=18214"}],"version-history":[{"count":0,"href":"http:\/\/www.letourismeaparis.fr\/index.php\/wp-json\/wp\/v2\/posts\/18214\/revisions"}],"wp:attachment":[{"href":"http:\/\/www.letourismeaparis.fr\/index.php\/wp-json\/wp\/v2\/media?parent=18214"}],"wp:term":[{"taxonomy":"category","embeddable":true,"href":"http:\/\/www.letourismeaparis.fr\/index.php\/wp-json\/wp\/v2\/categories?post=18214"},{"taxonomy":"post_tag","embeddable":true,"href":"http:\/\/www.letourismeaparis.fr\/index.php\/wp-json\/wp\/v2\/tags?post=18214"}],"curies":[{"name":"wp","href":"https:\/\/api.w.org\/{rel}","templated":true}]}}