{"id":18219,"date":"2016-05-14T12:59:01","date_gmt":"2016-05-14T11:59:01","guid":{"rendered":"http:\/\/www.letourismeaparis.fr\/?p=18219"},"modified":"2016-05-14T12:59:01","modified_gmt":"2016-05-14T11:59:01","slug":"portes-ouvertes-des-ateliers-dartistes-de-belleville-samedi-14-dimanche-15-et-lundi-16-mai-2016","status":"publish","type":"post","link":"http:\/\/www.letourismeaparis.fr\/index.php\/2016\/05\/14\/portes-ouvertes-des-ateliers-dartistes-de-belleville-samedi-14-dimanche-15-et-lundi-16-mai-2016\/","title":{"rendered":"PORTES OUVERTES  DES ATELIERS D\u2019ARTISTES DE BELLEVILLE  SAMEDI 14  DIMANCHE 15  ET LUNDI 16 MAI 2016"},"content":{"rendered":"<p>&nbsp;<br \/>\nDE 14 \u00c0 20H<br \/>\nNocturne samedi 14 jusqu\u2019\u00e0 22h<br \/>\nPendant quatre journ\u00e9es exceptionnelles chacun peut aller \u00e0 la d\u00e9couverte des \u0153uvres : peintres, sculpteurs, photographes, plasticiens, graveurs, c\u00e9ramistes\u2026 202 artistes et 15 collectifs vous invitent \u00e0 d\u00e9couvrir leur travail et leurs lieux de cr\u00e9ation : plus de 100 ateliers sont ouverts pendant quatre jours !<a href=\"http:\/\/www.letourismeaparis.fr\/wp-content\/uploads\/2016\/05\/BBBB.jpg\"><img loading=\"lazy\" decoding=\"async\" class=\"aligncenter size-medium wp-image-18220\" src=\"http:\/\/www.letourismeaparis.fr\/wp-content\/uploads\/2016\/05\/BBBB-212x300.jpg\" alt=\"BBBB\" width=\"212\" height=\"300\" \/><\/a><br \/>\nLa 27e \u00e9dition se tiendra autour du th\u00e8me Passeport(e) et r\u00e9serve de nombreuses surprises\u2026 invit\u00e9s d\u2019Espagne et du Portugal, expo CoBrA, expo Hugo Pratt, moments festifs, projections\u2026 Soyez au rendez-vous !<!--more--><br \/>\n&nbsp;<br \/>\nInformations : 01 77 12 63 13<br \/>\n\u00c9V\u00c9NEMENTS \u00ab AUTOUR DES PORTES OUVERTES \u00bb ET PROJETS ASSOCI\u00c9S<br \/>\nLa programmation \u00e9v\u00e8nementielle, ax\u00e9e sur le th\u00e8me \u00ab Passeport(e) \u00bb, sert de fil rouge aux Portes Ouverte, et cr\u00e9e des ponts entre disciplines et artistes. Cette ann\u00e9e seront propos\u00e9s notamment :<br \/>\n\u2013 \u00ab Dimanche en F\u00eate \u00bb : projections \u00e0 la Bellevilloise, suivies d\u2019une d\u00e9ambulation dans un parcours de street art, lancer de ballons, et pour finir la journ\u00e9e, pot des artistes et fanfare \u00e0 la galerie des AAB.<br \/>\n\u2013 \u00ab Le mouvement CoBrA \u00bb, exposition \u00e0 l\u2019Espace Jourdain<br \/>\n\u2013 \u00ab Hugo Pratt \u00bb \u00e0 l\u2019Espace Reinde de Saba (originaux, photos, maquettes, objets\u2026)<br \/>\n\u2013 \u00ab Passeport(e) \u00bb, \u0153uvre collective \u00e0 la Villa Belleville<br \/>\n\u2013 \u00ab Hors Jeu \u00bb, \u0153uvre participative \u00e0 l\u2019Artame Gallery<br \/>\n\u2013 \u00ab Les Portes Ouvertes s\u2019offrent une suite \u00bb : s\u00e9lection d\u2019ateliers ouverts les samedi 21 et dimanche 22 mai 2016 (65 artistes participants)<br \/>\nEn outre, 10 artistes espagnols et portugais sont invit\u00e9s dans le cadre d\u2019\u00e9changes avec les associations Russafart (Valence, Espagne) et Castelo d\u2019If (Lisbonne, Portugal).<\/p>\n","protected":false},"excerpt":{"rendered":"<p>&nbsp; DE 14 \u00c0 20H Nocturne samedi 14 jusqu\u2019\u00e0 22h Pendant quatre journ\u00e9es exceptionnelles chacun peut aller \u00e0 la d\u00e9couverte des \u0153uvres : peintres, sculpteurs, photographes, plasticiens, graveurs, c\u00e9ramistes\u2026 202 artistes et 15 collectifs vous invitent \u00e0 d\u00e9couvrir leur travail&#8230;<\/p>\n","protected":false},"author":2,"featured_media":0,"comment_status":"open","ping_status":"open","sticky":false,"template":"","format":"standard","meta":{"ngg_post_thumbnail":0,"jetpack_post_was_ever_published":false,"_jetpack_newsletter_access":"","footnotes":""},"categories":[9],"tags":[],"class_list":["post-18219","post","type-post","status-publish","format-standard","hentry","category-beaux-arts"],"jetpack_featured_media_url":"","jetpack-related-posts":[{"id":15900,"url":"http:\/\/www.letourismeaparis.fr\/index.php\/2014\/11\/09\/portes-ouvertes-danvers-aux-abbesses-du-14-au-16-novembre-2014\/","url_meta":{"origin":18219,"position":0},"title":"PORTES OUVERTES D\u2019ANVERS AUX ABBESSES DU 14 AU 16 NOVEMBRE 2014 :","author":"Fabienne TM","date":"9 novembre 2014","format":false,"excerpt":"Le quartier de la Butte Montmartre a toujours \u00e9t\u00e9 r\u00e9put\u00e9 pour ses artistes. Ils ont \u00e9t\u00e9 nombreux \u00e0 peindre, sculpter ou cr\u00e9er dans les 18e et 9e arrondissements de Paris. Les touristes viennent d\u2019ailleurs de loin pour se replonger dans cette atmosph\u00e8re artistique si typique qui \u00e9voque \u00ab\u00a0La Boh\u00e8me\u00a0\u00bb.D\u2019atelier en\u2026","rel":"","context":"Dans &quot;Non class\u00e9&quot;","block_context":{"text":"Non class\u00e9","link":"http:\/\/www.letourismeaparis.fr\/index.php\/category\/non-classe\/"},"img":{"alt_text":"","src":"","width":0,"height":0},"classes":[]},{"id":10415,"url":"http:\/\/www.letourismeaparis.fr\/index.php\/2011\/05\/27\/les-portes-ouvertes-des-ateliers-dartistes-2011-dans-le-12-eme-les-28-et-29-mai\/","url_meta":{"origin":18219,"position":1},"title":"Les portes ouvertes des ateliers d&#039;artistes 2011 dans le 12 \u00e8me les 28 et 29 mai","author":"Fabienne TM","date":"27 mai 2011","format":false,"excerpt":"La Mairie du 12e vous propose de partir \u00e0 la d\u00e9couverte des artistes du 12e sur leurs lieux de cr\u00e9ation, le samedi 28 et le dimanche 29 mai prochains. Venez rencontrer tous les artistes de cette \u00e9dition autour d'un verre, le samedi 28 mai, \u00e0 20h, \u00e0 l'Atelier en commun\u2026","rel":"","context":"Dans &quot;Non class\u00e9&quot;","block_context":{"text":"Non class\u00e9","link":"http:\/\/www.letourismeaparis.fr\/index.php\/category\/non-classe\/"},"img":{"alt_text":"","src":"https:\/\/i0.wp.com\/www.letourismeaparis.fr\/wp-content\/uploads\/2011\/05\/ateliers12-259x300.jpg?resize=350%2C200","width":350,"height":200},"classes":[]},{"id":17259,"url":"http:\/\/www.letourismeaparis.fr\/index.php\/2015\/10\/22\/vacances-de-la-toussaint-au-palais-de-la-decouverte-et-a-la-cite-des-sciences-et-de-lindustrie\/","url_meta":{"origin":18219,"position":2},"title":"Vacances de la Toussaint  au Palais de la d\u00e9couverte et \u00e0 la Cit\u00e9 des sciences et de l\u2019industrie","author":"Fabienne TM","date":"22 octobre 2015","format":false,"excerpt":"Ouverts exceptionnellement les lundis, les deux mus\u00e9es proposent 14 jours non-stop d\u2018activit\u00e9s. Les ateliers et expos\u00e9s qui accompagnent les expositions temporaires aux th\u00e9matiques fortes et dans l\u2019air du temps, permettent \u00e0 chacun de trouver son bonheur. Ouvertures exceptionnelles les lundis 19 et 26 octobre. Ouverts tous les jours jusqu\u2019\u00e0 19h.\u2026","rel":"","context":"Dans &quot;Familles&quot;","block_context":{"text":"Familles","link":"http:\/\/www.letourismeaparis.fr\/index.php\/category\/familles\/"},"img":{"alt_text":"","src":"","width":0,"height":0},"classes":[]},{"id":18492,"url":"http:\/\/www.letourismeaparis.fr\/index.php\/2016\/08\/12\/play-une-expo-pour-se-prendre-au-jeu-a-la-cite-de-la-mode-et-du-design-jusquau-21-aout\/","url_meta":{"origin":18219,"position":3},"title":"PLAY !  Une expo pour se prendre au jeu \u00c0 la cit\u00e9 de la Mode et du Design  Jusqu&#039;au 21 ao\u00fbt","author":"Fabienne TM","date":"12 ao\u00fbt 2016","format":false,"excerpt":"\u00a0 Faites chanter un arbuste, dansez avec des masques tribaux, construisiez votre propre ville, laissez-vous surprendre dans un \"escape game\" aux allures du cuisine, customisez le pelage d'animaux de la jungle, animez des dessins : c'est le programme de PLAY! expo ludique et interactive \u00e0 la cit\u00e9 de la Mode\u2026","rel":"","context":"Dans &quot;Familles&quot;","block_context":{"text":"Familles","link":"http:\/\/www.letourismeaparis.fr\/index.php\/category\/familles\/"},"img":{"alt_text":"","src":"","width":0,"height":0},"classes":[]},{"id":19044,"url":"http:\/\/www.letourismeaparis.fr\/index.php\/2016\/11\/24\/portes-ouvertes-dans-les-ateliers-du-pere-lachaise-associes\/","url_meta":{"origin":18219,"position":4},"title":"Portes ouvertes dans les ateliers du P\u00e8re Lachaise  associ\u00e9s","author":"Fabienne TM","date":"24 novembre 2016","format":false,"excerpt":"\u00a0 Les 3 et 4 d\u00e9cembre 2016, PLACE AUX ATELIERS DU P\u00c8RE LACHAISE ASSOCI\u00c9S DANS LE 20e Les Portes ouvertes des Ateliers du P\u00e8re Lachaise Associ\u00e9s (APLA) sont un moment de partage autour de cr\u00e9ations d\u2019Artistes du 20e arrondissement de Paris.Situ\u00e9s \u00e0 l\u2019est du P\u00e8re Lachaise, entre la rue du\u2026","rel":"","context":"Dans &quot;Non class\u00e9&quot;","block_context":{"text":"Non class\u00e9","link":"http:\/\/www.letourismeaparis.fr\/index.php\/category\/non-classe\/"},"img":{"alt_text":"","src":"","width":0,"height":0},"classes":[]},{"id":16059,"url":"http:\/\/www.letourismeaparis.fr\/index.php\/2014\/12\/04\/les-artistes-plasticiens-des-atelier-s-du-pere-lachaise-associes-ouvrent-leurs-portes-les-6-et-7-decembre-2014\/","url_meta":{"origin":18219,"position":5},"title":"Les artistes plasticiens des Atelier s du P\u00e8re Lachaise Associ\u00e9s ouvrent leurs portes les  6 et 7 d\u00e9cembre 2014","author":"Fabienne TM","date":"4 d\u00e9cembre 2014","format":false,"excerpt":"FOISONNEMENT ARTISTIQUE\u00a0HIVERNAL AU COEUR DU 20e.Les artistes plasticiens des Atelier s du P\u00e8re Lachaise Associ\u00e9s ouvrent leurs portes .Cette ann\u00e9e, 26 artistes pr\u00e9senteront leurs cr\u00e9ations dans une vingtaine d\u2019ateliers de l\u2019est parisien. Ils sont peintres, photographes, encolleurs, plasticiens, graveurs, sculpteurs, auteurs-illustrateurs\u2026 R\u00e9guli\u00e8rement, les artistes de l\u2019APLA invitent d\u2019autres artistes \u00e0\u2026","rel":"","context":"Dans &quot;Non class\u00e9&quot;","block_context":{"text":"Non class\u00e9","link":"http:\/\/www.letourismeaparis.fr\/index.php\/category\/non-classe\/"},"img":{"alt_text":"","src":"","width":0,"height":0},"classes":[]}],"jetpack_sharing_enabled":true,"jetpack_likes_enabled":true,"_links":{"self":[{"href":"http:\/\/www.letourismeaparis.fr\/index.php\/wp-json\/wp\/v2\/posts\/18219","targetHints":{"allow":["GET"]}}],"collection":[{"href":"http:\/\/www.letourismeaparis.fr\/index.php\/wp-json\/wp\/v2\/posts"}],"about":[{"href":"http:\/\/www.letourismeaparis.fr\/index.php\/wp-json\/wp\/v2\/types\/post"}],"author":[{"embeddable":true,"href":"http:\/\/www.letourismeaparis.fr\/index.php\/wp-json\/wp\/v2\/users\/2"}],"replies":[{"embeddable":true,"href":"http:\/\/www.letourismeaparis.fr\/index.php\/wp-json\/wp\/v2\/comments?post=18219"}],"version-history":[{"count":0,"href":"http:\/\/www.letourismeaparis.fr\/index.php\/wp-json\/wp\/v2\/posts\/18219\/revisions"}],"wp:attachment":[{"href":"http:\/\/www.letourismeaparis.fr\/index.php\/wp-json\/wp\/v2\/media?parent=18219"}],"wp:term":[{"taxonomy":"category","embeddable":true,"href":"http:\/\/www.letourismeaparis.fr\/index.php\/wp-json\/wp\/v2\/categories?post=18219"},{"taxonomy":"post_tag","embeddable":true,"href":"http:\/\/www.letourismeaparis.fr\/index.php\/wp-json\/wp\/v2\/tags?post=18219"}],"curies":[{"name":"wp","href":"https:\/\/api.w.org\/{rel}","templated":true}]}}