{"id":18223,"date":"2016-05-14T13:03:54","date_gmt":"2016-05-14T12:03:54","guid":{"rendered":"http:\/\/www.letourismeaparis.fr\/?p=18223"},"modified":"2016-05-14T13:03:54","modified_gmt":"2016-05-14T12:03:54","slug":"6e-salon-du-disque-des-puces-samedi-14-dimanche-15-mai-2016-de-10-heures-a-18-heures","status":"publish","type":"post","link":"http:\/\/www.letourismeaparis.fr\/index.php\/2016\/05\/14\/6e-salon-du-disque-des-puces-samedi-14-dimanche-15-mai-2016-de-10-heures-a-18-heures\/","title":{"rendered":"6E SALON DU DISQUE DES PUCES    SAMEDI 14 \u2013 DIMANCHE 15 MAI 2016      DE 10 HEURES \u00c0 18 HEURES"},"content":{"rendered":"<p>&nbsp;<br \/>\nAu c\u0153ur de l\u2019espace Musique du March\u00e9 Dauphine Salle d\u2019exposition au 1er \u00e9tage \u2013 Entr\u00e9e Gratuite<br \/>\nLes vinyles font un retour en force et n\u2019ont jamais \u00e9t\u00e9 aussi tendance !\u2026 Pour sa 6e \u00e9dition, le Salon du disque 2016 du March\u00e9 Dauphine, aux Puces de Paris Saint-Ouen, devient un rendez\u2013vous incontournable pour tous les passionn\u00e9s de musique, Jazz, Rock, Pop, Funk et Hip-Hop. Cette ann\u00e9e, une vingtaine de marchands venus des quatre coins de la France proposeront leurs plus belles p\u00e9pites chin\u00e9es avec passion\u2026<a href=\"http:\/\/www.letourismeaparis.fr\/wp-content\/uploads\/2016\/05\/cd.jpg\"><img loading=\"lazy\" decoding=\"async\" class=\"aligncenter size-medium wp-image-18224\" src=\"http:\/\/www.letourismeaparis.fr\/wp-content\/uploads\/2016\/05\/cd-200x300.jpg\" alt=\"Mise en page 1\" width=\"200\" height=\"300\" \/><\/a><br \/>\n&nbsp;<br \/>\nL\u2019apr\u00e8sMise en page 1-midi du samedi 14 mai, Philippe Man\u0153uvre pr\u00e9sentera une exposition des plus belles photos d\u2019Alain Dister (1941-2008) \u00e0 la boutique \u00ab La Salle des Coffres \u00bb, <!--more-->au rez-de-chauss\u00e9e, stand 126.Parmi ces photos, une partie consacr\u00e9e \u00e0 la visite de Jimi Hendrix aux Puces de Paris Saint-Ouen, en mars 1967, sera expos\u00e9e pour la premi\u00e8re fois. Aujourd\u2019hui, le March\u00e9 Dauphine est de loin le tout premier \u00ab spot \u00bb parisien de disquaires avec plus d\u2019une quinzaine de sp\u00e9cialistes en vinyles, mat\u00e9riel et instruments de musique install\u00e9s au sein de l\u2019Espace Musique, au 1er \u00e9tage, sans compter les nombreux brocanteurs ou antiquaires qui proposent ici et l\u00e0 une caisse remplie de disques\u2026<br \/>\n&nbsp;<br \/>\nAu c\u0153ur de l\u2019espace Musique du March\u00e9 Dauphine Salle d\u2019exposition au 1e \u00e9tage.<br \/>\n&nbsp;<br \/>\nMarch\u00e9 Dauphine : 132 \u2013 140 rue, des Rosiers \u2013 93400 Saint Ouen<br \/>\n&nbsp;<br \/>\nJours et horaires d\u2019ouverture : samedi, dimanche de 10h00\/18h00<br \/>\n&nbsp;<br \/>\nParking \u00e0 proximit\u00e9<br \/>\n&nbsp;<br \/>\nM\u00e9tro ligne 4 station porte de Clignancourt ou ligne 13 station Garibaldi<br \/>\n&nbsp;<br \/>\nBus ligne 85<\/p>\n","protected":false},"excerpt":{"rendered":"<p>&nbsp; Au c\u0153ur de l\u2019espace Musique du March\u00e9 Dauphine Salle d\u2019exposition au 1er \u00e9tage \u2013 Entr\u00e9e Gratuite Les vinyles font un retour en force et n\u2019ont jamais \u00e9t\u00e9 aussi tendance !\u2026 Pour sa 6e \u00e9dition, le Salon du disque 2016&#8230;<\/p>\n","protected":false},"author":2,"featured_media":0,"comment_status":"open","ping_status":"open","sticky":false,"template":"","format":"standard","meta":{"ngg_post_thumbnail":0,"jetpack_post_was_ever_published":false,"_jetpack_newsletter_access":"","footnotes":""},"categories":[28,27,39],"tags":[],"class_list":["post-18223","post","type-post","status-publish","format-standard","hentry","category-familles","category-musees-expositions","category-musique"],"jetpack_featured_media_url":"","jetpack-related-posts":[{"id":18252,"url":"http:\/\/www.letourismeaparis.fr\/index.php\/2016\/05\/20\/la-nuit-des-musees-a-paris-samedi-21-mai\/","url_meta":{"origin":18223,"position":0},"title":"La nuit des mus\u00e9es \u00e0 Paris  samedi 21 mai, quelques id\u00e9es dont la cit\u00e9 des sciences et le Palais de la d\u00e9couverte","author":"Fabienne TM","date":"20 mai 2016","format":false,"excerpt":"La Cit\u00e9 des sciences et de l\u2019industrie, la G\u00e9ode et le Palais de la d\u00e9couverte en acc\u00e8s libre et gratuit jusqu\u2019\u00e0 minuit samedi 21 mai 2016, \u00e0 l\u2019occasion de la 12e Nuit europ\u00e9enne des mus\u00e9es \u00c0 l\u2019occasion de la Nuit europ\u00e9enne des Mus\u00e9es, grand rendez-vous du printemps qui c\u00e9l\u00e8bre l\u2019art\u2026","rel":"","context":"Dans &quot;Non class\u00e9&quot;","block_context":{"text":"Non class\u00e9","link":"http:\/\/www.letourismeaparis.fr\/index.php\/category\/non-classe\/"},"img":{"alt_text":"","src":"","width":0,"height":0},"classes":[]},{"id":12927,"url":"http:\/\/www.letourismeaparis.fr\/index.php\/2013\/03\/01\/exposition-poetica-du-6e-atelier-dartistes-du-mardi-5-au-lundi-25-mars\/","url_meta":{"origin":18223,"position":1},"title":"Exposition POETICA du &#039; 6\u00e8me &quot; Atelier d&#039;artistes&quot;    du mardi 5 au lundi 25 mars","author":"Fabienne TM","date":"1 mars 2013","format":false,"excerpt":"Le \u00ab 6e, Ateliers d\u2019artistes \u00bb f\u00eate ses 20 ans avec PO\u00c9TICA. A l\u2019occasion de son vingti\u00e8me anniversaire, \"Le 6e, Ateliers d\u2019Artistes\", association d'artistes du 6e arrondissement, organise plusieurs manifestations artistiques. \u0152uvres, cr\u00e9ations et installations de peintres, sculpteurs, photographes, graveurs... et musiciens sont pr\u00e9sent\u00e9es \u00e0 la Mairie du 6e, sur\u2026","rel":"","context":"Dans &quot;Non class\u00e9&quot;","block_context":{"text":"Non class\u00e9","link":"http:\/\/www.letourismeaparis.fr\/index.php\/category\/non-classe\/"},"img":{"alt_text":"","src":"","width":0,"height":0},"classes":[]},{"id":16603,"url":"http:\/\/www.letourismeaparis.fr\/index.php\/2015\/05\/05\/retrospective-chantal-de-crissey-peintre-animaliera-la-mairie-du-6-eme-et-exposition-de-photos-californie-de-pierre-auroux\/","url_meta":{"origin":18223,"position":2},"title":"R\u00e9trospective Chantal de Crissey, peintre animalier,\u00e0 la mairie du 6 \u00e8me et exposition de photos (Californie) de Pierre AUROUX","author":"Fabienne TM","date":"5 mai 2015","format":false,"excerpt":"Exposition Chantal de Crissey et Pierre Auroux \u00a0Chantal de Crissey,\u00a0dessinatrice pour Herm\u00e8s, est devenue, en Europe, peintre du monde animal et des sports \u00e9questres. Peindre et dessiner sont dans l'h\u00e9r\u00e9dit\u00e9 de Chantal de Crissey.\u00a0Entour\u00e9e d'animaux familiers et domestiques depuis son enfance en Morvan, elle est devenue, en Europe, peintre du\u2026","rel":"","context":"Dans &quot;Beaux arts&quot;","block_context":{"text":"Beaux arts","link":"http:\/\/www.letourismeaparis.fr\/index.php\/category\/culture\/musees-expositions\/beaux-arts\/"},"img":{"alt_text":"","src":"https:\/\/i0.wp.com\/www.letourismeaparis.fr\/wp-content\/uploads\/2015\/05\/cdc-208x300.jpeg?resize=350%2C200","width":350,"height":200},"classes":[]},{"id":13339,"url":"http:\/\/www.letourismeaparis.fr\/index.php\/2013\/05\/16\/9e-nuit-europeenne-des-musees-quelques-idees-pour-le-18-mai\/","url_meta":{"origin":18223,"position":3},"title":"9e nuit europ\u00e9enne des mus\u00e9es ! quelques id\u00e9es pour le 18 mai","author":"Fabienne TM","date":"16 mai 2013","format":false,"excerpt":"9e nuit europ\u00e9enne des mus\u00e9es ! quelques id\u00e9es pour le 18 mai passez une nuit cin\u00e9tique au Grand Palais :De 20h \u00e0 minuit, p\u00e9n\u00e9trez gratuitement dans l\u2019exposition Dynamo et impr\u00e9gnez vous des atmosph\u00e8res chromatiques et changeantes d\u2019Ann Veronica Janssen, jouez avec les effets des miroirs kal\u00e9idoscopiques de Jeppe Hein et\u2026","rel":"","context":"Dans &quot;Mus\u00e9es \/ Expositions&quot;","block_context":{"text":"Mus\u00e9es \/ Expositions","link":"http:\/\/www.letourismeaparis.fr\/index.php\/category\/culture\/musees-expositions\/"},"img":{"alt_text":"","src":"","width":0,"height":0},"classes":[]},{"id":10307,"url":"http:\/\/www.letourismeaparis.fr\/index.php\/2011\/05\/13\/samedi-14-mainuit-des-musees-selection\/","url_meta":{"origin":18223,"position":4},"title":"Samedi 14 mai,&quot;nuit des mus\u00e9es&quot; : s\u00e9lection","author":"Fabienne TM","date":"13 mai 2011","format":false,"excerpt":"Les portes des mus\u00e9es s\u2019ouvrent la nuit du 14 mai. les mus\u00e9es deviennent le th\u00e9\u00e2tre de rencontres et d\u2019\u00e9v\u00e9nements inattendus. Conservateurs, com\u00e9diens, m\u00e9diateurs, historiens de l\u2019art, musiciens, danseurs, et m\u00eame sp\u00e9cialistes du monde spatial vous invitent\u00a0 \u00e0 venir vivre le mus\u00e9e autrement. Dans pr\u00e8s de 3000 mus\u00e9es \u00e0 travers l\u2019Europe,\u2026","rel":"","context":"Dans &quot;Non class\u00e9&quot;","block_context":{"text":"Non class\u00e9","link":"http:\/\/www.letourismeaparis.fr\/index.php\/category\/non-classe\/"},"img":{"alt_text":"","src":"","width":0,"height":0},"classes":[]},{"id":13941,"url":"http:\/\/www.letourismeaparis.fr\/index.php\/2013\/01\/09\/la-bellaventure-des-artistes-a-la-mairie-du-6eme-des-concerts-gratuits-pendant-lannee\/","url_meta":{"origin":18223,"position":5},"title":"La Bell&#039;Aventure des Artistes \u00e0 la mairie du 6\u00e8me : des concerts gratuits pendant l&#039;ann\u00e9e : samedi 25 janvier \u00e0 15h &#8230;.","author":"Fabienne TM","date":"9 janvier 2013","format":false,"excerpt":"\u00a0jusqu'au samedi 8 f\u00e9vrier Six duos de musiciens : des virtuoses de la clarinette, du piano, des percussions, de la fl\u00fbte, du violoncelle ou du violon\u2026 Ces douze artistes interpr\u00e9teront les grandes oeuvres de Bach, Mozart, Ravel, Tcha\u00efkovsky, Wagner\u2026 \u00a0 SAMEDI 25 JANVIER A 15H PIANO ET MARIMBA Concert :\u00a0\u2026","rel":"","context":"Dans &quot;Musique&quot;","block_context":{"text":"Musique","link":"http:\/\/www.letourismeaparis.fr\/index.php\/category\/culture\/concerts-musique\/musique\/"},"img":{"alt_text":"","src":"https:\/\/i0.wp.com\/www.letourismeaparis.fr\/wp-content\/uploads\/2013\/09\/be-a.jpeg?resize=350%2C200","width":350,"height":200},"classes":[]}],"jetpack_sharing_enabled":true,"jetpack_likes_enabled":true,"_links":{"self":[{"href":"http:\/\/www.letourismeaparis.fr\/index.php\/wp-json\/wp\/v2\/posts\/18223","targetHints":{"allow":["GET"]}}],"collection":[{"href":"http:\/\/www.letourismeaparis.fr\/index.php\/wp-json\/wp\/v2\/posts"}],"about":[{"href":"http:\/\/www.letourismeaparis.fr\/index.php\/wp-json\/wp\/v2\/types\/post"}],"author":[{"embeddable":true,"href":"http:\/\/www.letourismeaparis.fr\/index.php\/wp-json\/wp\/v2\/users\/2"}],"replies":[{"embeddable":true,"href":"http:\/\/www.letourismeaparis.fr\/index.php\/wp-json\/wp\/v2\/comments?post=18223"}],"version-history":[{"count":0,"href":"http:\/\/www.letourismeaparis.fr\/index.php\/wp-json\/wp\/v2\/posts\/18223\/revisions"}],"wp:attachment":[{"href":"http:\/\/www.letourismeaparis.fr\/index.php\/wp-json\/wp\/v2\/media?parent=18223"}],"wp:term":[{"taxonomy":"category","embeddable":true,"href":"http:\/\/www.letourismeaparis.fr\/index.php\/wp-json\/wp\/v2\/categories?post=18223"},{"taxonomy":"post_tag","embeddable":true,"href":"http:\/\/www.letourismeaparis.fr\/index.php\/wp-json\/wp\/v2\/tags?post=18223"}],"curies":[{"name":"wp","href":"https:\/\/api.w.org\/{rel}","templated":true}]}}