{"id":18231,"date":"2016-05-14T15:19:04","date_gmt":"2016-05-14T14:19:04","guid":{"rendered":"http:\/\/www.letourismeaparis.fr\/?p=18231"},"modified":"2016-05-14T15:19:04","modified_gmt":"2016-05-14T14:19:04","slug":"fete-de-la-nature-a-paris-du-18-au-22-mai","status":"publish","type":"post","link":"http:\/\/www.letourismeaparis.fr\/index.php\/2016\/05\/14\/fete-de-la-nature-a-paris-du-18-au-22-mai\/","title":{"rendered":"F\u00eate de la nature \u00e0 Paris du 18 au 22 mai"},"content":{"rendered":"<p>M 18 MAI\/22Mai<br \/>\nPORTES OUVERTES DU JARDIN PARTAG\u00c9 SAINT BLAISE, 59, rue saint Blaise 14\/19 h<br \/>\nLorsque nous avons investi le jardin en 2012, poussait entre trois immeubles, une v\u00e9g\u00e9tation spontan\u00e9e. Elle cohabite aujourd&rsquo;hui avec les plantes aromatiques, potag\u00e8res et ornementales que nous avons introduites. <a href=\"http:\/\/www.letourismeaparis.fr\/wp-content\/uploads\/2016\/05\/fete-de-lanature.jpg\"><img loading=\"lazy\" decoding=\"async\" class=\"aligncenter size-medium wp-image-18235\" src=\"http:\/\/www.letourismeaparis.fr\/wp-content\/uploads\/2016\/05\/fete-de-lanature-213x300.jpg\" alt=\"fete de lanature\" width=\"213\" height=\"300\" \/><\/a><!--more-->Nous souhaitons favoriser la biodiversit\u00e9 dans notre jardin, m\u00ealons le spontan\u00e9 et le cultiv\u00e9. Nous menons aussi des actions pour accueillir la vie animale. Nous vous invitons \u00e0 d\u00e9couvrir notre jardin en visite libre ou accompagn\u00e9, des activit\u00e9s sont aussi propos\u00e9es.<br \/>\nPARIS 75<br \/>\nhoraires et adresses sur :<br \/>\n<a href=\"http:\/\/www.fetedelanature.com\">http:\/\/www.fetedelanature.com<\/a><!--more--><br \/>\nVENEZ JOUER AVEC NOS PASSIONN\u00c9S<br \/>\nVenez rencontrer nos passionn\u00e9s, tous b\u00e9n\u00e9voles, qui s&rsquo;occupent du jardin partag\u00e9. Plusieurs jeux gratuits seront propos\u00e9s : jeu de reconnaissance : pouvez-vous relier des personnages c\u00e9l\u00e8bres avec leurs actions pour les jardins ou la nature ? Jeu du compostage : quelle \u00e9quipe sera la plus rapide pour trouver parmi une liste de d\u00e9chets, ceux autoris\u00e9s dans notre composteur ? Vous pourrez \u00e9galement participer aux plantations.<br \/>\nPARIS 75<br \/>\nTOC TOC TOC ! ON FRAPPE \u00c0 MA FEUILLE ?<br \/>\nAtelier pour tous destin\u00e9 \u00e0 vous faire d\u00e9couvrir les colorants issus des jeunes feuilles du printemps. Ch\u00e2taignier, ronce, fraisier&#8230; Toutes les feuilles passeront sous votre maillet ! Empreintes de feuilles sur tissus.<br \/>\n&nbsp;<br \/>\nPARIS 75<br \/>\n&nbsp;<br \/>\n&nbsp;<br \/>\n&nbsp;<br \/>\nVISITE D&rsquo;UN JARDIN DE C\u00c9R\u00c9ALES DANS LE 14E<br \/>\nVisite du jardin et des semis (vari\u00e9t\u00e9s anciennes de c\u00e9r\u00e9ales) de Florimont suivie par une balade des jardins\/espaces alentour ayant particip\u00e9 au projet Graine de quatorze. Remise d\u2019un plan avec les 32 lieux participant au projet pour une balade libre dans le 14e<br \/>\nPARIS 75<br \/>\n&nbsp;<br \/>\n&nbsp;<br \/>\n&nbsp;<br \/>\nDES RACINES \u00c0 LA CIME<br \/>\nPartez \u00e0 la rencontre des grands ch\u00eanes du bois de Vincennes. Prenez de la hauteur en apprenant \u00e0 manier les techniques de cordes qui vous permettront de gagner la cime et d&rsquo;y admirer la vue depuis un hamac perch\u00e9&#8230;<br \/>\n&nbsp;<br \/>\nPARIS 75<br \/>\n&nbsp;<br \/>\n&nbsp;<br \/>\n&nbsp;<br \/>\nF\u00caTE DE LA NATURE AUX JARDINS DU B\u00c9TON !<br \/>\nRepas partag\u00e9, expos, musique&#8230; au Jardin sur le Toit et au Jardin du 12<br \/>\n&nbsp;<br \/>\n&nbsp;<br \/>\nM 18 MAI\/22 mai<br \/>\n&nbsp;<br \/>\nUNE PHOTO POUR LA BIODIVERSIT\u00c9<br \/>\nAmoureux de la nature, \u00e0 vos appareils photos ! Pour participer \u00e0 notre concours photo et gagner un weekend nature, rien de plus simple ! Il vous suffit de prendre une photo en ext\u00e9rieur, au contact direct avec la Nature. La photo doit soit illustrer une action r\u00e9alis\u00e9e par l&rsquo;Homme en faveur de la biodiversit\u00e9, soit mettre en valeur la biodiversit\u00e9 (photos d\u2019insectes, d\u2019oiseaux, de poissons, etc.)<br \/>\nPARIS 75<br \/>\n&nbsp;<br \/>\n&nbsp;<br \/>\n&nbsp;<br \/>\nLA BIODIVERSIT\u00c9 FAIT CE QUI LUI PLA\u00ceT<br \/>\nY a plus de saison ma bonne dame&#8230; La faune et la flore d\u00e9jouent parfois nos pr\u00e9visions en adaptant leur cycle de vie aux caprices de la m\u00e9t\u00e9o. Au cours d\u2019une promenade dans le Parc Floral, laissons-nous surprendre par les spectacles que la biodiversit\u00e9 du moment consent \u00e0 nous offrir.<br \/>\nPARIS 75<br \/>\n&nbsp;<br \/>\n&nbsp;<br \/>\nA LA D\u00c9COUVERTE DE L&rsquo;AUTRE&#8230;<br \/>\nAu jardin l\u2019Univert, notre richesse, c\u2019est \u00ab l\u2019autre \u00bb et ce qu\u2019il peut apporter. Nous accueillons sans distinction, toutes les plantes et toutes les personnes qui souhaitent partager des moments de convivialit\u00e9 et de solidarit\u00e9. Venez nous visiter ! Vous pourrez ainsi d\u00e9couvrir les esp\u00e8ces du jardin et ses participants. Si vous le souhaitez, apportez un pique-nique pour le repas partag\u00e9 !<br \/>\nPARIS 75<br \/>\n&nbsp;<br \/>\n&nbsp;<br \/>\nLES PETITES BETES DE MON JARDIN<br \/>\nPartons \u00e0 la recherche des petites b\u00eates du jardin h\u00e9rold. Muni d&rsquo;une loupe et d&rsquo;un peu de patience, sauriez vous reconnaitre les insectes et autres b\u00eates qui nous entourent ?<br \/>\n&nbsp;<br \/>\n&nbsp;<br \/>\n&nbsp;<br \/>\nLA PASSION DES COULEURS NATURELLES<br \/>\nIl a fallu des gens passionn\u00e9s et d\u00e9termin\u00e9s pour comprendre comment teindre avec ce qui nous entoure et transmettre ces savoirs. Pour f\u00eater la nature, vous avez l\u2019occasion de jouer les apprentis teinturiers dans un jardin du 14e. Vous allez pouvoir tester joyeusement plein de belles couleurs naturelles. Au fil de vos essais de teintures, je vous raconterai des histoires de teinturiers, d\u2019ici et d\u2019ailleurs, de maintenant et d\u2019avant.<br \/>\nPARIS 75<br \/>\n&nbsp;<br \/>\n&nbsp;<br \/>\nFETE DE LA NATURE A BERCY VILLAGE<br \/>\nDes vignes, un potager, un verger, une roseraie, mais aussi des platanes et marronniers centenaires et des arbres plus rares comme le pin de Corse, les gingkos, les bouleaux, \u2026 Le parc de Bercy est un \u00e9tonnant parc urbain surplombant la Seine et \u00e0 proximit\u00e9 du quartier de Bercy Village. Nous vous proposons de partir \u00e0 la d\u00e9couverte de ce parc et de la vari\u00e9t\u00e9 de sa v\u00e9g\u00e9tation.<br \/>\n&nbsp;<br \/>\nFETE DE LA NATURE A BERCY VILLAGE labelisee<br \/>\n&nbsp;<br \/>\nPARIS 75<br \/>\n&nbsp;<br \/>\n&nbsp;<br \/>\n&nbsp;<br \/>\nLES SEMENCES: UN PR\u00c9CIEUX PATRIMOINE<br \/>\nJourn\u00e9e botanique au Mus\u00e9um National d&rsquo;Histoire Naturelle. Balade et pique-nique au jardin des plantes suivi d&rsquo; une visite de la graineterie et d&rsquo;une conf\u00e9rence propos\u00e9e par un intervenant du Mus\u00e9um National d&rsquo;Histoire Naturelle.<br \/>\nPARIS 75<br \/>\n&nbsp;<br \/>\n&nbsp;<br \/>\nVISITE LIBRE DU JARDIN ALPIN<br \/>\nLe jardin alpin tel que nous le connaissons aujourd&rsquo;hui est n\u00e9 dans les ann\u00e9es 1930. Sa forme particuli\u00e8re en cuvette et sa situation abrit\u00e9e ont permis de reproduire des conditions favorables pour l&rsquo;acclimatation des plantes provenant de diff\u00e9rentes altitudes. Visite libre en pr\u00e9sence des jardiniers<br \/>\n&nbsp;<br \/>\n&nbsp;<br \/>\nPARIS 75<br \/>\n&nbsp;<br \/>\n&nbsp;<br \/>\n&nbsp;<br \/>\nCAFOTROP<br \/>\nD\u00e9couverte des techniques et des pi\u00e8ges qui permettent de r\u00e9colter la faune et la flore de la canop\u00e9e.<br \/>\n&nbsp;<br \/>\n&nbsp;<br \/>\nPARIS 75<br \/>\n&nbsp;<br \/>\n&nbsp;<br \/>\n&nbsp;<br \/>\nFAUNE ET FLORE SAUVAGE DU CIMETI\u00c8RE DU P\u00c8RE LACHAISE<br \/>\nLe cimeti\u00e8re du P\u00e8re-Lachaise est le plus grand espace vert de la capitale avec ses 44 hectares. d\u00e9couverte de son patrimoine naturel est tr\u00e8s riche avec une faune et une flore multiples.<br \/>\n&nbsp;<br \/>\n&nbsp;<br \/>\nPARIS 75<br \/>\n&nbsp;<br \/>\n&nbsp;<br \/>\nPIQUE-NIQUE CHAMPETRE<br \/>\nVenez visiter le jardin \u00e0 la d\u00e9couverte de sa flore et de sa faune. Tout le week-end, venez pique-niquer au milieu de la plus grande prairie de Paris !<br \/>\n&nbsp;<br \/>\nPIQUE-NIQUE CHAMPETRElabelisee<br \/>\nOrganis\u00e9 par<br \/>\nLe Jardin des Jeunes Pouces Le Jardin des Jeunes Pouces<br \/>\nVoir la fiche d\u00e9taill\u00e9e<br \/>\nPARIS 75<br \/>\n&nbsp;<br \/>\nM 18 MAI<br \/>\nJ 19 MAI<br \/>\nV 20 MAI<br \/>\nS 21 MAI<br \/>\nD 22 MAI<br \/>\n&nbsp;<br \/>\nLA NATURE, C&rsquo;EST LA VIE&#8230;<br \/>\nNous proposons un atelier plantation \u00ab\u00a0tous ensemble\u00a0\u00bb s&rsquo;adressant aux enfants et adultes \u00e0 mobilit\u00e9 r\u00e9duite et \u00e0 tous les passionn\u00e9s de jardinage. Organisation d&rsquo;une chasse aux d\u00e9chets et un tri s\u00e9lectif afin de sensibiliser au respect de la nature et un quiz sur le fonctionnement de \u00ab\u00a0Dame Nature\u00a0\u00bb.<br \/>\n&nbsp;<br \/>\nPARIS 75<br \/>\n&nbsp;<br \/>\n&nbsp;<br \/>\n&nbsp;<br \/>\nVILLAGE DE LA NATURE<br \/>\nAu sein du Jardin des Plantes, le Village de la nature accueille des associations et des organismes publics qui agissent chaque jour en faveur de la nature. Autour d&rsquo;activit\u00e9s ludiques accessibles aux plus petits comme aux plus grands, ces acteurs de la nature, pr\u00e9sentent leurs m\u00e9tiers et les actions que chacun peut mettre en \u0153uvre dans son quotidien pour prot\u00e9ger l&rsquo;environnement. De nombreuses visites sont organis\u00e9es par ailleurs dans le Jardin des plantes.<br \/>\nPARIS 75<br \/>\n&nbsp;<br \/>\n&nbsp;<br \/>\n&nbsp;<br \/>\n&nbsp;<br \/>\nVISITES GUID\u00c9ES DU JARDIN DES PLANTES<br \/>\nNos jardiniers proposent des visites guid\u00e9es des diff\u00e9rents jardins du Jardin des Plantes: jardin des plantes utiles, jardin alpin, jardin \u00e9cologique, carr\u00e9 Lamarck, jardin des iris et des plantes vivaces ainsi que des visites de la graineterie. De quoi ravir les passionn\u00e9s de botanique comme les n\u00e9ophytes<\/p>\n","protected":false},"excerpt":{"rendered":"<p>M 18 MAI\/22Mai PORTES OUVERTES DU JARDIN PARTAG\u00c9 SAINT BLAISE, 59, rue saint Blaise 14\/19 h Lorsque nous avons investi le jardin en 2012, poussait entre trois immeubles, une v\u00e9g\u00e9tation spontan\u00e9e. Elle cohabite aujourd&rsquo;hui avec les plantes aromatiques, potag\u00e8res et&#8230;<\/p>\n","protected":false},"author":2,"featured_media":0,"comment_status":"open","ping_status":"open","sticky":false,"template":"","format":"standard","meta":{"ngg_post_thumbnail":0,"jetpack_post_was_ever_published":false,"_jetpack_newsletter_access":"","footnotes":""},"categories":[1],"tags":[],"class_list":["post-18231","post","type-post","status-publish","format-standard","hentry","category-non-classe"],"jetpack_featured_media_url":"","jetpack-related-posts":[{"id":17850,"url":"http:\/\/www.letourismeaparis.fr\/index.php\/2016\/02\/18\/les-jardins-dorient-bientot-a-lima\/","url_meta":{"origin":18231,"position":0},"title":"Les jardins d\u2019Orient   bient\u00f4t \u00e0 l&#039;IMA","author":"Fabienne TM","date":"18 f\u00e9vrier 2016","format":false,"excerpt":"Saviez-vous que la tulipe, bien avant de devenir un embl\u00e8me des Pays-Bas, \u00e9tait celui des sultans ottomans ? Que le parc public est une innovation r\u00e9cente en Orient ? Et qu\u2019il est aujourd\u2019hui \u00e0 la pointe des projets de d\u00e9veloppement durable de m\u00e9galopoles du monde arabe ? Saviez-vous que dans\u2026","rel":"","context":"Dans &quot;Jardins \/ Plein air&quot;","block_context":{"text":"Jardins \/ Plein air","link":"http:\/\/www.letourismeaparis.fr\/index.php\/category\/jardins\/"},"img":{"alt_text":"","src":"","width":0,"height":0},"classes":[]},{"id":13801,"url":"http:\/\/www.letourismeaparis.fr\/index.php\/2013\/08\/26\/les-estivales-musicales-reviennent-dans-le-11-eme\/","url_meta":{"origin":18231,"position":1},"title":"Les Estivales Musicales reviennent  dans le 11 \u00e8me!","author":"Fabienne TM","date":"26 ao\u00fbt 2013","format":false,"excerpt":"Les Estivales Musicales reviennent ! Cette ann\u00e9e encore, les Estivales Musicales reviennent prolonger l\u2019\u00e9t\u00e9 dans le 11e avec une programmation \u00e9clectique. Du 27 ao\u00fbt au 1er septembre, venez appr\u00e9cier des concerts en plein air, du rock au jazz en passant par la vari\u00e9t\u00e9 et l\u2019\u00e9lectro. Mardi 27 Ao\u00fbt 2013 Paris\u2026","rel":"","context":"Dans &quot;Bons Plans&quot;","block_context":{"text":"Bons Plans","link":"http:\/\/www.letourismeaparis.fr\/index.php\/category\/bon-plan\/"},"img":{"alt_text":"","src":"","width":0,"height":0},"classes":[]},{"id":2896,"url":"http:\/\/www.letourismeaparis.fr\/index.php\/2009\/05\/16\/la-fete-de-la-nature-balades-et-concerts-dans-les-jardins-de-paris-les-16-et-17-mai\/","url_meta":{"origin":18231,"position":2},"title":"La f\u00eate de la nature :balades et concerts dans les jardins de Paris les 16 et 17 mai","author":"Fabienne TM","date":"16 mai 2009","format":false,"excerpt":"Samedi 16 mai \u00e0 14h30 Le jardin sauvage Saint-Vincent Rest\u00e9 en friche de nombreuses ann\u00e9es, ce jardin de la Butte Montmartre abrite une flore originale qui s\u2019y est spontan\u00e9ment d\u00e9velopp\u00e9e. Rendez-vous \u00e0 14h30 au jardin Saint-Vincent, Paris 18e.http:\/\/ www.natureetdecouvertes.com Dimanche 17 mai \u00e0 9 h Esp\u00e8ces et chants d\u2019oiseaux du\u2026","rel":"","context":"Dans &quot;Non class\u00e9&quot;","block_context":{"text":"Non class\u00e9","link":"http:\/\/www.letourismeaparis.fr\/index.php\/category\/non-classe\/"},"img":{"alt_text":"","src":"","width":0,"height":0},"classes":[]},{"id":8379,"url":"http:\/\/www.letourismeaparis.fr\/index.php\/2010\/08\/30\/estivales-musicales-du-11e-du-30-aout-au-4-septembre\/","url_meta":{"origin":18231,"position":3},"title":"Estivales musicales du 11e du 30 ao\u00fbt au 4 septembre,","author":"Fabienne TM","date":"30 ao\u00fbt 2010","format":false,"excerpt":"la Mairie du 11e vous propose une semaine de concerts en plein air. Lundi 30 ao\u00fbt \u2013 Concert de musique classique \u00ab Le violoncelle dans tous ses \u00e9tats \u00bb Entr\u00e9e libre \u00e0 19h - Cour de la mairie du 11e\u00a0\u00a0 12, place L\u00e9on Blum - 75011 Paris Mardi 31 ao\u00fbt\u2026","rel":"","context":"Dans &quot;Non class\u00e9&quot;","block_context":{"text":"Non class\u00e9","link":"http:\/\/www.letourismeaparis.fr\/index.php\/category\/non-classe\/"},"img":{"alt_text":"","src":"","width":0,"height":0},"classes":[]},{"id":16585,"url":"http:\/\/www.letourismeaparis.fr\/index.php\/2015\/04\/28\/la-tropezienne-du-trocadero-tous-les-jeudis-soirs\/","url_meta":{"origin":18231,"position":4},"title":"LA TROPEZIENNE DU TROCADERO , tous les jeudis soirs","author":"Fabienne TM","date":"28 avril 2015","format":false,"excerpt":"LA TROPEZIENNE DU TROCADERO \u25ba INAUGURATION de la saison 2015, Jeudi 7 mai, d\u00e8s 18h00. Puis tous les jeudis, de 18h00 \u00e0 1h00. Cet \u00e9t\u00e9 les jeudis soirs parisiens vont \u00eatre berc\u00e9s par le chant des cigales\u2026 La place des Lices de Saint-Tropez en face de la Tour Eiffel, vous\u2026","rel":"","context":"Dans &quot;Non class\u00e9&quot;","block_context":{"text":"Non class\u00e9","link":"http:\/\/www.letourismeaparis.fr\/index.php\/category\/non-classe\/"},"img":{"alt_text":"","src":"","width":0,"height":0},"classes":[]},{"id":16729,"url":"http:\/\/www.letourismeaparis.fr\/index.php\/2015\/05\/23\/ce-week-end-fete-de-la-nature-au-jardin-des-plantes-23-et-24-mai-2015\/","url_meta":{"origin":18231,"position":5},"title":"Ce week-end, F\u00eate de la Nature au Jardin des Plantes   23 et 24 mai 2015","author":"Fabienne TM","date":"23 mai 2015","format":false,"excerpt":"\u00a0 Cette ann\u00e9e, autour de la th\u00e9matique nationale \u00ab\u00a0Au bord de l\u2019eau\u00a0\u00bb, la nature est \u00e0 nouveau mise \u00e0 l\u2019honneur au Jardin des Plantes. Tout au long du week-end, de nombreuses animations et visites gratuites sont pr\u00e9sent\u00e9es pour f\u00eater la nature en plein c\u0153ur de Paris\u00a0! Exceptionnellement pour cette 9\u00e8me\u00a0\u00e9dition,\u2026","rel":"","context":"Dans &quot;Non class\u00e9&quot;","block_context":{"text":"Non class\u00e9","link":"http:\/\/www.letourismeaparis.fr\/index.php\/category\/non-classe\/"},"img":{"alt_text":"","src":"https:\/\/i0.wp.com\/www.letourismeaparis.fr\/wp-content\/uploads\/2015\/05\/Aper%C3%83%C2%A7u-Document-215x300.jpeg?resize=350%2C200","width":350,"height":200},"classes":[]}],"jetpack_sharing_enabled":true,"jetpack_likes_enabled":true,"_links":{"self":[{"href":"http:\/\/www.letourismeaparis.fr\/index.php\/wp-json\/wp\/v2\/posts\/18231","targetHints":{"allow":["GET"]}}],"collection":[{"href":"http:\/\/www.letourismeaparis.fr\/index.php\/wp-json\/wp\/v2\/posts"}],"about":[{"href":"http:\/\/www.letourismeaparis.fr\/index.php\/wp-json\/wp\/v2\/types\/post"}],"author":[{"embeddable":true,"href":"http:\/\/www.letourismeaparis.fr\/index.php\/wp-json\/wp\/v2\/users\/2"}],"replies":[{"embeddable":true,"href":"http:\/\/www.letourismeaparis.fr\/index.php\/wp-json\/wp\/v2\/comments?post=18231"}],"version-history":[{"count":0,"href":"http:\/\/www.letourismeaparis.fr\/index.php\/wp-json\/wp\/v2\/posts\/18231\/revisions"}],"wp:attachment":[{"href":"http:\/\/www.letourismeaparis.fr\/index.php\/wp-json\/wp\/v2\/media?parent=18231"}],"wp:term":[{"taxonomy":"category","embeddable":true,"href":"http:\/\/www.letourismeaparis.fr\/index.php\/wp-json\/wp\/v2\/categories?post=18231"},{"taxonomy":"post_tag","embeddable":true,"href":"http:\/\/www.letourismeaparis.fr\/index.php\/wp-json\/wp\/v2\/tags?post=18231"}],"curies":[{"name":"wp","href":"https:\/\/api.w.org\/{rel}","templated":true}]}}