{"id":18243,"date":"2016-05-18T11:59:13","date_gmt":"2016-05-18T10:59:13","guid":{"rendered":"http:\/\/www.letourismeaparis.fr\/?p=18243"},"modified":"2016-05-18T11:59:13","modified_gmt":"2016-05-18T10:59:13","slug":"vertigo-course-verticalerevient-a-la-tour-first-a-la-defense-le-20-mai-prochain","status":"publish","type":"post","link":"http:\/\/www.letourismeaparis.fr\/index.php\/2016\/05\/18\/vertigo-course-verticalerevient-a-la-tour-first-a-la-defense-le-20-mai-prochain\/","title":{"rendered":"VERTIGO , course verticale,revient \u00e0 la Tour First \u00e0 la D\u00e9fense  le 20 mai prochain."},"content":{"rendered":"<p>VERTIGO revient \u00e0 la Tour First \u00e0 la D\u00e9fense pour la 4e ann\u00e9e de suite !<br \/>\nle 20 mai prochain.<br \/>\nLe principe de cette course est de monter les 48 \u00e9tages et les 954 marches de la plus haute tour de France en courant, que ce soit seul, en \u00e9quipe de deux ou de quatre.<br \/>\nAvec comme objectif de collecter des fonds pour l\u2019association PL4Y International, organisatrice de la course.<br \/>\na \u00e9t\u00e9 imagin\u00e9e afin de collecter des fonds pour l\u2019ONG PL4Y International et ses programmes d\u2019\u00e9ducation par le sport. Plus de 1500 coureurs sont attendus<br \/>\nQUAND ? O\u00da ? Le vendredi 20 mai 2016, \u00e0 la Tour First, \u00e9tape reine des courses l\u2019\u00e9v\u00e8nement est accessible \u00e0 tous. haut niveau Aux c\u00f4t\u00e9s du grand public, la course attend \u00e0 nouveau de grands noms puisque les 10 meilleurs grimpeurs, membres du circuit international des courses verticales (Vertical World Circuit)<br \/>\n&nbsp;<br \/>\nDES ANIMATIONS FESTIVES AUTOUR DE LA COURSE<br \/>\n<a href=\"http:\/\/www.course-vertigo.org\">http:\/\/www.course-vertigo.org<\/a><\/p>\n","protected":false},"excerpt":{"rendered":"<p>VERTIGO revient \u00e0 la Tour First \u00e0 la D\u00e9fense pour la 4e ann\u00e9e de suite ! le 20 mai prochain. Le principe de cette course est de monter les 48 \u00e9tages et les 954 marches de la plus haute tour&#8230;<\/p>\n","protected":false},"author":2,"featured_media":0,"comment_status":"open","ping_status":"open","sticky":false,"template":"","format":"standard","meta":{"ngg_post_thumbnail":0,"jetpack_post_was_ever_published":false,"_jetpack_newsletter_access":"","footnotes":""},"categories":[1],"tags":[],"class_list":["post-18243","post","type-post","status-publish","format-standard","hentry","category-non-classe"],"jetpack_featured_media_url":"","jetpack-related-posts":[{"id":20935,"url":"http:\/\/www.letourismeaparis.fr\/index.php\/2018\/04\/27\/vertigo-revient-la-tour-first-de-la-defense-le-24-mai\/","url_meta":{"origin":18243,"position":0},"title":"Vertigo revient \u00e0 la Tour First de la D\u00e9fense le 24 mai","author":"Fabienne TM","date":"27 avril 2018","format":false,"excerpt":"AFFRONTEZ LES 48 \u00c9TAGES DU PLUS HAUT BUILDING FRAN\u00c7AIS !\u00a0 Tour First La d\u00e9fense 6\u00e8me \u00e9dition de l\u2019aventure Vertigo. L\u2019\u00e9v\u00e9nement renverse les sens et d\u00e9place l\u2019attraction en proposant des courses\u2026 verticales ! Le principe de cette course ? Monter les 48 \u00e9tages et les 954 marches de la plus haute\u2026","rel":"","context":"Dans &quot;Oeuvres-Caritatives&quot;","block_context":{"text":"Oeuvres-Caritatives","link":"http:\/\/www.letourismeaparis.fr\/index.php\/category\/bonnes-oeuvres\/"},"img":{"alt_text":"","src":"","width":0,"height":0},"classes":[]},{"id":20971,"url":"http:\/\/www.letourismeaparis.fr\/index.php\/2018\/05\/10\/vertigo-revient-la-tour-first-de-la-defense-pour-la-6eme-annee-consecutive\/","url_meta":{"origin":18243,"position":1},"title":"Vertigo revient \u00e0 la Tour First de la D\u00e9fense pour la 6\u00e8me ann\u00e9e cons\u00e9cutive","author":"Fabienne TM","date":"10 mai 2018","format":false,"excerpt":"Le jeudi 24 mai 2018, \u00e0 la tour Premier, au c\u0153ur de la D\u00e9fense, embarquez pour la 6e \u00e9dition de l'aventure Vertigo. L'\u00e9v\u00e9nement renverse les sens et d\u00e9place l'attraction en proposant des courses ... verticales! \u00a0 Le principe de cette course? Monter les 48 \u00e9tages et les 954 marches de\u2026","rel":"","context":"Dans &quot;Non class\u00e9&quot;","block_context":{"text":"Non class\u00e9","link":"http:\/\/www.letourismeaparis.fr\/index.php\/category\/non-classe\/"},"img":{"alt_text":"","src":"","width":0,"height":0},"classes":[]},{"id":17083,"url":"http:\/\/www.letourismeaparis.fr\/index.php\/2015\/09\/10\/radio-france-fete-le-sport-dimanche-13-septembre-2015-de-10h-a-18h\/","url_meta":{"origin":18243,"position":2},"title":"Radio France f\u00eate le  sport dimanche 13 septembre 2015 de 10h \u00e0 18h","author":"Fabienne TM","date":"10 septembre 2015","format":false,"excerpt":"Radio France f\u00eate le sport Participez \u00e0 la course verticale Vertigo et rendez-vous au village sportif Maison de la radio dimanche 13 septembre 2015 de 10h \u00e0 18h Venez vivre une exp\u00e9rience verticale en entrant au c\u0153ur d'un lieu in\u00e9dit et transpirez pour une cause solidaire ! Coureurs d\u00e9butants ou\u2026","rel":"","context":"Dans &quot;Non class\u00e9&quot;","block_context":{"text":"Non class\u00e9","link":"http:\/\/www.letourismeaparis.fr\/index.php\/category\/non-classe\/"},"img":{"alt_text":"","src":"","width":0,"height":0},"classes":[]},{"id":18696,"url":"http:\/\/www.letourismeaparis.fr\/index.php\/2016\/09\/23\/radio-france-fete-le-sport-2016-dimanche-25-septembre\/","url_meta":{"origin":18243,"position":3},"title":"Radio France f\u00eate le sport 2016 dimanche 25 septembre.","author":"Fabienne TM","date":"23 septembre 2016","format":false,"excerpt":"Il y aura des d\u00e9monstrations en lien avec les f\u00e9d\u00e9rations sportives : badminton, escrime, boxe, mur d'escalade\u2026 Radio France f\u00eate tous les sports ! avec des dizaines d\u2019animations. Un \u00e9v\u00e9nement de running ascensionnel avec la course Vertigo dans la Tour centrale de Radio France. Le principe : gravir 365 marches,\u2026","rel":"","context":"Dans &quot;Non class\u00e9&quot;","block_context":{"text":"Non class\u00e9","link":"http:\/\/www.letourismeaparis.fr\/index.php\/category\/non-classe\/"},"img":{"alt_text":"","src":"","width":0,"height":0},"classes":[]},{"id":5285,"url":"http:\/\/www.letourismeaparis.fr\/index.php\/2009\/11\/21\/courir-pour-la-liberte-aux-buttes-chaumont-le-22-novembre\/","url_meta":{"origin":18243,"position":4},"title":"Courir pour la libert\u00e9 aux Buttes-Chaumont le 22 novembre","author":"Fabienne TM","date":"21 novembre 2009","format":false,"excerpt":"Le 22 novembre, vous pouvez courir pour la d\u00e9fense des libert\u00e9s dans le parc des Buttes-Chaumont (19e). La course de 4 ou 8 km est organis\u00e9e par Amnesty International. Dimanche 22 novembre au Parc des Buttes Chaumont (19e) D\u00e9part : 10h00. Inscriptions sur place d\u00e8s 09h00. Entr\u00e9e rue Manin c\u00f4t\u00e9\u2026","rel":"","context":"Dans &quot;Non class\u00e9&quot;","block_context":{"text":"Non class\u00e9","link":"http:\/\/www.letourismeaparis.fr\/index.php\/category\/non-classe\/"},"img":{"alt_text":"","src":"","width":0,"height":0},"classes":[]},{"id":16432,"url":"http:\/\/www.letourismeaparis.fr\/index.php\/2015\/03\/15\/pourquoi-la-verticale-de-la-tour-eiffel-une-course-ascensionnelle-vendredi-20-mars\/","url_meta":{"origin":18243,"position":5},"title":"&quot;Pourquoi la Verticale de la Tour Eiffel ?&quot; une course ascensionnelle &#8230;. vendredi 20 mars","author":"Fabienne TM","date":"15 mars 2015","format":false,"excerpt":"\u00a0C\u2019est un format de course ultra rapide, chronom\u00e9tr\u00e9,\u00a0sur le mod\u00e8le d\u2019un contre-la-montre (course de ski par exemple) L'escalier de la Tour Eiffel est totalement ouvert sur l\u2019ext\u00e9rieur. De plus, l\u2019acc\u00e8s du 2e\u00a0au 3e, ferm\u00e9 d'ordinaire au public, donnera l\u2019impression \u00e0 ceux qui participeront de litt\u00e9ralement voler\u2026 Aucune course de ce\u2026","rel":"","context":"Dans &quot;Non class\u00e9&quot;","block_context":{"text":"Non class\u00e9","link":"http:\/\/www.letourismeaparis.fr\/index.php\/category\/non-classe\/"},"img":{"alt_text":"","src":"","width":0,"height":0},"classes":[]}],"jetpack_sharing_enabled":true,"jetpack_likes_enabled":true,"_links":{"self":[{"href":"http:\/\/www.letourismeaparis.fr\/index.php\/wp-json\/wp\/v2\/posts\/18243","targetHints":{"allow":["GET"]}}],"collection":[{"href":"http:\/\/www.letourismeaparis.fr\/index.php\/wp-json\/wp\/v2\/posts"}],"about":[{"href":"http:\/\/www.letourismeaparis.fr\/index.php\/wp-json\/wp\/v2\/types\/post"}],"author":[{"embeddable":true,"href":"http:\/\/www.letourismeaparis.fr\/index.php\/wp-json\/wp\/v2\/users\/2"}],"replies":[{"embeddable":true,"href":"http:\/\/www.letourismeaparis.fr\/index.php\/wp-json\/wp\/v2\/comments?post=18243"}],"version-history":[{"count":0,"href":"http:\/\/www.letourismeaparis.fr\/index.php\/wp-json\/wp\/v2\/posts\/18243\/revisions"}],"wp:attachment":[{"href":"http:\/\/www.letourismeaparis.fr\/index.php\/wp-json\/wp\/v2\/media?parent=18243"}],"wp:term":[{"taxonomy":"category","embeddable":true,"href":"http:\/\/www.letourismeaparis.fr\/index.php\/wp-json\/wp\/v2\/categories?post=18243"},{"taxonomy":"post_tag","embeddable":true,"href":"http:\/\/www.letourismeaparis.fr\/index.php\/wp-json\/wp\/v2\/tags?post=18243"}],"curies":[{"name":"wp","href":"https:\/\/api.w.org\/{rel}","templated":true}]}}