{"id":18248,"date":"2016-05-19T16:15:03","date_gmt":"2016-05-19T15:15:03","guid":{"rendered":"http:\/\/www.letourismeaparis.fr\/?p=18248"},"modified":"2016-05-19T16:15:03","modified_gmt":"2016-05-19T15:15:03","slug":"fete-du-velo-les-4-et-5-juin","status":"publish","type":"post","link":"http:\/\/www.letourismeaparis.fr\/index.php\/2016\/05\/19\/fete-du-velo-les-4-et-5-juin\/","title":{"rendered":"F\u00eate du v\u00e9lo les 4 et 5 juin"},"content":{"rendered":"<p><strong><br \/>\n<\/strong><strong>La F\u00eate du V\u00e9lo c\u00e9l\u00e8bre ses 20 ans ! \u00c9v\u00e9nement attendu par plus de 500 000 amoureux de la petite reine, la F\u00eate du V\u00e9lo revient pour une 20e \u00e9dition exceptionnelle avec de nombreuses animations gratuites, familiales et festives organis\u00e9es partout en France. Depuis 1996, le premier week-end de juin est devenu le rendez-vous du v\u00e9lo.<a href=\"http:\/\/www.letourismeaparis.fr\/wp-content\/uploads\/2016\/05\/Affiche-Fe\u0302te-du-Ve\u0301lo-2016.jpg\"><img loading=\"lazy\" decoding=\"async\" class=\"aligncenter size-medium wp-image-18249\" src=\"http:\/\/www.letourismeaparis.fr\/wp-content\/uploads\/2016\/05\/Affiche-Fe\u0302te-du-Ve\u0301lo-2016-213x300.jpg\" alt=\"Affiche Fe\u0302te du Ve\u0301lo 2016\" width=\"213\" height=\"300\" \/><\/a><\/strong><br \/>\nLA PETITE COURSE<br \/>\nLa Petite Course organise le 1er week-end de juin un \u00e9v\u00e8nement 100% d\u00e9di\u00e9 au v\u00e9lo<!--more--> dans l\u2019enceinte de l\u2019ancien h\u00f4pital Saint-Vincent-de-Paul, chez Les Grands Voisins, avec au c\u0153ur de son programme une course de v\u00e9los \u00e0 pignon fixe. Ces v\u00e9los d\u00e9pourvus de freins demandent une plus grande anticipation au cycliste et un plus grand contr\u00f4le de sa vitesse. Le caract\u00e8re insolite du v\u00e9lo et les sensations qu\u2019il procure rendent ces courses assez spectaculaires. Elles sont ouvertes \u00e0 tous &#8211; professionnels et amateurs &#8211; et les spectateurs peuvent y assister librement et gratuitement. C\u2019est donc une nouvelle pratique du v\u00e9lo que la Petite Course a d\u00e9cid\u00e9 de faire d\u00e9couvrir<!--more--> au plus grand nombre, mais aussi tout l\u2019univers qui l\u2019entoure. Des stands et animations sont en effet pr\u00e9vus pour prolonger l\u2019exp\u00e9rience (r\u00e9paration de v\u00e9los, s\u00e9rigraphie sur textile, fabrication de v\u00e9los en bambous, d\u00e9m\u00e9nagements en v\u00e9los cargos \u2026), ainsi qu\u2019une partie de \u00ab Bike Polo \u00bb le dimanche et un concert live le samedi soir*. L\u2019aspect d\u00e9saffect\u00e9 de l\u2019h\u00f4pital, exclusivement r\u00e9serv\u00e9 au public (et aux cyclistes !), ainsi que l\u2019engagement \u00e9co-responsable des diff\u00e9rentes associations qui l\u2019occupent, proche de l\u2019esprit des \u00ab Crit \u00bb et des valeurs du v\u00e9lo plus g\u00e9n\u00e9ralement, en font l\u2019\u00e9crin id\u00e9al pour un tel \u00e9v\u00e9nement. Venez nombreux ! *Liste non exhaustive et work in progress.<!--more--><br \/>\n&nbsp;<br \/>\n<strong>Date :\u00a0<\/strong>Samedi et dimanche 4 ET 5 JUIN<strong>:\u00a0<\/strong><br \/>\n\u00cele-de-France<strong>:\u00a0<\/strong>Les Grands Voisins &#8211; ancien Hopital St Vincent de Paul &#8211; 82 Avenue Denfert Rochereau<br \/>\n75014 PARIS<br \/>\n<strong>\u00a0<\/strong>gratuit<br \/>\n(contact@lapetitecourse.com)<br \/>\n<strong>\u00a0<\/strong><a href=\"http:\/\/www.lapetitecourse.com\/fr\/\"><strong>http:\/\/www.lapetitecourse.com\/fr\/<\/strong><\/a><\/p>\n","protected":false},"excerpt":{"rendered":"<p>La F\u00eate du V\u00e9lo c\u00e9l\u00e8bre ses 20 ans ! \u00c9v\u00e9nement attendu par plus de 500 000 amoureux de la petite reine, la F\u00eate du V\u00e9lo revient pour une 20e \u00e9dition exceptionnelle avec de nombreuses animations gratuites, familiales et festives organis\u00e9es&#8230;<\/p>\n","protected":false},"author":2,"featured_media":0,"comment_status":"open","ping_status":"open","sticky":false,"template":"","format":"standard","meta":{"ngg_post_thumbnail":0,"jetpack_post_was_ever_published":false,"_jetpack_newsletter_access":"","footnotes":""},"categories":[28,48],"tags":[],"class_list":["post-18248","post","type-post","status-publish","format-standard","hentry","category-familles","category-sport"],"jetpack_featured_media_url":"","jetpack-related-posts":[{"id":16796,"url":"http:\/\/www.letourismeaparis.fr\/index.php\/2015\/06\/05\/fete-du-velo-les-6-et-7-juin-2015paris\/","url_meta":{"origin":18248,"position":0},"title":"F\u00eate du v\u00e9lo les 6 et 7 juin 2015PARIS","author":"Fabienne TM","date":"5 juin 2015","format":false,"excerpt":"F\u00eate du v\u00e9lo les 6 et 7 juin 2015PARIS -\u00a0Convergence Francilienne La Convergence Francilienne est une balade v\u00e9lo gratuite et familiale, au d\u00e9part de plus 150 villes franciliennes. Les cort\u00e8ges\u00a0 PARIS -\u00a0P\u00e9daler \u00e0 la su\u00e9doise L\u2019ambassade souhaite promouvoir l\u2019usage du v\u00e9lo et sensibiliser les enfants en milieu urbain \u00e0 la\u2026","rel":"","context":"Dans &quot;Sport&quot;","block_context":{"text":"Sport","link":"http:\/\/www.letourismeaparis.fr\/index.php\/category\/sport\/"},"img":{"alt_text":"","src":"https:\/\/i0.wp.com\/www.letourismeaparis.fr\/wp-content\/uploads\/2015\/06\/131844-la-fete-du-velo-2015-a-paris-2-211x300.jpg?resize=350%2C200","width":350,"height":200},"classes":[]},{"id":18338,"url":"http:\/\/www.letourismeaparis.fr\/index.php\/2016\/06\/03\/les-24-h-velib-aux-champs-elysees-dimanche-5-juin\/","url_meta":{"origin":18248,"position":1},"title":"Les 24 h  velib  aux Champs Elys\u00e9es dimanche 5 juin","author":"Fabienne TM","date":"3 juin 2016","format":false,"excerpt":"Un \u00e9v\u00e9nement alliant sport, f\u00eate, et bonnes actions revient dimanche pour\u00a0une nouvelle \u00e9dition encore plus exceptionnelle.\u00a0Les 24h V\u00e9lib\u2019\u00a0sont l\u2019occasion de p\u00e9daler et de r\u00e9colter des sous pour les associations partenaires mais aussi de passer un dimanche unique sur la plus belle avenue du monde enti\u00e8rement pi\u00e9tonnis\u00e9e.\u00a0 Rares sont les occasions\u2026","rel":"","context":"Dans &quot;Familles&quot;","block_context":{"text":"Familles","link":"http:\/\/www.letourismeaparis.fr\/index.php\/category\/familles\/"},"img":{"alt_text":"","src":"","width":0,"height":0},"classes":[]},{"id":13408,"url":"http:\/\/www.letourismeaparis.fr\/index.php\/2013\/05\/30\/randonnees-en-velo-beret-et-baguette-samedi-1er-et-dimanche-2-juin-bal-des-biclous-samedi-2-juin\/","url_meta":{"origin":18248,"position":2},"title":"Randonn\u00e9es en v\u00e9lo &quot; b\u00e9ret et baguette&quot; samedi 1er et dimanche 2 juin,&quot; bal des biclous&quot; samedi 2 juin","author":"Fabienne TM","date":"30 mai 2013","format":false,"excerpt":"Ssamedi 1er juin\u00a0 : La seconde \u00e9dition de \u00ab La caravane \u00bb sera mise en place sur la Place de la Sorbonne dans le 5\u00e8me \u00e0 Paris entre 14.00 et 19.00 et pr\u00e9sentera des animations pour promouvoir la culture r\u00e9tro et v\u00e9lo. Code vestimentaire La seule contrainte c\u2019est le dress\u2026","rel":"","context":"Dans &quot;Mus\u00e9es \/ Expositions&quot;","block_context":{"text":"Mus\u00e9es \/ Expositions","link":"http:\/\/www.letourismeaparis.fr\/index.php\/category\/culture\/musees-expositions\/"},"img":{"alt_text":"","src":"","width":0,"height":0},"classes":[]},{"id":7320,"url":"http:\/\/www.letourismeaparis.fr\/index.php\/2010\/04\/09\/bourse-aux-velos-samedi-10-avril\/","url_meta":{"origin":18248,"position":3},"title":"Bourse aux v\u00e9los, samedi 10 avril","author":"Fabienne TM","date":"9 avril 2010","format":false,"excerpt":"C\u2019est ce samedi, sur le parvis de la mairie du XIe, qu\u2019aura lieu la grande bourse aux v\u00e9los de printemps, organis\u00e9e par l\u2019association Mieux se d\u00e9placer \u00e0 bicyclette (MDB). si vous voulez vendre un v\u00e9lo, allez-y le matin \u00e0 partir de 10h. Et si vous souhaitez acheter un deux roues,\u2026","rel":"","context":"Dans &quot;Non class\u00e9&quot;","block_context":{"text":"Non class\u00e9","link":"http:\/\/www.letourismeaparis.fr\/index.php\/category\/non-classe\/"},"img":{"alt_text":"","src":"","width":0,"height":0},"classes":[]},{"id":25144,"url":"http:\/\/www.letourismeaparis.fr\/index.php\/2023\/05\/26\/velotour-de-paris-inscrivez-vous\/","url_meta":{"origin":18248,"position":4},"title":"Velotour de Paris : inscrivez-vous !","author":"Fabienne TM","date":"26 mai 2023","format":false,"excerpt":"28 MAI 2023 D\u00c9PART 8H30-12H Paris V\u00e9lotour accueillera cette ann\u00e9e 5 000 participants \u00e0 l\u2019occasion de cette joyeuse d\u00e9ambulation de cyclistes, qui traverseront des lieux habituellement ferm\u00e9s aux personnes \u00e0 v\u00e9lo ! Au programme : un parcours de 15 \u00e0 25 km dans le 12\u00e8 arrondissement et le Bois de\u2026","rel":"","context":"Dans &quot;Familles&quot;","block_context":{"text":"Familles","link":"http:\/\/www.letourismeaparis.fr\/index.php\/category\/familles\/"},"img":{"alt_text":"","src":"","width":0,"height":0},"classes":[]},{"id":15316,"url":"http:\/\/www.letourismeaparis.fr\/index.php\/2014\/06\/24\/paris-jazz-festival-fete-ses-20-ans-partir-du-7-juin\/","url_meta":{"origin":18248,"position":5},"title":"Paris Jazz Festival f\u00eate ses 20 ans \u00e0 partir du 7 juin","author":"Fabienne TM","date":"24 juin 2014","format":false,"excerpt":"Paris Jazz Festival f\u00eate ses 20 ans Le Paris Jazz Festival, rendez-vous incontournable du parc floral, f\u00eate cette ann\u00e9e ses 20 ans du 7 juin au 27 juillet 2014. Soutenu par la Ville de Paris et la Direction des espaces verts et de l\u2019environnement, il est devenu le premier des\u2026","rel":"","context":"Dans &quot;Festivals \/ Manifestations&quot;","block_context":{"text":"Festivals \/ Manifestations","link":"http:\/\/www.letourismeaparis.fr\/index.php\/category\/spectacle\/festival\/"},"img":{"alt_text":"","src":"https:\/\/i0.wp.com\/www.letourismeaparis.fr\/wp-content\/uploads\/2014\/06\/jazz.jpeg?resize=350%2C200","width":350,"height":200},"classes":[]}],"jetpack_sharing_enabled":true,"jetpack_likes_enabled":true,"_links":{"self":[{"href":"http:\/\/www.letourismeaparis.fr\/index.php\/wp-json\/wp\/v2\/posts\/18248","targetHints":{"allow":["GET"]}}],"collection":[{"href":"http:\/\/www.letourismeaparis.fr\/index.php\/wp-json\/wp\/v2\/posts"}],"about":[{"href":"http:\/\/www.letourismeaparis.fr\/index.php\/wp-json\/wp\/v2\/types\/post"}],"author":[{"embeddable":true,"href":"http:\/\/www.letourismeaparis.fr\/index.php\/wp-json\/wp\/v2\/users\/2"}],"replies":[{"embeddable":true,"href":"http:\/\/www.letourismeaparis.fr\/index.php\/wp-json\/wp\/v2\/comments?post=18248"}],"version-history":[{"count":0,"href":"http:\/\/www.letourismeaparis.fr\/index.php\/wp-json\/wp\/v2\/posts\/18248\/revisions"}],"wp:attachment":[{"href":"http:\/\/www.letourismeaparis.fr\/index.php\/wp-json\/wp\/v2\/media?parent=18248"}],"wp:term":[{"taxonomy":"category","embeddable":true,"href":"http:\/\/www.letourismeaparis.fr\/index.php\/wp-json\/wp\/v2\/categories?post=18248"},{"taxonomy":"post_tag","embeddable":true,"href":"http:\/\/www.letourismeaparis.fr\/index.php\/wp-json\/wp\/v2\/tags?post=18248"}],"curies":[{"name":"wp","href":"https:\/\/api.w.org\/{rel}","templated":true}]}}