{"id":18252,"date":"2016-05-20T18:21:44","date_gmt":"2016-05-20T17:21:44","guid":{"rendered":"http:\/\/www.letourismeaparis.fr\/?p=18252"},"modified":"2016-05-20T18:21:44","modified_gmt":"2016-05-20T17:21:44","slug":"la-nuit-des-musees-a-paris-samedi-21-mai","status":"publish","type":"post","link":"http:\/\/www.letourismeaparis.fr\/index.php\/2016\/05\/20\/la-nuit-des-musees-a-paris-samedi-21-mai\/","title":{"rendered":"La nuit des mus\u00e9es \u00e0 Paris  samedi 21 mai, quelques id\u00e9es dont la cit\u00e9 des sciences et le Palais de la d\u00e9couverte"},"content":{"rendered":"<p>La Cit\u00e9 des sciences et de l\u2019industrie, la G\u00e9ode et le Palais de la d\u00e9couverte en acc\u00e8s libre et gratuit jusqu\u2019\u00e0 minuit samedi 21 mai 2016, \u00e0 l\u2019occasion de la 12e Nuit europ\u00e9enne des mus\u00e9es \u00c0 l\u2019occasion de la Nuit europ\u00e9enne des Mus\u00e9es, grand rendez-vous du printemps qui c\u00e9l\u00e8bre l\u2019art et la culture, la Cit\u00e9 des sciences et de l\u2019industrie, la G\u00e9ode et le Palais de la d\u00e9couverte invitent les visiteurs \u00e0 <!--more-->(re)d\u00e9couvrir, en acc\u00e8s libre et gratuit jusqu\u2019\u00e0 minuit, leurs expositions et profiter d\u2019une programmation exceptionnelle d\u2019expos\u00e9s, de films et de s\u00e9ances aux plan\u00e9tariums. Renouer avec la pens\u00e9e de Darwin, d\u00e9couvrir la plan\u00e8te Rouge, embarquer pour un voyage au Jurassique ou assister \u00e0 une s\u00e9ance d\u2019initiation \u00e0 l\u2019astronomie&#8230; Samedi 21 mai, la nuit sera enchant\u00e9e ! \u201cLa Nuit europ\u00e9enne des mus\u00e9es est une occasion unique de red\u00e9couvrir le Palais de la d\u00e9couverte comme la Cit\u00e9 des sciences et de l\u2019industrie, dans une ambiance nocturne exceptionnelle : en un mot, un rendez-vous \u00e0 ne pas manquer !<br \/>\n1er<\/p>\n<ul>\n<li>Nuit des Mus\u00e9es au Mus\u00e9e du Louvre<\/li>\n<\/ul>\n<p>Le Mus\u00e9e du Louvre invite petits et grands \u00e0 s&rsquo;approprier le monstre sacr\u00e9 du patrimoine parisien le temps d&rsquo;une visite en nocturne, gratuite pour tous !<\/p>\n<ul>\n<li>Nuit des Mus\u00e9es aux Arts D\u00e9coratifs<\/li>\n<\/ul>\n<p>Le Mus\u00e9e des Arts D\u00e9coratifs participe \u00e0 la Nuit des Mus\u00e9es, ce samedi 21 mai 2016. Toute la soir\u00e9e, les collections permanentes et les expositions temporaires seront gratuites, et on pourra b\u00e9n\u00e9ficier du regard bienveillant des conf\u00e9renciers !<!--more--><\/p>\n<ul>\n<li>Nuit des Mus\u00e9es au Mus\u00e9e de l&rsquo;Orangerie<\/li>\n<\/ul>\n<p>Pour la Nuit des Mus\u00e9es 2016, le Mus\u00e9e de l&rsquo;Orangerie nous fait danser toute la soir\u00e9e, autour des Nymph\u00e9as de Monet et des oeuvres des Fauves et autres Nabis. La soir\u00e9e, gratuite, sera aussi l&rsquo;occasion de visiter gratuitement l&rsquo;exposition temporaire Apollinaire, le regard du po\u00e8te.<\/p>\n<ul>\n<li>Nuit des Mus\u00e9es au Mus\u00e9e en Herbe<\/li>\n<\/ul>\n<p>Pour la Nuit des Mus\u00e9es 2016, le Mus\u00e9e en Herbe accueillera les enfants gratuitement de 19h \u00e0 22h, l&rsquo;occasion de visiter les nouveaux locaux du mus\u00e9e adapt\u00e9 aux enfants et son exposition consacr\u00e9e au Chat de Geluck.<\/p>\n<ul>\n<li>Nuit des Mus\u00e9es au Mus\u00e9e du Barreau<\/li>\n<\/ul>\n<p>Le Mus\u00e9e du Barreau de Paris participe \u00e0 la Nuit des Mus\u00e9es, une occasion de d\u00e9couvrir un patrimoine insoup\u00e7onn\u00e9 de la capitale, d\u00e9di\u00e9 \u00e0 l&rsquo;Histoire de la Justice et aux grandes figures du Barreau de Paris !<br \/>\nParis 3e<\/p>\n<ul>\n<li>Nuit des Mus\u00e9es aux Arts et M\u00e9tiers<\/li>\n<\/ul>\n<p>Le Mus\u00e9e des Arts et M\u00e9tiers nous convie \u00e0 une nocturne ce Samedi 21 mai 2016 : au programme, la visite libre du Mus\u00e9e en nocturne et de nombreuses d\u00e9monstrations d&rsquo;inventions incroyables !<\/p>\n<ul>\n<li>Nuit des Mus\u00e9es au Mus\u00e9e Picasso<\/li>\n<\/ul>\n<p>\u00c0 l&rsquo;occasion de la Nuit des Mus\u00e9es 2016, qui aura lieu le samedi 21 mai de 18 heures \u00e0 minuit, le mus\u00e9e Picasso propose un parcours th\u00e9\u00e2tral dans ses expositions, \u00e0 travers trois exp\u00e9riences in\u00e9dites.<\/p>\n<ul>\n<li>Nuit des Mus\u00e9es aux Archives Nationales<\/li>\n<\/ul>\n<p>A l&rsquo;occasion de la Nuit des Mus\u00e9es 2016, les Archives nationales ouvrent gratuitement les portes de l&rsquo;H\u00f4tel de Soubise, samedi 21 mai 2016 en soir\u00e9e. On pourra visiter les d\u00e9p\u00f4ts d&rsquo;archives, les salons de l&rsquo;h\u00f4tel, les salles du mus\u00e9e et participer toute la soir\u00e9e \u00e0 de nombreuses activit\u00e9s gratuites !<\/p>\n<ul>\n<li>Nuit des Mus\u00e9es au Mus\u00e9e de la Chasse<\/li>\n<\/ul>\n<p><!--more--><br \/>\nLe mus\u00e9e de la Chasse et de la Nature s&rsquo;anime pour la Nuit des Mus\u00e9es 2016 ; venez visiter le mus\u00e9e gratuitement et d\u00e9couvrir deux s\u00e9ries de travaux de jeunes artistes, plasticiens et vid\u00e9astes.<br \/>\nParis 4e<\/p>\n<ul>\n<li>Nuit des Mus\u00e9es au Centre Pompidou<\/li>\n<\/ul>\n<p>Le Centre Pompidou participe \u00e0 la Nuit des Mus\u00e9es 2016 et nous invite \u00e0 d\u00e9couvrir ses collections gratuitement \u00e0 travers des parcours comment\u00e9s !<\/p>\n<ul>\n<li>Nuit des Mus\u00e9es au Mus\u00e9e Carnavalet<\/li>\n<\/ul>\n<p>Pour la Nuit des Mus\u00e9es, samedi 21 mai 2016, le Mus\u00e9e Carnavalet nous a concoct\u00e9 des spectacles autour de Figaro ! Toute la soir\u00e9e, des airs d&rsquo;op\u00e9ra \u00e9gayeront la visite des jardins, tandis que l&rsquo;on pourra assister \u00e0 un spectacle th\u00e9\u00e2tral<br \/>\n&nbsp;<br \/>\nParis 5e<\/p>\n<ul>\n<li>Nuit des Mus\u00e9es au Mus\u00e9um national d&rsquo;Histoire Naturelle<\/li>\n<\/ul>\n<p>Le Mus\u00e9um participe \u00e0 la Nuit des Mus\u00e9es ce samedi 21 Mai 2016 et nous invite \u00e0 d\u00e9couvrir gratuitement la Grande Galerie de l&rsquo;Evolution en nocturne!<\/p>\n<ul>\n<li>Nuit des Mus\u00e9es \u00e0 l&rsquo;Institut du Monde Arabe<\/li>\n<\/ul>\n<p>Ce samedi 21 mai 2016, l&rsquo;Institut du Monde Arabe participe \u00e0 la Nuit des Mus\u00e9es, en ouvrant exceptionnellement en nocturne. On peut alors d\u00e9couvrir gratuitement le mus\u00e9e et ses expositions temporaires.<\/p>\n<ul>\n<li>Nuit des Mus\u00e9es au Mus\u00e9e de Min\u00e9ralogie des Mines de Paris<\/li>\n<\/ul>\n<p><!--more--><br \/>\nToute la soir\u00e9e, le Mus\u00e9e ouvre ses portes gratuitement pour nous faire d\u00e9couvrir l&rsquo;une des plus belle collection de min\u00e9raux au monde, v\u00e9ritable banque de donn\u00e9es des roches et min\u00e9raux visibles sur Terre.<\/p>\n<ul>\n<li>Nuit des Mus\u00e9es au Mus\u00e9e de Cluny<\/li>\n<\/ul>\n<p>Le Mus\u00e9e Cluny participe aussi \u00e0 la Nuit des Mus\u00e9es. Samedi 21 mai 2016, le mus\u00e9e laisse carte blanche \u00e0 Alban Richard, directeur du centre chor\u00e9graphique national de Caen, pour une performance incroyable.<\/p>\n<ul>\n<li>Nuit des Mus\u00e9es au Mus\u00e9e de la Sant\u00e9 des Arm\u00e9es<\/li>\n<\/ul>\n<p>Profitez de la Nuit des Mus\u00e9es pour d\u00e9couvrir le Val-de-Gr\u00e2ce et son Mus\u00e9es du Service de Sant\u00e9 des Arm\u00e9es. Install\u00e9 dans le magnifique clo\u00eetre du Val-de-Gr\u00e2ce, le mus\u00e9e revient sur l&rsquo;histoire du Service de Sant\u00e9, et pr\u00e9sente notamment une apothicairerie du XVIIIe si\u00e8cle.<\/p>\n<ul>\n<li>Nuit des Mus\u00e9es au Mus\u00e9e de la Pr\u00e9fecture de Police<\/li>\n<\/ul>\n<p>Samedi 21 mai 2016, le Mus\u00e9e de la Pr\u00e9fecture de Police nous propose de d\u00e9couvrir gratuitement l&rsquo;histoire de la police, \u00e0 travers plus de 2000 pi\u00e8ces, souvenirs de l\u2019histoire de Paris mais aussi de celle de la France.<br \/>\nParis 6e<\/p>\n<ul>\n<li>Nuit des Mus\u00e9es au Mus\u00e9e du Luxembourg<\/li>\n<\/ul>\n<p>Le Mus\u00e9e du Luxembourg ouvre ses portes en nocturne et propose une immersion dans le mus\u00e9e de Budapest.<\/p>\n<ul>\n<li>Nuit des Mus\u00e9es \u00e0 la Monnaie de Paris<\/li>\n<\/ul>\n<p>La Nuit des mus\u00e9es 2016 aura lieu le samedi 21 mai dans toute la France. A cette occasion, la Monnaie de Paris ouvrira gratuitement les portes avec un avant-go\u00fbt de l&rsquo;exposition Merci Raymond<!--more--><br \/>\nParis 7e<\/p>\n<ul>\n<li>Nuit des Mus\u00e9es au Mus\u00e9e du Quai Branly<\/li>\n<\/ul>\n<p>A l&rsquo;occasion de la Nuit des Mus\u00e9es, le Mus\u00e9e du Quai Branly accueille petits et grands gratuitement. Visites libres et musique \u00e9thiopienne sont au rendez-vous !<\/p>\n<ul>\n<li>Nuit des Mus\u00e9es au Mus\u00e9e de l&rsquo;Arm\u00e9e<\/li>\n<\/ul>\n<p>Entre la d\u00e9couverte de la cour int\u00e9rieure des Invalides \u00e0 l&rsquo;Eglise du D\u00f4me qui abrite le tombeau de Napol\u00e9on, en passant par les salles du d\u00e9partement moderne du Mus\u00e9e de l&rsquo;Arm\u00e9e, cette nuit des mus\u00e9es nous r\u00e9serve de belles sensations.<\/p>\n<ul>\n<li>Nuit des Mus\u00e9es au Mus\u00e9e des Plans-Relief<\/li>\n<\/ul>\n<p>Le Mus\u00e9e des Plans-Reliefs participe \u00e0 la Nuit des Mus\u00e9es. Samedi 21 mai 2016, le mus\u00e9e invite petits et grands \u00e0 d\u00e9couvrir les 200 plans-relief expos\u00e9s au coeur des Invalides et \u00e0 s&rsquo;initier \u00e0 l&rsquo;art des maquettes et des plans-reliefs.<\/p>\n<ul>\n<li>Nuit des Mus\u00e9es au Mus\u00e9e d\u2019Orsay<\/li>\n<\/ul>\n<p>Samedi 21 mai 2016, le Mus\u00e9e d&rsquo;Orsay nous propose de d\u00e9couvrir une interpr\u00e9tation des plus c\u00e9l\u00e8bres tableaux en musique, avec le jazz band The Amazing Keystone Big Band.<\/p>\n<ul>\n<li>Nuit des Mus\u00e9es au Mus\u00e9e de la L\u00e9gion d&rsquo;Honneur<\/li>\n<\/ul>\n<p>Le Mus\u00e9e de la L\u00e9gion d&rsquo;Honneur, qui pr\u00e9sente les textes officiels, documents d&rsquo;\u00e9poque mais aussi des \u00e9bauches de l&rsquo;insigne, photographies et films de c\u00e9r\u00e9monie, ouvre ses portes samedi 21 mai 2016 en nocturne \u00e0 l&rsquo;occasion de la Nuit des Mus\u00e9es.<br \/>\nParis 8e<\/p>\n<ul>\n<li>Nuit des Mus\u00e9es au Grand Palais<\/li>\n<\/ul>\n<p>A cette occasion, le Grand Palais ouvre ses portes au grand public pour des visites en nocturnes passionnantes et gratuites !<\/p>\n<ul>\n<li>Nuit des Mus\u00e9es au Palais de la D\u00e9couverte<\/li>\n<\/ul>\n<p>Le Palais de la D\u00e9couverte nous ouvre ses portes gratuitement de 19h \u00e0 minuit pour une visite en nocturne des collections permanentes, des expositions temporaires et pour des exp\u00e9riences incroyables qui raviront petits et grands !<br \/>\n&nbsp;<\/p>\n<ul>\n<li>Nuit des Mus\u00e9es au Petit Palais<\/li>\n<\/ul>\n<p>Si la Nuit des Mus\u00e9es est l&rsquo;occasion de d\u00e9couvrir gratuitement les collections du Mus\u00e9e des Beaux-Arts de la Ville de Paris, c&rsquo;est aussi l&rsquo;occasion de voir gratuitement les deux expositions du moment : George Desvalli\u00e8res, et Dans l\u2019atelier, l\u2019 artiste photographi\u00e9.<br \/>\nParis 9e<\/p>\n<ul>\n<li>Mus\u00e9e de la Franc-ma\u00e7onnerie<\/li>\n<\/ul>\n<p>Samedi 21 mai 2016, le Mus\u00e9e de la Franc-Ma\u00e7onnerie participera \u00e0 la Nuit des Mus\u00e9es, l&rsquo;occasion de visiter ce mus\u00e9e qui t\u00e9moigne de l\u2019influence ma\u00e7onnique sur l\u2019\u00e9volution de la soci\u00e9t\u00e9, de la citoyennet\u00e9 et de la modernit\u00e9 !<br \/>\nParis 12e<!--more--><\/p>\n<ul>\n<li>Nuit des Mus\u00e9es \u00e0 la Cit\u00e9 de l&rsquo;Immigration<\/li>\n<\/ul>\n<p>Le Mus\u00e9e de l&rsquo;Immigration participe \u00e0 la Nuit des Mus\u00e9es, ce samedi 21 mai 2016. Toute la soir\u00e9e, le public parisien est invit\u00e9 \u00e0 un bal moderne dans la salle des f\u00eates du Palais de la Porte Dor\u00e9e, en parall\u00e8le de la visite des expositions du mus\u00e9e !<br \/>\nParis 16e<\/p>\n<ul>\n<li>Nuit des Mus\u00e9es au Mus\u00e9e Guimet<\/li>\n<\/ul>\n<p>Pour cette soir\u00e9e particuli\u00e8re, le mus\u00e9e nous propose des visites \u00e0 la torche, des propositions th\u00e9\u00e2trales et des lectures en biblioth\u00e8que.<\/p>\n<ul>\n<li>Nuit des Mus\u00e9es au Mus\u00e9e de l&rsquo;Homme<\/li>\n<\/ul>\n<p>Samedi 21 mai 2016, le Mus\u00e9e de l&rsquo;Homme restera ouvert en nocturne et accueillera petits et grands curieux gratuitement dans ses collections.<br \/>\n<!--more--><br \/>\n&nbsp;<\/p>\n<ul>\n<li>Nuit des Mus\u00e9es \u00e0 la Fondation Louis Vuitton<\/li>\n<\/ul>\n<p>Pour la Nuit des Mus\u00e9es 2016, la Fondation Louis Vuitton ouvre gratuitement ses portes en nocturne. A cette occasion, la fondation d&rsquo;art contemporain nous propose d&rsquo;en d\u00e9couvrir plus sur les artisans d&rsquo;art du groupe LVMH.<\/p>\n<ul>\n<li>Nuit des Mus\u00e9es \u00e0 la Cit\u00e9 de l&rsquo;architecture<\/li>\n<\/ul>\n<p>La Cit\u00e9 de l&rsquo;Architecture et du Patrimoine participe elle aussi \u00e0 la Nuit des Mus\u00e9es, en ce samedi 21 Mai 2016 : \u00e0 partir de 19h, et jusqu&rsquo;\u00e0 minuit, la visite des collections permanentes et des expositions temporaires est gratuite, ainsi que les nombreux ateliers, qui attendent petits et grands !<\/p>\n<ul>\n<li>Nuit des Mus\u00e9es au Palais de Tokyo<\/li>\n<\/ul>\n<p>Si le Palais de Tokyo avait attir\u00e9 13.000 personnes l&rsquo;ann\u00e9e pass\u00e9e, en 2016 le Palais de Tokyo gardera portes closes.<\/p>\n<ul>\n<li>Nuit des Mus\u00e9es \u00e0 la Maison de Balzac<\/li>\n<\/ul>\n<p>La Nuit des mus\u00e9es 2016 aura lieu le samedi 21 mai dans toute la France. La maison de Balzac ouvrira ses portes d\u00e8s 18h30 \u00e0 cette occasion, et proposera une performance de V\u00e9ronique Aubouy : \u00ab\u00a0Tentative de r\u00e9sumer A la Recherche du temps perdu en une heure\u00a0\u00bb.<\/p>\n<ul>\n<li>Nuit des Mus\u00e9es au Mus\u00e9e d&rsquo;Art Moderne<\/li>\n<\/ul>\n<p>Samedi 21 mai 2016, le Mus\u00e9e d&rsquo;Art Moderne de Paris ouvre ses portes en nocturne nous propose de d\u00e9couvrir gratuitement ses collections \u00e0 travers des visites guid\u00e9es et des ateliers ouverts \u00e0 tous. Et pour l&rsquo;\u00e9v\u00e9nement, une projection en plein air et pr\u00e9vue !<\/p>\n<ul>\n<li>Nuit des Mus\u00e9es au Mus\u00e9e de la Contrefa\u00e7on<\/li>\n<\/ul>\n<p>Le Mus\u00e9e de la Contrefa\u00e7on participe \u00e0 la Nuit des Mus\u00e9es 2016, ce samedi 21 mai 2016. Toute la soir\u00e9e, il sera possible de d\u00e9couvrir la collection de ce mus\u00e9e bien particulier !<br \/>\nParis 19e<\/p>\n<ul>\n<li>Nuit des Mus\u00e9es \u00e0 la Cit\u00e9 des Sciences<\/li>\n<\/ul>\n<p>Pour la Nuit des Mus\u00e9es, la Cit\u00e9 des Sciences nous accueille Samedi 21 Mai 2016 en nocturne, l&rsquo;occasion de d\u00e9couvrir le monde et les sciences en famille.<br \/>\n&nbsp;<br \/>\n&nbsp;<\/p>\n<ul>\n<li>Nuit des Mus\u00e9es \u00e0 la Cit\u00e9 de la Musique &#8211; Philharmonie<\/li>\n<\/ul>\n<p><!--more--><br \/>\nCe samedi 21 mai 2016, la Cit\u00e9 de la Musique ouvrira ses portes en nocturne pour la Nuit des Mus\u00e9es. Pour l\u2019occasion, le mus\u00e9e proposera plusieurs concerts gratuits dans les collections, de 19h30 \u00e0 22h30.<br \/>\n&nbsp;<br \/>\n&nbsp;<br \/>\n&nbsp;<br \/>\n<a href=\"http:\/\/nuitdesmusees.culturecommunication.gouv.fr\/\">http:\/\/nuitdesmusees.culturecommunication.gouv.fr\/<\/a><\/p>\n","protected":false},"excerpt":{"rendered":"<p>La Cit\u00e9 des sciences et de l\u2019industrie, la G\u00e9ode et le Palais de la d\u00e9couverte en acc\u00e8s libre et gratuit jusqu\u2019\u00e0 minuit samedi 21 mai 2016, \u00e0 l\u2019occasion de la 12e Nuit europ\u00e9enne des mus\u00e9es \u00c0 l\u2019occasion de la Nuit&#8230;<\/p>\n","protected":false},"author":2,"featured_media":0,"comment_status":"open","ping_status":"open","sticky":false,"template":"","format":"standard","meta":{"ngg_post_thumbnail":0,"jetpack_post_was_ever_published":false,"_jetpack_newsletter_access":"","footnotes":""},"categories":[1],"tags":[],"class_list":["post-18252","post","type-post","status-publish","format-standard","hentry","category-non-classe"],"jetpack_featured_media_url":"","jetpack-related-posts":[{"id":20969,"url":"http:\/\/www.letourismeaparis.fr\/index.php\/2018\/05\/09\/la-nuit-des-musees-au-palais-de-la-porte-doree-samedi-19-mai-de-18h-22h30\/","url_meta":{"origin":18252,"position":0},"title":"La nuit des Mus\u00e9es au  Palais de la Porte dor\u00e9e,  Samedi 19 mai de 18h \u00e0 22h30","author":"Fabienne TM","date":"9 mai 2018","format":false,"excerpt":"\u00a0 Cette ann\u00e9e, pour la quatorzi\u00e8me Nuit europ\u00e9enne des Mus\u00e9es, le Palais se met aux couleurs tsiganes jusqu'\u00e0 22h30. Venez (re)d\u00e9couvrir les acrobates, danseuses et musiciens du Cirque Roman\u00e8s lors d'une soir\u00e9e sous le signe de la bonne humeur et de la po\u00e9sie ! Les collections permanentes du Mus\u00e9e de\u2026","rel":"","context":"Dans &quot;Actualit\u00e9s&quot;","block_context":{"text":"Actualit\u00e9s","link":"http:\/\/www.letourismeaparis.fr\/index.php\/category\/actualite\/"},"img":{"alt_text":"","src":"","width":0,"height":0},"classes":[]},{"id":23686,"url":"http:\/\/www.letourismeaparis.fr\/index.php\/2019\/09\/29\/la-cite-des-sciences-et-de-lindustrie-et-le-palais-de-la-decouverte-participent-a-la-fete-de-la-science-les-5-et-6-octobre-2019-et-a-lanuit-blanche-le-5-octobre-2019\/","url_meta":{"origin":18252,"position":1},"title":"La Cit\u00e9 des sciences et de l&rsquo;industrie et le Palais de la d\u00e9couverte participent \u00e0 la F\u00eate de la science les 5 et 6 octobre 2019\/et  \u00e0 la\u00a0\u00bbNuit Blanche\u00a0\u00bb le 5 octobre 2019","author":"Fabienne TM","date":"29 septembre 2019","format":false,"excerpt":"F\u00eate de la science - Les 5 et 6 octobre - Entr\u00e9e libre et gratuite Ce week-end gratuit met \u00e0 l\u2019honneur les disciplines les plus diverses de la recherche o\u00f9 tous les domaines scientifiques sont abord\u00e9s : de la biodiversit\u00e9 aux sciences de l\u2019univers, en passant par les math\u00e9matiques, l\u2019environnement,\u2026","rel":"","context":"Dans &quot;Non class\u00e9&quot;","block_context":{"text":"Non class\u00e9","link":"http:\/\/www.letourismeaparis.fr\/index.php\/category\/non-classe\/"},"img":{"alt_text":"","src":"","width":0,"height":0},"classes":[]},{"id":16668,"url":"http:\/\/www.letourismeaparis.fr\/index.php\/2015\/05\/15\/samedi-16-mai-acces-gratuit-au-grand-palais-pour-velasquez-jean-paul-gaultier-et-les-icones-americaines\/","url_meta":{"origin":18252,"position":2},"title":"La nuit europ\u00e9enne des mus\u00e9es au Grand Palais Samedi 16 mai","author":"Fabienne TM","date":"15 mai 2015","format":false,"excerpt":"La nuit europ\u00e9enne \u00e0 Paris \u00a0vous propose notamment :samedi 16 mai : acc\u00e8s gratuit au Grand Palais pour Velasquez, Jean Paul Gaultier et les Ic\u00f4nes am\u00e9ricaines \u00a03, avenue du G\u00e9n\u00e9ral Eisenhower Paris- 75008 De 20h \u00e0 minuit, l'entr\u00e9e est gratuite. Visite \u00e0 l'infante, le\u00e7on de mode avec Jean-Paul Gaultier, t\u00eate\u2026","rel":"","context":"Dans &quot;Familles&quot;","block_context":{"text":"Familles","link":"http:\/\/www.letourismeaparis.fr\/index.php\/category\/familles\/"},"img":{"alt_text":"","src":"https:\/\/i0.wp.com\/www.letourismeaparis.fr\/wp-content\/uploads\/2015\/05\/nuitmusees-40-60-drac-hd-3-200x300.jpg?resize=350%2C200","width":350,"height":200},"classes":[]},{"id":7555,"url":"http:\/\/www.letourismeaparis.fr\/index.php\/2010\/05\/07\/6e-nuit-europeenne-des-musees\/","url_meta":{"origin":18252,"position":3},"title":"6e Nuit europ\u00e9enne des mus\u00e9es","author":"Fabienne TM","date":"7 mai 2010","format":false,"excerpt":"NoctamBulle\u00a0 Samedi 15 mai 2010 de 19h \u00e0 1h du matin La Nef du Grand Palais Pour la 6e Nuit europ\u00e9enne des mus\u00e9es, le 15 mai, de 19h \u00e0 1h du matin, le Grand Palais vous ouvre toutes ses portes : vous pourrezcirculer \u00e0 travers l'ensemble du monument et d\u00e9couvrir\u2026","rel":"","context":"Dans &quot;Non class\u00e9&quot;","block_context":{"text":"Non class\u00e9","link":"http:\/\/www.letourismeaparis.fr\/index.php\/category\/non-classe\/"},"img":{"alt_text":"","src":"","width":0,"height":0},"classes":[]},{"id":13256,"url":"http:\/\/www.letourismeaparis.fr\/index.php\/2013\/05\/02\/la-nuit-europeenne-des-musees-du-18-mai-2013-au-palais-de-la-porte-doree-propose-un-spectacle-de-cirque\/","url_meta":{"origin":18252,"position":4},"title":"La Nuit europ\u00e9enne des mus\u00e9es  du 18 mai  2013, au Palais de la Porte Dor\u00e9e ,propose un spectacle de cirque.","author":"Fabienne TM","date":"2 mai 2013","format":false,"excerpt":"La Nuit europ\u00e9enne des mus\u00e9es 2013 au Palais de la Porte Dor\u00e9e propose un spectacle de cirque. la Cit\u00e9 nationale de l'histoire de l'immigration sera ouverte jusqu'\u00e0 23h. Collections permanentes et expositions temporaires seront en acc\u00e8s libre et une programmation sp\u00e9ciale autour du cirque vous sera \u00e9galement propos\u00e9e. La compagnie\u2026","rel":"","context":"Dans &quot;Mus\u00e9es \/ Expositions&quot;","block_context":{"text":"Mus\u00e9es \/ Expositions","link":"http:\/\/www.letourismeaparis.fr\/index.php\/category\/culture\/musees-expositions\/"},"img":{"alt_text":"","src":"","width":0,"height":0},"classes":[]},{"id":10307,"url":"http:\/\/www.letourismeaparis.fr\/index.php\/2011\/05\/13\/samedi-14-mainuit-des-musees-selection\/","url_meta":{"origin":18252,"position":5},"title":"Samedi 14 mai,&quot;nuit des mus\u00e9es&quot; : s\u00e9lection","author":"Fabienne TM","date":"13 mai 2011","format":false,"excerpt":"Les portes des mus\u00e9es s\u2019ouvrent la nuit du 14 mai. les mus\u00e9es deviennent le th\u00e9\u00e2tre de rencontres et d\u2019\u00e9v\u00e9nements inattendus. Conservateurs, com\u00e9diens, m\u00e9diateurs, historiens de l\u2019art, musiciens, danseurs, et m\u00eame sp\u00e9cialistes du monde spatial vous invitent\u00a0 \u00e0 venir vivre le mus\u00e9e autrement. Dans pr\u00e8s de 3000 mus\u00e9es \u00e0 travers l\u2019Europe,\u2026","rel":"","context":"Dans &quot;Non class\u00e9&quot;","block_context":{"text":"Non class\u00e9","link":"http:\/\/www.letourismeaparis.fr\/index.php\/category\/non-classe\/"},"img":{"alt_text":"","src":"","width":0,"height":0},"classes":[]}],"jetpack_sharing_enabled":true,"jetpack_likes_enabled":true,"_links":{"self":[{"href":"http:\/\/www.letourismeaparis.fr\/index.php\/wp-json\/wp\/v2\/posts\/18252","targetHints":{"allow":["GET"]}}],"collection":[{"href":"http:\/\/www.letourismeaparis.fr\/index.php\/wp-json\/wp\/v2\/posts"}],"about":[{"href":"http:\/\/www.letourismeaparis.fr\/index.php\/wp-json\/wp\/v2\/types\/post"}],"author":[{"embeddable":true,"href":"http:\/\/www.letourismeaparis.fr\/index.php\/wp-json\/wp\/v2\/users\/2"}],"replies":[{"embeddable":true,"href":"http:\/\/www.letourismeaparis.fr\/index.php\/wp-json\/wp\/v2\/comments?post=18252"}],"version-history":[{"count":0,"href":"http:\/\/www.letourismeaparis.fr\/index.php\/wp-json\/wp\/v2\/posts\/18252\/revisions"}],"wp:attachment":[{"href":"http:\/\/www.letourismeaparis.fr\/index.php\/wp-json\/wp\/v2\/media?parent=18252"}],"wp:term":[{"taxonomy":"category","embeddable":true,"href":"http:\/\/www.letourismeaparis.fr\/index.php\/wp-json\/wp\/v2\/categories?post=18252"},{"taxonomy":"post_tag","embeddable":true,"href":"http:\/\/www.letourismeaparis.fr\/index.php\/wp-json\/wp\/v2\/tags?post=18252"}],"curies":[{"name":"wp","href":"https:\/\/api.w.org\/{rel}","templated":true}]}}