{"id":18256,"date":"2016-05-23T11:45:49","date_gmt":"2016-05-23T10:45:49","guid":{"rendered":"http:\/\/www.letourismeaparis.fr\/?p=18256"},"modified":"2016-05-23T11:45:49","modified_gmt":"2016-05-23T10:45:49","slug":"la-fete-du-pain-a-paris-jusquau-30-mai","status":"publish","type":"post","link":"http:\/\/www.letourismeaparis.fr\/index.php\/2016\/05\/23\/la-fete-du-pain-a-paris-jusquau-30-mai\/","title":{"rendered":"La f\u00eate du pain \u00e0 Paris jusqu&#039;au 30 mai"},"content":{"rendered":"<p>Dans le plus grand fournil du monde (1100 m2) install\u00e9 sur le parvis de Notre-Dame au kilom\u00e8tre z\u00e9ro, les boulangers Alsaciens (invit\u00e9s d\u2019honneur) et du Grand Paris fabriqueront devant curieux et gourmets, petits et grands, pain de tradition fran\u00e7aise, subrot, pain \u00e0 la bi\u00e8re, streusel et bretzel\u2026.<br \/>\nLe gagnant de la meilleure baguette nationale, sera connu le mercredi 25 apr\u00e8s deux journ\u00e9es o\u00f9 toutes les r\u00e9gions auront particip\u00e9 \u00e0 la s\u00e9lection.<a href=\"http:\/\/www.letourismeaparis.fr\/wp-content\/uploads\/2016\/05\/Capture-d\u2019e\u0301cran-2016-05-23-a\u0300-12.42.18.png\"><img loading=\"lazy\" decoding=\"async\" class=\"aligncenter size-full wp-image-18257\" src=\"http:\/\/www.letourismeaparis.fr\/wp-content\/uploads\/2016\/05\/Capture-d\u2019e\u0301cran-2016-05-23-a\u0300-12.42.18.png\" alt=\"Capture d\u2019e\u0301cran 2016-05-23 a\u0300 12.42.18\" width=\"233\" height=\"286\" \/><\/a><!--more--><br \/>\n\u2022 La c\u00e9r\u00e9monie de remise des prix du meilleur croissant de l\u2019Ile de France au beurre Charentes Poitou aura lieu le lundi 23 mai \u00e0 18h30.<br \/>\n\u2022 Le jeudi 26 mai, les boulangers alsaciens confectionneront une cr\u00e9mantaise g\u00e9ante destin\u00e9e \u00e0 la vente, au profit de l\u2019op\u00e9ration \u00ab pi\u00e8ces jaunes \u00bb.<br \/>\n\u2022 L\u2019office du tourisme d\u2019Alsace sera pr\u00e9sent pour d\u00e9livrer les bons plans pour visiter cette r\u00e9gion.<br \/>\n\u2022 Une web radio sera install\u00e9e pour donner la parole aux acteurs de la fili\u00e8re (boulangers et meuniers), pour partager la passion de leur m\u00e9tier.<br \/>\n\u2022 Les repr\u00e9sentants des centres de formation d\u2019apprentis r\u00e9pondront aux questions du public sur la formation initiale, continue ou la reconversion professionnelle.<br \/>\n\u2022 Enfin, lors de ces journ\u00e9es exceptionnelles, les \u00e9coliers et coll\u00e9giens seront aussi invit\u00e9s \u00e0 mettre la main \u00e0 la p\u00e2te.<br \/>\nBoulangerie L&rsquo;Essentiel &#8211; Anthony BOSBSON<br \/>\nDu 23\/05\/2016 au 29\/05\/2016<br \/>\n75013\u00a0&#8211; PARIS<br \/>\n73 boulevard Auguste Blanqui<br \/>\nBoulangerie P\u00e2tisserie Douceurs et Traditions<br \/>\nDu 23\/05\/2016 au 29\/05\/2016<br \/>\n75007\u00a0&#8211; PARIS<br \/>\n85 rue Saint Dominique<br \/>\nBoulangerie L&rsquo;Essentiel &#8211; Anthony BOSSON<br \/>\nDu 23\/05\/2016 au 29\/05\/2016<br \/>\n75005\u00a0&#8211; PARIS<br \/>\n2 rue Mouffetard<br \/>\n&nbsp;<\/p>\n","protected":false},"excerpt":{"rendered":"<p>Dans le plus grand fournil du monde (1100 m2) install\u00e9 sur le parvis de Notre-Dame au kilom\u00e8tre z\u00e9ro, les boulangers Alsaciens (invit\u00e9s d\u2019honneur) et du Grand Paris fabriqueront devant curieux et gourmets, petits et grands, pain de tradition fran\u00e7aise, subrot,&#8230;<\/p>\n","protected":false},"author":2,"featured_media":0,"comment_status":"open","ping_status":"open","sticky":false,"template":"","format":"standard","meta":{"ngg_post_thumbnail":0,"jetpack_post_was_ever_published":false,"_jetpack_newsletter_access":"","footnotes":""},"categories":[30],"tags":[],"class_list":["post-18256","post","type-post","status-publish","format-standard","hentry","category-gastronomie"],"jetpack_featured_media_url":"","jetpack-related-posts":[{"id":19826,"url":"http:\/\/www.letourismeaparis.fr\/index.php\/2017\/05\/09\/fete-du-pain-sur-le-parvis-de-notre-du-13052017-au-22052017-sur-le-parvis-de-notre-dame\/","url_meta":{"origin":18256,"position":0},"title":"F\u00eate du pain sur le parvis de Notre ,du 13\/05\/2017 au 22\/05\/2017 sur le Parvis de Notre Dame","author":"Fabienne TM","date":"9 mai 2017","format":false,"excerpt":"Chaque jour les enfants des \u00e9coles viendront regarder travailler les professionnels pr\u00e9sents et \u00e9couter leurs conseils. A leur tour, ils fa\u00e7onneront leur petit pain et repartiront la t\u00eate pleine de souvenirs et fiers de leur fabrication. Toute la semaine, les visiteurs pourront d\u00e9guster les pains et les autres productions des\u2026","rel":"","context":"Dans &quot;Gastronomie&quot;","block_context":{"text":"Gastronomie","link":"http:\/\/www.letourismeaparis.fr\/index.php\/category\/gastronomie\/"},"img":{"alt_text":"","src":"","width":0,"height":0},"classes":[]},{"id":12185,"url":"http:\/\/www.letourismeaparis.fr\/index.php\/2012\/11\/21\/marche-de-noel-alsacien-a-la-gare-de-lest\/","url_meta":{"origin":18256,"position":1},"title":"March\u00e9 de No\u00ebl Alsacien \u00e0 la Gare de l\u2019Est","author":"Fabienne TM","date":"21 novembre 2012","format":false,"excerpt":"Du 30 novembre au 15 d\u00e9cembre 2012, le March\u00e9 de No\u00ebl alsacien de la Gare de l\u2019Est investit le pav\u00e9 ! Cette ann\u00e9e, il met \u00e0 l\u2019honneur l\u2019Arbre de No\u00ebl, celui qui prend place dans nos int\u00e9rieurs et se pare de mille feux \u00e0 l\u2019approche des f\u00eates de fin d\u2019ann\u00e9es\u2026","rel":"","context":"Dans &quot;Non class\u00e9&quot;","block_context":{"text":"Non class\u00e9","link":"http:\/\/www.letourismeaparis.fr\/index.php\/category\/non-classe\/"},"img":{"alt_text":"","src":"","width":0,"height":0},"classes":[]},{"id":24938,"url":"http:\/\/www.letourismeaparis.fr\/index.php\/2022\/10\/19\/marche-de-noel-alsacien-a-paris-2\/","url_meta":{"origin":18256,"position":2},"title":"March\u00e9 de No\u00ebl alsacien \u00e0 Paris","author":"Fabienne TM","date":"19 octobre 2022","format":false,"excerpt":"Le plus ancien March\u00e9 de No\u00ebl alsacien hors de la r\u00e9gion renouvelle sa pr\u00e9sence sur le parvis de la Gare de Paris Est \u00e0 l\u2019occasion de sa 40\u00e8me \u00e9dition. Du mercredi 30 novembre au vendredi 16 d\u00e9cembre, c\u2019est une tranche enti\u00e8re et gourmande de l\u2019Alsace qui se d\u00e9localise avec la\u2026","rel":"","context":"Dans &quot;Gastronomie&quot;","block_context":{"text":"Gastronomie","link":"http:\/\/www.letourismeaparis.fr\/index.php\/category\/gastronomie\/"},"img":{"alt_text":"","src":"","width":0,"height":0},"classes":[]},{"id":10297,"url":"http:\/\/www.letourismeaparis.fr\/index.php\/2011\/05\/15\/la-fete-du-pain-se-deroulera-a-paris-du-12-au-16-mai\/","url_meta":{"origin":18256,"position":3},"title":"La f\u00eate du pain se d\u00e9roulera \u00e0 Paris du 12 au 16 mai .","author":"Fabienne TM","date":"15 mai 2011","format":false,"excerpt":"Sur la Parvis de de la Cath\u00e9drale Notre Dame. Les boulangers normands seront \u00e0 l'honneur . Au programme : un fournil g\u00e9ant, un espace quiz interactif, une animation sur les sucres et surtout la d\u00e9couverte d'un savoir faire... Fabrication de pain ,fabrication de sp\u00e9cialit\u00e9s normandes : douillon, tarte aux pommes\u2026","rel":"","context":"Dans &quot;Non class\u00e9&quot;","block_context":{"text":"Non class\u00e9","link":"http:\/\/www.letourismeaparis.fr\/index.php\/category\/non-classe\/"},"img":{"alt_text":"","src":"","width":0,"height":0},"classes":[]},{"id":23892,"url":"http:\/\/www.letourismeaparis.fr\/index.php\/2019\/12\/11\/marche-de-noel-alsacien-a-paris\/","url_meta":{"origin":18256,"position":4},"title":"March\u00e9 de No\u00ebl Alsacien \u00e0 Paris","author":"Fabienne TM","date":"11 d\u00e9cembre 2019","format":false,"excerpt":"Du 4 au 20 d\u00e9cembre 2019, le March\u00e9 de No\u00ebl alsacien de la Gare de l\u2019Est installe un petit morceau d\u2019Alsace sur le parvis de la gare ! Odeurs de cannelle, d\u2019anis \u00e9toil\u00e9 et de miel, ar\u00f4mes de No\u00ebl et St Nicolas g\u00e9ant en pain d\u2019\u00e9pices\u2026 Sur le parvis de\u2026","rel":"","context":"Dans &quot;Non class\u00e9&quot;","block_context":{"text":"Non class\u00e9","link":"http:\/\/www.letourismeaparis.fr\/index.php\/category\/non-classe\/"},"img":{"alt_text":"","src":"https:\/\/i0.wp.com\/www.letourismeaparis.fr\/wp-content\/uploads\/2019\/12\/Capture-d%E2%80%99e%CC%81cran-2019-12-11-a%CC%80-11.38.44.png?resize=350%2C200","width":350,"height":200},"classes":[]},{"id":21433,"url":"http:\/\/www.letourismeaparis.fr\/index.php\/2018\/10\/19\/lalsace-fetera-noel-gare-de-lest-au-marche-de-noel-alsacien-de-paris-du-5-au-8-decembre\/","url_meta":{"origin":18256,"position":5},"title":"L\u2019Alsace f\u00eatera No\u00ebl   Gare de l\u2019Est  au March\u00e9 de No\u00ebl alsacien de Paris du 5 au 8 d\u00e9cembre","author":"Fabienne TM","date":"19 octobre 2018","format":false,"excerpt":"Produits d\u2019artisans et d\u00e9gustations\u00a0 \u00a0 sur le parvis de la Gare de l\u2019Est \u00e0 Paris\u00a0\u00a0 Du 5 au 21 d\u00e9cembre, ce sera une nouvelle fois l\u2019occasion de venir d\u00e9couvrir la magie des No\u00ebls alsaciens tous les jours de 9h \u00e0 20h (10h \u00e0 19h le dimanche, 18h le vendredi21 d\u00e9cembre),\u2026","rel":"","context":"Dans &quot;Gastronomie&quot;","block_context":{"text":"Gastronomie","link":"http:\/\/www.letourismeaparis.fr\/index.php\/category\/gastronomie\/"},"img":{"alt_text":"","src":"","width":0,"height":0},"classes":[]}],"jetpack_sharing_enabled":true,"jetpack_likes_enabled":true,"_links":{"self":[{"href":"http:\/\/www.letourismeaparis.fr\/index.php\/wp-json\/wp\/v2\/posts\/18256","targetHints":{"allow":["GET"]}}],"collection":[{"href":"http:\/\/www.letourismeaparis.fr\/index.php\/wp-json\/wp\/v2\/posts"}],"about":[{"href":"http:\/\/www.letourismeaparis.fr\/index.php\/wp-json\/wp\/v2\/types\/post"}],"author":[{"embeddable":true,"href":"http:\/\/www.letourismeaparis.fr\/index.php\/wp-json\/wp\/v2\/users\/2"}],"replies":[{"embeddable":true,"href":"http:\/\/www.letourismeaparis.fr\/index.php\/wp-json\/wp\/v2\/comments?post=18256"}],"version-history":[{"count":0,"href":"http:\/\/www.letourismeaparis.fr\/index.php\/wp-json\/wp\/v2\/posts\/18256\/revisions"}],"wp:attachment":[{"href":"http:\/\/www.letourismeaparis.fr\/index.php\/wp-json\/wp\/v2\/media?parent=18256"}],"wp:term":[{"taxonomy":"category","embeddable":true,"href":"http:\/\/www.letourismeaparis.fr\/index.php\/wp-json\/wp\/v2\/categories?post=18256"},{"taxonomy":"post_tag","embeddable":true,"href":"http:\/\/www.letourismeaparis.fr\/index.php\/wp-json\/wp\/v2\/tags?post=18256"}],"curies":[{"name":"wp","href":"https:\/\/api.w.org\/{rel}","templated":true}]}}