{"id":18259,"date":"2016-05-23T12:34:53","date_gmt":"2016-05-23T11:34:53","guid":{"rendered":"http:\/\/www.letourismeaparis.fr\/?p=18259"},"modified":"2016-05-23T12:34:53","modified_gmt":"2016-05-23T11:34:53","slug":"le-ranelagh-fete-la-musique-avec-48h-davance-et-les-20-ans-du-quatuor-helios-vous-etes-invites-le-19-juin","status":"publish","type":"post","link":"http:\/\/www.letourismeaparis.fr\/index.php\/2016\/05\/23\/le-ranelagh-fete-la-musique-avec-48h-davance-et-les-20-ans-du-quatuor-helios-vous-etes-invites-le-19-juin\/","title":{"rendered":"Le Ranelagh f\u00eate la musique avec 48h d\u2019avance et les 20 ans du quatuor HELIOS, vous \u00eates invit\u00e9s le 19 juin !"},"content":{"rendered":"<p>vous \u00eates \u00a0invit\u00e9s le 19 juin !<br \/>\nCet ensemble pour fl\u00fbte, violon, alto &amp; violoncelle, d\u00e9j\u00e0 entendu et appr\u00e9ci\u00e9 ici dans les spectacles jeune public autour de Mozart et Debussy, vous pr\u00e9sente le dimanche 19 juin \u00e0 19h son programme \u00ab\u00a0Autour de Monsieur DEBUSSY \u00ab\u00a0.<br \/>\n<strong>Entr\u00e9e libre et gratuite, r\u00e9servation obligatoire au 06 60 59 77 51<\/strong>.<br \/>\nAu programme :<br \/>\nDEBUSSY Claude (1862 &#8211; 1918) Choix de pr\u00e9ludes (Transcription Alain Louvier)<br \/>\nWAILLY Paul (1854-1933) S\u00e9r\u00e9nade op 25<!--more--><br \/>\nLEDIENOV Roman (1930- ) Pr\u00e9lude (Cr\u00e9ation 2002, d\u00e9di\u00e9e \u00e0 H\u00e9lios)<br \/>\nANDREAE Volkmar (1879-1962) Divertimento op<br \/>\nBIZET- BORNE (1838-1875) Variations brillantes sur Carmen<br \/>\n&nbsp;<br \/>\n&nbsp;<br \/>\nTh\u00e9\u00e2tre le Ranelagh &#8211; 5 rue des vignes 75016 Paris &#8211;<br \/>\n01 42 88 64 44<br \/>\n&nbsp;<br \/>\n<a href=\"http:\/\/www.theatre-ranelagh.com\/\">http:\/\/www.theatre-ranelagh.com\/<\/a><\/p>\n","protected":false},"excerpt":{"rendered":"<p>vous \u00eates \u00a0invit\u00e9s le 19 juin ! Cet ensemble pour fl\u00fbte, violon, alto &amp; violoncelle, d\u00e9j\u00e0 entendu et appr\u00e9ci\u00e9 ici dans les spectacles jeune public autour de Mozart et Debussy, vous pr\u00e9sente le dimanche 19 juin \u00e0 19h son programme&#8230;<\/p>\n","protected":false},"author":2,"featured_media":0,"comment_status":"open","ping_status":"open","sticky":false,"template":"","format":"standard","meta":{"ngg_post_thumbnail":0,"jetpack_post_was_ever_published":false,"_jetpack_newsletter_access":"","footnotes":""},"categories":[39],"tags":[],"class_list":["post-18259","post","type-post","status-publish","format-standard","hentry","category-musique"],"jetpack_featured_media_url":"","jetpack-related-posts":[{"id":7856,"url":"http:\/\/www.letourismeaparis.fr\/index.php\/2010\/06\/17\/concert-a-la-mairie-du-4-eme-samedi-19-juin-entree-libre\/","url_meta":{"origin":18259,"position":0},"title":"Concert \u00e0 la mairie du 4 \u00e8me samedi 19 juin (entr\u00e9e libre)","author":"Fabienne TM","date":"17 juin 2010","format":false,"excerpt":"Samedi 19 juin \u00e0 15h\u00a0 Fleur CLAESEN, piano BEETHOVEN\u00a0\u00a0 Sonate n\u00b0 8 op.13 dite \u00abpath\u00e9tique \u00bb\u00a0\u00a0\u00a0 GLUCK\/SGAMBATI\u00a0\u00a0\u00a0 Melody (Orph\u00e9e et Eurydice ) CHOPIN Nocturne\u00a0 Fantaisie Impromptu, DEBUSSY\u00a0 Clair de lune BELLINI\/LISZT R\u00e9miniscence de NORMA, Grande Fantaisie Fleur CLAESEN\u00a0 a particip\u00e9\u00a0 \u00e0 des Masterclass et travaill\u00e9 avec des grands pianistes Entr\u00e9e\u2026","rel":"","context":"Dans &quot;Non class\u00e9&quot;","block_context":{"text":"Non class\u00e9","link":"http:\/\/www.letourismeaparis.fr\/index.php\/category\/non-classe\/"},"img":{"alt_text":"","src":"","width":0,"height":0},"classes":[]},{"id":14676,"url":"http:\/\/www.letourismeaparis.fr\/index.php\/2014\/03\/19\/un-excellent-spectacle-au-theatre-du-ranelagh-le-pianiste-aux-50-doigts-avec-pascal-amoyel\/","url_meta":{"origin":18259,"position":1},"title":"Un excellent spectacle au th\u00e9atre du Ranelagh : le pianiste aux 50 doigts avec Pascal Amoyel","author":"Fabienne TM","date":"19 mars 2014","format":false,"excerpt":"jusqu\u2019au 27 avril \u00a02014\u00a0 Pascal Amoyel, actuellement consid\u00e9r\u00e9 comme l\u2019un des h\u00e9ritiers spirituels de Cziffra, a compt\u00e9 parmi ses rares \u00e9l\u00e8ves. Il lui rend ici un vibrant hommage.\u00a0L\u2019interpr\u00e8te replonge dans sa premi\u00e8re rencontre avec le Ma\u00eetre \u00e0 l\u2019\u00e2ge de 13 ans\u00a0et entra\u00eene le spectateur dans la vie incroyable de ce\u2026","rel":"","context":"Dans &quot;Musique&quot;","block_context":{"text":"Musique","link":"http:\/\/www.letourismeaparis.fr\/index.php\/category\/culture\/concerts-musique\/musique\/"},"img":{"alt_text":"","src":"","width":0,"height":0},"classes":[]},{"id":16385,"url":"http:\/\/www.letourismeaparis.fr\/index.php\/2015\/05\/12\/un-salon-de-musique-au-ranelagh-les-mardis-17-mars14-avril-et-12-mai-20h\/","url_meta":{"origin":18259,"position":2},"title":"Un salon de musique au Ranelagh : Mozart for ever, mardi 12 mai \u00e0 20h","author":"Fabienne TM","date":"12 mai 2015","format":false,"excerpt":"Louis Mors, riche industriel et m\u00e9lomane fit \u00e9difier en 1894 cette salle \"Pour moi et mes amis\",comme il est inscrit au fronton de la double porte de ch\u00eane et verre souffl\u00e9e de la salle.Diverses cr\u00e9ations y furent pr\u00e9sent\u00e9es comme la pi\u00e8ce pour fl\u00fbte de Debussy, SYRINX ; des op\u00e9ras de\u2026","rel":"","context":"Dans &quot;Non class\u00e9&quot;","block_context":{"text":"Non class\u00e9","link":"http:\/\/www.letourismeaparis.fr\/index.php\/category\/non-classe\/"},"img":{"alt_text":"","src":"","width":0,"height":0},"classes":[]},{"id":15403,"url":"http:\/\/www.letourismeaparis.fr\/index.php\/2014\/07\/04\/concert-de-piano-dartistes-tcheques-le-8-juillet-entre-libre\/","url_meta":{"origin":18259,"position":3},"title":"Concert de piano, d&#039;artistes tch\u00e8ques le 8 juillet (entr\u00e9e libre)","author":"Fabienne TM","date":"4 juillet 2014","format":false,"excerpt":"Programme 8 juil. 2014 20:30 Zuzana \u0160imurdov\u00e1, piano - Mikolaj Warszynski, piano Programme\u00a0: Anton\u00edn Dvor\u00e1k \u2013\u00a0L\u00e9gendes Op. 59 Fr\u00e9d\u00e9ric Chopin \u2013\u00a0Ballade No. 3 en la di\u00e8se majeur, Op. 47\u00a0(1841) Bed\u0159ich Smetana \u2013\u00a0\u00c9tude en sol di\u00e8se mineur, Op. 17 \u201cSur la bord de mer\u201d\u00a0(1861) Claude Debussy \u2013\u00a0L\u2019Isle joyeuse\u00a0(1904) Karol Szymanowski \u2013\u00a0\u00c9tude\u2026","rel":"","context":"Dans &quot;Musique&quot;","block_context":{"text":"Musique","link":"http:\/\/www.letourismeaparis.fr\/index.php\/category\/culture\/concerts-musique\/musique\/"},"img":{"alt_text":"","src":"","width":0,"height":0},"classes":[]},{"id":11553,"url":"http:\/\/www.letourismeaparis.fr\/index.php\/2012\/03\/06\/debussy-la-musique-et-les-arts-jusquau-11-juin-2012-au-musee-de-lorangerie\/","url_meta":{"origin":18259,"position":4},"title":"Debussy, la musique et les arts jusqu&#039;au 11 juin 2012 au mus\u00e9e de l&#039;Orangerie","author":"Fabienne TM","date":"6 mars 2012","format":false,"excerpt":"Claude Debussy , trouva l'essentiel de son inspiration dans le domaine de la po\u00e9sie contemporaine et des arts visuels. il s'int\u00e9ressa aux artistes les plus novateurs, aux figures les plus en marge des acad\u00e9mismes en cours. Des\u00a0 causeries et des concerts(entr\u00e9e libre sur r\u00e9servation) sont propos\u00e9es le mercredi ou le\u2026","rel":"","context":"Dans &quot;Non class\u00e9&quot;","block_context":{"text":"Non class\u00e9","link":"http:\/\/www.letourismeaparis.fr\/index.php\/category\/non-classe\/"},"img":{"alt_text":"","src":"","width":0,"height":0},"classes":[]},{"id":16863,"url":"http:\/\/www.letourismeaparis.fr\/index.php\/2015\/06\/23\/pique-niques-a-paris-en-plein-air-2eme-12eme16eme\/","url_meta":{"origin":18259,"position":5},"title":"Pique-niques  \u00e0 Paris en plein air ( 2\u00e8me, 12\u00e8me,16\u00e8me )","author":"Fabienne TM","date":"23 juin 2015","format":false,"excerpt":"\u00a0D\u00ceNER DE LA SAINT-JEAN Mercredi 24 Juin 2015 \u00e0 partir de 19h dans les Jardins du Ranelagh \u00a0un grand pique-nique\u00a0champ\u00eatre musical \u00e0 ciel ouvert organis\u00e9 autour\u00a0du kiosque\u00a0des Jardins du Ranelagh\u00a0\u2013 \u00e9clair\u00e9 \u00e0 la torche\u00a0\u2013 pour c\u00e9l\u00e9brer la Saint-Jean. \u00a0Cette soir\u00e9e, gratuite et ouverte \u00e0 tous,\u00a0est avant tout un moment de\u2026","rel":"","context":"Dans &quot;Non class\u00e9&quot;","block_context":{"text":"Non class\u00e9","link":"http:\/\/www.letourismeaparis.fr\/index.php\/category\/non-classe\/"},"img":{"alt_text":"","src":"","width":0,"height":0},"classes":[]}],"jetpack_sharing_enabled":true,"jetpack_likes_enabled":true,"_links":{"self":[{"href":"http:\/\/www.letourismeaparis.fr\/index.php\/wp-json\/wp\/v2\/posts\/18259","targetHints":{"allow":["GET"]}}],"collection":[{"href":"http:\/\/www.letourismeaparis.fr\/index.php\/wp-json\/wp\/v2\/posts"}],"about":[{"href":"http:\/\/www.letourismeaparis.fr\/index.php\/wp-json\/wp\/v2\/types\/post"}],"author":[{"embeddable":true,"href":"http:\/\/www.letourismeaparis.fr\/index.php\/wp-json\/wp\/v2\/users\/2"}],"replies":[{"embeddable":true,"href":"http:\/\/www.letourismeaparis.fr\/index.php\/wp-json\/wp\/v2\/comments?post=18259"}],"version-history":[{"count":0,"href":"http:\/\/www.letourismeaparis.fr\/index.php\/wp-json\/wp\/v2\/posts\/18259\/revisions"}],"wp:attachment":[{"href":"http:\/\/www.letourismeaparis.fr\/index.php\/wp-json\/wp\/v2\/media?parent=18259"}],"wp:term":[{"taxonomy":"category","embeddable":true,"href":"http:\/\/www.letourismeaparis.fr\/index.php\/wp-json\/wp\/v2\/categories?post=18259"},{"taxonomy":"post_tag","embeddable":true,"href":"http:\/\/www.letourismeaparis.fr\/index.php\/wp-json\/wp\/v2\/tags?post=18259"}],"curies":[{"name":"wp","href":"https:\/\/api.w.org\/{rel}","templated":true}]}}