{"id":18280,"date":"2016-05-27T11:23:28","date_gmt":"2016-05-27T10:23:28","guid":{"rendered":"http:\/\/www.letourismeaparis.fr\/?p=18280"},"modified":"2016-05-27T11:23:28","modified_gmt":"2016-05-27T10:23:28","slug":"offenbach-a-la-mairie-du-13e-le-31-mai-a-19h-gratuit","status":"publish","type":"post","link":"http:\/\/www.letourismeaparis.fr\/index.php\/2016\/05\/27\/offenbach-a-la-mairie-du-13e-le-31-mai-a-19h-gratuit\/","title":{"rendered":"Offenbach \u00e0 la Mairie du 13e, le 31 mai \u00e0 19h30 (gratuit)"},"content":{"rendered":"<p><strong>Le Conservatoire Maurice Ravel vous invite au concert !<\/strong><strong>\u00a0<\/strong><br \/>\n<strong>La classe de chant d&rsquo;Isabelle Guillaud du Conservatoire du 13e interpr\u00e8te des extraits des plus c\u00e9l\u00e8bres morceaux d&rsquo;Offenbach, d&rsquo;Orph\u00e9e aux Enfers \u00e0 La Fille du Tambour-Major, de La Belle H\u00e9l\u00e8ne \u00e0 La Vie Parisienne, de Pomme d&rsquo;Api \u00e0 Barbe Bleue en passant par La Grande-Duchesse de G\u00e9rolstein et Les Contes d&rsquo;Hoffmann.<\/strong><!--more--><br \/>\n<strong>\u00a0<\/strong><strong>Concert dans la salle des f\u00eates de la Mairie du 13e, gratuit et ouvert \u00e0 tous dans la limite des places disponibles<\/strong><br \/>\n<strong>.1, place d&rsquo;Italie<br \/>\n75013 PARIS<\/strong><\/p>\n","protected":false},"excerpt":{"rendered":"<p>Le Conservatoire Maurice Ravel vous invite au concert !\u00a0 La classe de chant d&rsquo;Isabelle Guillaud du Conservatoire du 13e interpr\u00e8te des extraits des plus c\u00e9l\u00e8bres morceaux d&rsquo;Offenbach, d&rsquo;Orph\u00e9e aux Enfers \u00e0 La Fille du Tambour-Major, de La Belle H\u00e9l\u00e8ne \u00e0&#8230;<\/p>\n","protected":false},"author":2,"featured_media":0,"comment_status":"open","ping_status":"open","sticky":false,"template":"","format":"standard","meta":{"ngg_post_thumbnail":0,"jetpack_post_was_ever_published":false,"_jetpack_newsletter_access":"","footnotes":""},"categories":[11,39],"tags":[],"class_list":["post-18280","post","type-post","status-publish","format-standard","hentry","category-bon-plan","category-musique"],"jetpack_featured_media_url":"","jetpack-related-posts":[{"id":10605,"url":"http:\/\/www.letourismeaparis.fr\/index.php\/2011\/06\/21\/la-semaine-italienne-dans-le-13-eme-fete-les-150-ans-de-lunite-italienne-ateliers-tables-rondes-concerts\/","url_meta":{"origin":18280,"position":0},"title":"La semaine italienne dans le 13 \u00e8me f\u00eate les 150 ans de l&#039;unit\u00e9 italienne: ateliers, tables rondes, concerts..","author":"Fabienne TM","date":"21 juin 2011","format":false,"excerpt":"Mercredi 22 juin 2011 Contes italiens d\u2019apr\u00e8s Italo Calvino \u00c0 partir de 6 ans et pour tous publics (spectacle en fran\u00e7ais) 15h30 et 20h30, Salle des f\u00eates de la Mairie du 13e Atelier d\u2019art plastique De 10h \u00e0 12h, Mairie du 13e Ateliers \u2013 illustrations Ateliers pour enfants 15h, Stand\u2026","rel":"","context":"Dans &quot;Non class\u00e9&quot;","block_context":{"text":"Non class\u00e9","link":"http:\/\/www.letourismeaparis.fr\/index.php\/category\/non-classe\/"},"img":{"alt_text":"","src":"","width":0,"height":0},"classes":[]},{"id":19658,"url":"http:\/\/www.letourismeaparis.fr\/index.php\/2017\/04\/06\/force-noire-dans-tout-le-13e-du-13-au-28-avril\/","url_meta":{"origin":18280,"position":1},"title":"FORCE NOIRE Dans tout le 13e du 13 au 28 avril","author":"Fabienne TM","date":"6 avril 2017","format":false,"excerpt":"\u00a0 Dans le cadre du Centenaire de la Guerre 14-18 : la Mairie du 13e et ses partenaires pr\u00e9sentent une s\u00e9rie d\u2019\u00e9v\u00e9nements culturels comm\u00e9morant le r\u00f4le de ceux que l\u2019on a appel\u00e9 les \u00ab tirailleurs s\u00e9n\u00e9galais \u00bb.\u00a0 Exposition Caravane de la m\u00e9moire : les tirailleurs s\u00e9n\u00e9galais avant, pendant et apr\u00e8s\u2026","rel":"","context":"Dans &quot;Cultures du Monde&quot;","block_context":{"text":"Cultures du Monde","link":"http:\/\/www.letourismeaparis.fr\/index.php\/category\/culture\/musees-expositions\/cultures-du-monde\/"},"img":{"alt_text":"","src":"https:\/\/i0.wp.com\/www.letourismeaparis.fr\/wp-content\/uploads\/2017\/04\/unnamed-1-212x300.jpg?resize=350%2C200","width":350,"height":200},"classes":[]},{"id":11452,"url":"http:\/\/www.letourismeaparis.fr\/index.php\/2012\/01\/20\/nouvel-an-chinois\/","url_meta":{"origin":18280,"position":2},"title":"Nouvel an chinois","author":"Fabienne TM","date":"20 janvier 2012","format":false,"excerpt":"A l'occasion des festivit\u00e9s du Nouvel an chinois, le 13e se met \u00e0 l'ambiance des dragons, des chants et musiques traditionnelles, des p\u00e9tards et lanternes de la Chine avec des animations jusqu'au 29 janvier, date du d\u00e9fil\u00e9 dans les rues du 13e. Vendredi 20 janvier \u00e0 partir de 17h Inauguration\u2026","rel":"","context":"Dans &quot;Non class\u00e9&quot;","block_context":{"text":"Non class\u00e9","link":"http:\/\/www.letourismeaparis.fr\/index.php\/category\/non-classe\/"},"img":{"alt_text":"","src":"","width":0,"height":0},"classes":[]},{"id":18322,"url":"http:\/\/www.letourismeaparis.fr\/index.php\/2016\/06\/14\/la-semaine-italienne-a-paris-de-la-mairie-du-13eme\/","url_meta":{"origin":18280,"position":3},"title":"La Semaine Italienne \u00e0 Paris, de la mairie du 13\u00e8me du 17 au 25 juin :  ap\u00e9ros concerts, conf\u00e9rences, tremplin musical &#8230;","author":"Fabienne TM","date":"14 juin 2016","format":false,"excerpt":"\u00a0 Du 17 au 25 juin, Parmi les moments forts, venez danser au bal napolitain de LALALA Napoli le vendredi 24 juin. Ne manquez pas non plus, le samedi 18 juin, l'incroyable soir\u00e9e italo-disco qui vous offrira la r\u00e9union in\u00e9dite d'une ic\u00f4ne originelle de l'italo-disco, Fred Ventura, et un jeune\u2026","rel":"","context":"Dans &quot;Cultures du Monde&quot;","block_context":{"text":"Cultures du Monde","link":"http:\/\/www.letourismeaparis.fr\/index.php\/category\/culture\/musees-expositions\/cultures-du-monde\/"},"img":{"alt_text":"","src":"","width":0,"height":0},"classes":[]},{"id":16160,"url":"http:\/\/www.letourismeaparis.fr\/index.php\/2015\/01\/19\/concerts-dhiver-la-mairie-du-19-eme-du-6-au-14-fevrier\/","url_meta":{"origin":18280,"position":4},"title":"Concerts  d&#039;hiver \u00e0 la mairie du 19 \u00e8me du 6 au 14 f\u00e9vrier","author":"Fabienne TM","date":"19 janvier 2015","format":false,"excerpt":"\u00a0 Du 6 au 14 f\u00e9vrier, la Mairie du 19e vous invite aux \u201cConcerts d\u2019hiver\u201d, un festival de musique classique et d\u2019art lyrique, organis\u00e9 en partenariat avec \u00ab La Fabrique \u00e0 Enchantements \u00bb. Au programme : 14 spectacles musicaux gratuits sont donn\u00e9s dans la salle des f\u00eates de la Mairie\u2026","rel":"","context":"Dans &quot;Musique&quot;","block_context":{"text":"Musique","link":"http:\/\/www.letourismeaparis.fr\/index.php\/category\/culture\/concerts-musique\/musique\/"},"img":{"alt_text":"","src":"","width":0,"height":0},"classes":[]},{"id":13935,"url":"http:\/\/www.letourismeaparis.fr\/index.php\/2013\/09\/18\/13935\/","url_meta":{"origin":18280,"position":5},"title":"La f\u00eate de la lune dans le 13 \u00e8me : 19\/ 20 \/21 septembre   des concerts et un ballet","author":"Fabienne TM","date":"18 septembre 2013","format":false,"excerpt":"La c\u00e9r\u00e9monie des illuminations des lanternes g\u00e9antes aura lieu le jeudi 19 septembre \u00e0 17h sur le parvis de la Mairie du 13e. \u00a0 Jeudi 19 septembre, \u00e0 19h Salle des f\u00eates - Mairie du 13e\u00a0,\u00a0 Concert Au Clair de La Lune Par l\u2019Orchestre Philharmonique de Shaanxi, Chine Fond\u00e9 en\u2026","rel":"","context":"Dans &quot;Cultures du Monde&quot;","block_context":{"text":"Cultures du Monde","link":"http:\/\/www.letourismeaparis.fr\/index.php\/category\/culture\/musees-expositions\/cultures-du-monde\/"},"img":{"alt_text":"","src":"https:\/\/i0.wp.com\/www.letourismeaparis.fr\/wp-content\/uploads\/2013\/09\/lune-249x300.png?resize=350%2C200","width":350,"height":200},"classes":[]}],"jetpack_sharing_enabled":true,"jetpack_likes_enabled":true,"_links":{"self":[{"href":"http:\/\/www.letourismeaparis.fr\/index.php\/wp-json\/wp\/v2\/posts\/18280","targetHints":{"allow":["GET"]}}],"collection":[{"href":"http:\/\/www.letourismeaparis.fr\/index.php\/wp-json\/wp\/v2\/posts"}],"about":[{"href":"http:\/\/www.letourismeaparis.fr\/index.php\/wp-json\/wp\/v2\/types\/post"}],"author":[{"embeddable":true,"href":"http:\/\/www.letourismeaparis.fr\/index.php\/wp-json\/wp\/v2\/users\/2"}],"replies":[{"embeddable":true,"href":"http:\/\/www.letourismeaparis.fr\/index.php\/wp-json\/wp\/v2\/comments?post=18280"}],"version-history":[{"count":0,"href":"http:\/\/www.letourismeaparis.fr\/index.php\/wp-json\/wp\/v2\/posts\/18280\/revisions"}],"wp:attachment":[{"href":"http:\/\/www.letourismeaparis.fr\/index.php\/wp-json\/wp\/v2\/media?parent=18280"}],"wp:term":[{"taxonomy":"category","embeddable":true,"href":"http:\/\/www.letourismeaparis.fr\/index.php\/wp-json\/wp\/v2\/categories?post=18280"},{"taxonomy":"post_tag","embeddable":true,"href":"http:\/\/www.letourismeaparis.fr\/index.php\/wp-json\/wp\/v2\/tags?post=18280"}],"curies":[{"name":"wp","href":"https:\/\/api.w.org\/{rel}","templated":true}]}}