{"id":18285,"date":"2016-05-27T11:45:19","date_gmt":"2016-05-27T10:45:19","guid":{"rendered":"http:\/\/www.letourismeaparis.fr\/?p=18285"},"modified":"2016-05-27T11:45:19","modified_gmt":"2016-05-27T10:45:19","slug":"entrez-dans-la-danse-fete-de-la-danse-samedi-5-juin","status":"publish","type":"post","link":"http:\/\/www.letourismeaparis.fr\/index.php\/2016\/05\/27\/entrez-dans-la-danse-fete-de-la-danse-samedi-5-juin\/","title":{"rendered":"Entrez dans la danse, F\u00eate de la danse !  Samedi 5 juin ."},"content":{"rendered":"<p>Rendez-vous le dimanche 5 juin 2016 pour la 13e \u00e9dition d\u2019 \u00ab Entrez dans la danse, F\u00eate de la danse \u00bb, une c\u00e9l\u00e9bration unique de toutes les danses !<br \/>\nVous \u00eates invit\u00e9s \u00e0 d\u00e9couvrir et pratiquer la danse sous de multiples formes dans les parcs, rues et places publiques \u00e0 l\u2019occasion d\u2019une journ\u00e9e enti\u00e8rement gratuite.<br \/>\nL\u2019\u00e9dition 2016 met l\u2019accent sur les talents de demain &#8211; interpr\u00e8tes, compagnies et chor\u00e9graphes <!--more-->en voie de professionnalisation &#8211; pour qui cet \u00e9v\u00e9nement peut \u00eatre un tremplin, vont montrer leurs pi\u00e8ces, leur permettant ainsi l\u2019ouverture de nouvelles portes, de nouveaux horizons.<br \/>\n34 compagnies vous proposent 45 spectacles, 12 ateliers et des temps d\u2019\u00e9change entre les artistes et le public. De la danse contemporaine en passant par le modern\u2019jazz, le hip hop, le waacking, le french cancan, nous finirons sur un Bal disco dont les spectateurs deviendront les h\u00e9ros !<!--more--><br \/>\n&nbsp;<br \/>\n<strong>Performing bal disco \u2013 Le bal dont vous \u00eates le h\u00e9ros<\/strong> !<br \/>\n&nbsp;<br \/>\nEntrez dans la danse recherche 10 \u00e0 20 ambassadeurs et ambassadrices pour le grand bal disco de cl\u00f4ture de l\u2019\u00e9dition 2016 : gr\u00e2ce \u00e0 la chor\u00e9graphe Marinette Dozeville vous serez form\u00e9s lors de 2 ateliers qui auront lieu le 31 mai et le 1er juin 2016. Connaissant le d\u00e9roul\u00e9 du bal, et \u00e9tant familiaris\u00e9s et complices des diff\u00e9rentes danses et enjeux du bal, ils sont l\u00e0 pour inviter, rassurer le public et \u00ab donner le pas \u00bb&#8230; Pas besoin d&rsquo;\u00eatre danseur ! Participants \u00e0 partir de 6 ans si accompagn\u00e9s.<br \/>\n&nbsp;<br \/>\nDates et horaires des ateliers : 31 mai et 1er juin 2016 de 18h30 \u00e0 21h30.<br \/>\n&nbsp;<br \/>\nLieu des ateliers : Centre Social CAF Paris Charenton &#8211; 295, rue de Charenton 75012 Paris \/ M\u00e9tro : Porte de Charenton ligne 8, ou bus 87 arr\u00eat Nicola\u00ef<br \/>\n&nbsp;<br \/>\n: Dimanche 5 juin 2016 de 18h55 \u00e0 19h40<br \/>\n&nbsp;<br \/>\n: Cour Saint-Emilion \/ Place Basse UGC<br \/>\n&nbsp;<br \/>\nInscrivez-vous vite aupr\u00e8s de Val\u00e9rie Gros-Dubois : valerie.gros-dubois@entrezdansladanse.fr en donnant vos nom, pr\u00e9nom, \u00e2ge, adresse mail et num\u00e9ro de portable.<br \/>\n&nbsp;<br \/>\n&nbsp;<br \/>\nExposition photographique Danse ta vie ! \u00e0 la Maison des Associations du 12e<br \/>\n&nbsp;<br \/>\n&nbsp;<br \/>\n&nbsp;<br \/>\nDu samedi 21 mai au vendredi 3 juin 2016<br \/>\n&nbsp;<br \/>\nMaison des Associations du 12e Arrondissement<br \/>\n&nbsp;<br \/>\n181, avenue Daumesnil<\/p>\n","protected":false},"excerpt":{"rendered":"<p>Rendez-vous le dimanche 5 juin 2016 pour la 13e \u00e9dition d\u2019 \u00ab Entrez dans la danse, F\u00eate de la danse \u00bb, une c\u00e9l\u00e9bration unique de toutes les danses ! Vous \u00eates invit\u00e9s \u00e0 d\u00e9couvrir et pratiquer la danse sous de&#8230;<\/p>\n","protected":false},"author":2,"featured_media":0,"comment_status":"open","ping_status":"open","sticky":false,"template":"","format":"standard","meta":{"ngg_post_thumbnail":0,"jetpack_post_was_ever_published":false,"_jetpack_newsletter_access":"","footnotes":""},"categories":[1],"tags":[],"class_list":["post-18285","post","type-post","status-publish","format-standard","hentry","category-non-classe"],"jetpack_featured_media_url":"","jetpack-related-posts":[{"id":17838,"url":"http:\/\/www.letourismeaparis.fr\/index.php\/2016\/01\/18\/des-concerts-gratuits-a-la-mairie-du-8eme\/","url_meta":{"origin":18285,"position":0},"title":"Des concerts gratuits \u00e0 la mairie du 8\u00e8me","author":"Fabienne TM","date":"18 janvier 2016","format":false,"excerpt":"\u25ba\u00a021 janvier 2016 \u00e0 13 h: Concert de musique de chambre des \u00e9tudiants de l'\u00a0\u00c9cole normale de Musique de Paris\u00a0. \u0152uvres de Louise Farrenc, Darius Milhaud, Alban berg et Carl Reinecke. \u25ba\u00a028 janvier 2016 :\u00a0\u00e0 13 h Les \u00e9tudiants au\u00a0CRR de Paris\u00a0, de la classe de musique de chambre de\u2026","rel":"","context":"Dans &quot;Musique&quot;","block_context":{"text":"Musique","link":"http:\/\/www.letourismeaparis.fr\/index.php\/category\/culture\/concerts-musique\/musique\/"},"img":{"alt_text":"","src":"","width":0,"height":0},"classes":[]},{"id":10408,"url":"http:\/\/www.letourismeaparis.fr\/index.php\/2011\/06\/03\/8e-edition-dentrez-dans-la-danse-de-nombreux-spectacles-gratuits-dimanche-5-juin\/","url_meta":{"origin":18285,"position":1},"title":"8e \u00e9dition d&#039;&quot;Entrez dans la danse&quot; : de nombreux spectacles gratuits , dimanche 5 juin","author":"Fabienne TM","date":"3 juin 2011","format":false,"excerpt":"\u00ab Entrez dans la danse \u00bb vous donne rendez-vous le dimanche 5 juin de 14h \u00e0 23h. Paris et notamment le quartier Bercy deviendront le cadre sc\u00e9nique de 200 artistes qui vous feront (re)d\u00e9couvrir la danse \u00e0 travers plus de 50 spectacles gratuits et 18 ateliers d'initiations. Pr\u00e9sentation de plus\u2026","rel":"","context":"Dans &quot;Non class\u00e9&quot;","block_context":{"text":"Non class\u00e9","link":"http:\/\/www.letourismeaparis.fr\/index.php\/category\/non-classe\/"},"img":{"alt_text":"","src":"","width":0,"height":0},"classes":[]},{"id":17888,"url":"http:\/\/www.letourismeaparis.fr\/index.php\/2016\/01\/29\/bal-konser-pour-les-20-ans-de-la-compagnie-dife-kako-dimanche-30-janvier\/","url_meta":{"origin":18285,"position":2},"title":"Bal Kons\u00e8r ,Pour les 20 ans de la compagnie Dif\u00e9 Kako dimanche 30 janvier","author":"Fabienne TM","date":"29 janvier 2016","format":false,"excerpt":"\u00a0 \u00a0 Des cr\u00e9ations contemporaines puis\u00e9es aux racines du zouk antillais Samedi 30 janvier \u00e0 partir de 17h, venez danser au rythme des cr\u00e9ations originales de la compagnie Dif\u00e9 Kako dans la salle des f\u00eates de la Mairie du 13e. La compagnie Dif\u00e9 Kako, dont la directrice artistique, Chantal Lo\u00efal\u2026","rel":"","context":"Dans &quot;Cultures du Monde&quot;","block_context":{"text":"Cultures du Monde","link":"http:\/\/www.letourismeaparis.fr\/index.php\/category\/culture\/musees-expositions\/cultures-du-monde\/"},"img":{"alt_text":"","src":"https:\/\/i0.wp.com\/www.letourismeaparis.fr\/wp-content\/uploads\/2016\/01\/KONSER-300x244.png?resize=350%2C200","width":350,"height":200},"classes":[]},{"id":16754,"url":"http:\/\/www.letourismeaparis.fr\/index.php\/2015\/05\/29\/fete-de-la-cite-internationale-universitaire-les-29-30-et-31-mai\/","url_meta":{"origin":18285,"position":3},"title":"F\u00eate de la cit\u00e9 internationale universitaire  les 29, 30 et 31 mai","author":"Fabienne TM","date":"29 mai 2015","format":false,"excerpt":"Vendredi 29 mai Maison des \u00e9tudiants arm\u00e9niens 11h \u00e0 18h\u00a0:Portes ouvertes: exposition de r\u00e9sidents et exposition de photographies la Librairie orientale Samu\u00e9lian. 19h30 Inauguration d\u2019un vitrail comm\u00e9moratif. de la Cit\u00e9. Fondation des \u00c9tats-Unis 15h Danse contemporaine suivie d\u2019une discussion avec Gwen Rakotovao. 20h\u00a0Concert solo du pianiste franco-americanoserbe Ivan Ilic.\u00a0 Maison\u2026","rel":"","context":"Dans &quot;Non class\u00e9&quot;","block_context":{"text":"Non class\u00e9","link":"http:\/\/www.letourismeaparis.fr\/index.php\/category\/non-classe\/"},"img":{"alt_text":"","src":"","width":0,"height":0},"classes":[]},{"id":16270,"url":"http:\/\/www.letourismeaparis.fr\/index.php\/2015\/02\/05\/dansez-lelephant-paname-en-fevrier\/","url_meta":{"origin":18285,"position":4},"title":"Dansez comme Beyonc\u00e9  \u00e0 &quot;l&#039;\u00e9l\u00e9phant Paname&quot; en F\u00e9vrier","author":"Fabienne TM","date":"5 f\u00e9vrier 2015","format":false,"excerpt":"DIMANCHE 8 F\u00c9VRIER DE 14H00 \u00c0 16H00 DANSER COMME BEYONC\u00c9\u00a0 Qui n\u2019a jamais bondi de son canap\u00e9 en entendant les premiers oh oh oh !, oh oh oh !, de Single Ladies ? Devenez d\u00e9sormais les reines de la chor\u00e9graphie R&B et \u00e9patez tous vos amis gr\u00e2ce au Centre de\u2026","rel":"","context":"Dans &quot;Danse&quot;","block_context":{"text":"Danse","link":"http:\/\/www.letourismeaparis.fr\/index.php\/category\/spectacle\/danse\/"},"img":{"alt_text":"","src":"","width":0,"height":0},"classes":[]},{"id":21064,"url":"http:\/\/www.letourismeaparis.fr\/index.php\/2018\/06\/04\/la-nuit-du-handicap-levenement-du-9-juin\/","url_meta":{"origin":18285,"position":5},"title":"La Nuit du handicap, l&#039;\u00e9v\u00e9nement du 9 juin","author":"Fabienne TM","date":"4 juin 2018","format":false,"excerpt":"Le samedi 9 juin 2018, vous \u00eates invit\u00e9s par des personnes porteuses de handicap \u00e0 passer une soir\u00e9e festive et conviviale, pour faire des rencontres hors du commun ! Au programme : Ap\u00e9ro, musiques, spectacles, t\u00e9moignages, films\u2026 Les personnes handicap\u00e9es r\u00e9v\u00e8leront leurs talents ! La nuit du handicap c\u2019est :\u2026","rel":"","context":"Dans &quot;Oeuvres-Caritatives&quot;","block_context":{"text":"Oeuvres-Caritatives","link":"http:\/\/www.letourismeaparis.fr\/index.php\/category\/bonnes-oeuvres\/"},"img":{"alt_text":"","src":"","width":0,"height":0},"classes":[]}],"jetpack_sharing_enabled":true,"jetpack_likes_enabled":true,"_links":{"self":[{"href":"http:\/\/www.letourismeaparis.fr\/index.php\/wp-json\/wp\/v2\/posts\/18285","targetHints":{"allow":["GET"]}}],"collection":[{"href":"http:\/\/www.letourismeaparis.fr\/index.php\/wp-json\/wp\/v2\/posts"}],"about":[{"href":"http:\/\/www.letourismeaparis.fr\/index.php\/wp-json\/wp\/v2\/types\/post"}],"author":[{"embeddable":true,"href":"http:\/\/www.letourismeaparis.fr\/index.php\/wp-json\/wp\/v2\/users\/2"}],"replies":[{"embeddable":true,"href":"http:\/\/www.letourismeaparis.fr\/index.php\/wp-json\/wp\/v2\/comments?post=18285"}],"version-history":[{"count":0,"href":"http:\/\/www.letourismeaparis.fr\/index.php\/wp-json\/wp\/v2\/posts\/18285\/revisions"}],"wp:attachment":[{"href":"http:\/\/www.letourismeaparis.fr\/index.php\/wp-json\/wp\/v2\/media?parent=18285"}],"wp:term":[{"taxonomy":"category","embeddable":true,"href":"http:\/\/www.letourismeaparis.fr\/index.php\/wp-json\/wp\/v2\/categories?post=18285"},{"taxonomy":"post_tag","embeddable":true,"href":"http:\/\/www.letourismeaparis.fr\/index.php\/wp-json\/wp\/v2\/tags?post=18285"}],"curies":[{"name":"wp","href":"https:\/\/api.w.org\/{rel}","templated":true}]}}