{"id":18287,"date":"2016-05-27T22:00:44","date_gmt":"2016-05-27T21:00:44","guid":{"rendered":"http:\/\/www.letourismeaparis.fr\/?p=18287"},"modified":"2016-05-27T22:00:44","modified_gmt":"2016-05-27T21:00:44","slug":"festival-opera-cote-cour-a-bercy-village","status":"publish","type":"post","link":"http:\/\/www.letourismeaparis.fr\/index.php\/2016\/05\/27\/festival-opera-cote-cour-a-bercy-village\/","title":{"rendered":"Festival Op\u00e9ra c\u00f4t\u00e9 Cour \u00e0 Bercy Village"},"content":{"rendered":"<p>&nbsp;<br \/>\nSp\u00e9cial Paris\u00a0Les dimanches de juin et septembre 2016<br \/>\n&nbsp;<br \/>\nDates des concerts : Dimanches 12, 19 juin et 26 juin et 4, 11, 18 et 25 septembre 2016, deux repr\u00e9sentations \u00e0 15h30 et \u00e0 17h. Spectacles gratuits et en plein air. Sc\u00e8ne de Bercy Village, Cour SaintEmilion. En face de la FNAC. BERCY VILLAGE. Cour Saint-Emilion. 75012 Paris. Renseignements au 0825 166 075 (0,15\u20ac\/min). M\u00c9TRO : Ligne 14 \u2013 Cour Saint-Emilion. A 10 minutes de Madeleine <a href=\"http:\/\/www.bercyvillage.com\">www.bercyvillage.com<\/a>\u00a0<!--more--><br \/>\nAu programme cette ann\u00e9e, sept spectacles d\u2019op\u00e9ra enti\u00e8rement gratuits et en plein air d\u00e9di\u00e9s \u00e0 la Ville Lumi\u00e8re ! Du French Cancan \u00e0 l\u2019op\u00e9rette truculente d\u2019Offenbach, le plus parisien des compositeurs, en passant par le Paris de la Belle Epoque ou des ann\u00e9es Folles et bien d\u2019autres surprises pour red\u00e9couvrir la capitale en musique sous le ciel de Bercy Village. Un festival pour tous les amoureux de Paris et d\u2019op\u00e9ra, \u00e0 savourer sous toutes ses formes, dans une ambiance festive et conviviale ! De quoi passer un dimanche en plein air au c\u0153ur de Paris, entre musique, shopping et pause gourmande en terrasse. Programmation compl\u00e8te \u00e0 venir !<br \/>\n&nbsp;<br \/>\n&nbsp;<br \/>\n&nbsp;<\/p>\n","protected":false},"excerpt":{"rendered":"<p>&nbsp; Sp\u00e9cial Paris\u00a0Les dimanches de juin et septembre 2016 &nbsp; Dates des concerts : Dimanches 12, 19 juin et 26 juin et 4, 11, 18 et 25 septembre 2016, deux repr\u00e9sentations \u00e0 15h30 et \u00e0 17h. Spectacles gratuits et en&#8230;<\/p>\n","protected":false},"author":2,"featured_media":0,"comment_status":"open","ping_status":"open","sticky":false,"template":"","format":"standard","meta":{"ngg_post_thumbnail":0,"jetpack_post_was_ever_published":false,"_jetpack_newsletter_access":"","footnotes":""},"categories":[1],"tags":[],"class_list":["post-18287","post","type-post","status-publish","format-standard","hentry","category-non-classe"],"jetpack_featured_media_url":"","jetpack-related-posts":[{"id":18075,"url":"http:\/\/www.letourismeaparis.fr\/index.php\/2016\/03\/26\/5-eme-edition-du-festival-opera-cote-cour-a-bercy-village\/","url_meta":{"origin":18287,"position":0},"title":"5 \u00e8me \u00e9dition du festival  Op\u00e9ra c\u00f4t\u00e9 Cour \u00e0 Bercy Village","author":"Fabienne TM","date":"26 mars 2016","format":false,"excerpt":"Sp\u00e9cial Paris :\u00a0Les dimanches de juin et septembre 2016 Spectacles gratuits et en plein air Ancien march\u00e9 vinicole, Bercy Village, situ\u00e9 dans le 12e arrondissement, est un lieu r\u00e9solument atypique \u00e0 Paris, et une v\u00e9ritable destination touristique. Avec ses 40 enseignes toutes destin\u00e9es \u00e0 l\u2019art de vivre, \u00e0 la gourmandise\u2026","rel":"","context":"Dans &quot;Non class\u00e9&quot;","block_context":{"text":"Non class\u00e9","link":"http:\/\/www.letourismeaparis.fr\/index.php\/category\/non-classe\/"},"img":{"alt_text":"","src":"","width":0,"height":0},"classes":[]},{"id":16844,"url":"http:\/\/www.letourismeaparis.fr\/index.php\/2015\/06\/30\/le-festival-opera-cote-cour-a-bercy-village-dimanche-14-28-juin-et-5-juillet-2015\/","url_meta":{"origin":18287,"position":1},"title":"Le festival Op\u00e9ra c\u00f4t\u00e9 Cour \u00e0 Bercy Village !  Dimanche  5 juillet 2015  &#8230;..","author":"Fabienne TM","date":"30 juin 2015","format":false,"excerpt":"\u2014 Spectacles gratuits et en plein air\u2014 Op\u00e9ra c\u00f4t\u00e9 Cour : Les plus grands airs d\u2019op\u00e9ra, Cie Etoile du Jour Grande nouveaut\u00e9 de cette \u00e9dition,les spectateurs sont appel\u00e9s \u00e0 se pr\u00eater \u00e0 l\u2019exercice du chant lyrique, \u00e0 travers un atelier de pratique et la r\u00e9p\u00e9tition d\u2019airs avec les chanteurs \u00e0\u2026","rel":"","context":"Dans &quot;Familles&quot;","block_context":{"text":"Familles","link":"http:\/\/www.letourismeaparis.fr\/index.php\/category\/familles\/"},"img":{"alt_text":"","src":"","width":0,"height":0},"classes":[]},{"id":20033,"url":"http:\/\/www.letourismeaparis.fr\/index.php\/2017\/06\/24\/20033-2\/","url_meta":{"origin":18287,"position":2},"title":"BERCY VILLAGE PREND DES AIRS\u2026","author":"Fabienne TM","date":"24 juin 2017","format":false,"excerpt":"BERCY VILLAGE PREND DES AIRS D\u2019OP\u00c9RA Le festival Op\u00e9ra C\u00f4t\u00e9 Cour revient pour sa 6\u00e8me \u00e9dition, tous les dimanches de juin et de septembre, animer la cour pav\u00e9e de Bercy Village. Avec son concept unique de spectacles courts et surprenants d\u00e9velopp\u00e9s en partenariat avec l\u2019association Autres Voix - association ayant\u2026","rel":"","context":"Dans &quot;Musique&quot;","block_context":{"text":"Musique","link":"http:\/\/www.letourismeaparis.fr\/index.php\/category\/culture\/concerts-musique\/musique\/"},"img":{"alt_text":"","src":"","width":0,"height":0},"classes":[]},{"id":18374,"url":"http:\/\/www.letourismeaparis.fr\/index.php\/2016\/06\/10\/opera-cote-cour-a-bercy-villages-des-spectacles-gratuits-le-dimanche-a-partir-du-12-juin\/","url_meta":{"origin":18287,"position":3},"title":"&quot;Op\u00e9ra cot\u00e9 cour&quot; \u00e0 Bercy village : des spectacles gratuits le dimanche \u00e0 partir du 12 juin","author":"Fabienne TM","date":"10 juin 2016","format":false,"excerpt":"le festival lyrique Op\u00e9ra c\u00f4t\u00e9 Cour, orchestr\u00e9 par Bercy Village et l\u2019association \u00ab Autres Voix \u00bb, revient pour sa 5e \u00e9dition. Rendez-vous d\u00e8s le dimanche 12 juin pour l'inauguration du festival sur la sc\u00e8ne de la Cour Saint-Emilion, puis tous les dimanches de juin et de septembre pour une \u00e9dition\u2026","rel":"","context":"Dans &quot;Familles&quot;","block_context":{"text":"Familles","link":"http:\/\/www.letourismeaparis.fr\/index.php\/category\/familles\/"},"img":{"alt_text":"","src":"","width":0,"height":0},"classes":[]},{"id":7795,"url":"http:\/\/www.letourismeaparis.fr\/index.php\/2010\/06\/08\/les-12-et-13-juin-10eme-edition-du-festival-de-loh\/","url_meta":{"origin":18287,"position":4},"title":"Les 12 et 13 juin ,10\u00e8me \u00e9dition du Festival de l\u2019Oh !","author":"Fabienne TM","date":"8 juin 2010","format":false,"excerpt":"Deux jours de festivit\u00e9s, de spectacles gratuits et de d\u00e9couvertes fluviales : Samedi : 14h-21h, dimanche : 11h-20h Ports de Paris accueille de nouveau le festival de l\u2019Oh ! Sur le port de Bercy (c\u00f4t\u00e9 12e) et sur le port de la Gare (c\u00f4t\u00e9 13e) avec la piscine Josephine Baker.\u2026","rel":"","context":"Dans &quot;Non class\u00e9&quot;","block_context":{"text":"Non class\u00e9","link":"http:\/\/www.letourismeaparis.fr\/index.php\/category\/non-classe\/"},"img":{"alt_text":"","src":"https:\/\/i0.wp.com\/www.letourismeaparis.fr\/wp-content\/uploads\/2010\/06\/festival-de-loh.jpg?resize=350%2C200","width":350,"height":200},"classes":[]},{"id":322,"url":"http:\/\/www.letourismeaparis.fr\/index.php\/2008\/09\/05\/spectacles-lyriques-les-6-et-7-septembre\/","url_meta":{"origin":18287,"position":5},"title":"Spectacles lyriques les  6  et 7 septembre","author":"Fabienne TM","date":"5 septembre 2008","format":false,"excerpt":"Samedi 6 septembre 10h30 : \u00ab Za\u00efna \u00bb Centre Commercial Italie 2, entr\u00e9e Place d\u2019Italie. (13e). M\u00e9tro Place d\u2019Italie. 15h30 : \u00ab L\u2019OVMI OP\u00e9RA \u00bb Parvis du cin\u00e9ma UGC Cin\u00e9-Cit\u00e9 Bercy, Bercy Village, Cour Saint-Emilion (12e). M\u00e9tro Cour Saint Emilion. 18h00 : \u00ab Don Quichotte \u00bb Place d\u2019Aligre (12e). M\u00e9tro\u2026","rel":"","context":"Dans &quot;Non class\u00e9&quot;","block_context":{"text":"Non class\u00e9","link":"http:\/\/www.letourismeaparis.fr\/index.php\/category\/non-classe\/"},"img":{"alt_text":"","src":"","width":0,"height":0},"classes":[]}],"jetpack_sharing_enabled":true,"jetpack_likes_enabled":true,"_links":{"self":[{"href":"http:\/\/www.letourismeaparis.fr\/index.php\/wp-json\/wp\/v2\/posts\/18287","targetHints":{"allow":["GET"]}}],"collection":[{"href":"http:\/\/www.letourismeaparis.fr\/index.php\/wp-json\/wp\/v2\/posts"}],"about":[{"href":"http:\/\/www.letourismeaparis.fr\/index.php\/wp-json\/wp\/v2\/types\/post"}],"author":[{"embeddable":true,"href":"http:\/\/www.letourismeaparis.fr\/index.php\/wp-json\/wp\/v2\/users\/2"}],"replies":[{"embeddable":true,"href":"http:\/\/www.letourismeaparis.fr\/index.php\/wp-json\/wp\/v2\/comments?post=18287"}],"version-history":[{"count":0,"href":"http:\/\/www.letourismeaparis.fr\/index.php\/wp-json\/wp\/v2\/posts\/18287\/revisions"}],"wp:attachment":[{"href":"http:\/\/www.letourismeaparis.fr\/index.php\/wp-json\/wp\/v2\/media?parent=18287"}],"wp:term":[{"taxonomy":"category","embeddable":true,"href":"http:\/\/www.letourismeaparis.fr\/index.php\/wp-json\/wp\/v2\/categories?post=18287"},{"taxonomy":"post_tag","embeddable":true,"href":"http:\/\/www.letourismeaparis.fr\/index.php\/wp-json\/wp\/v2\/tags?post=18287"}],"curies":[{"name":"wp","href":"https:\/\/api.w.org\/{rel}","templated":true}]}}