{"id":18297,"date":"2016-05-30T17:07:17","date_gmt":"2016-05-30T16:07:17","guid":{"rendered":"http:\/\/www.letourismeaparis.fr\/?p=18297"},"modified":"2016-05-30T17:07:17","modified_gmt":"2016-05-30T16:07:17","slug":"repair-days-une-operation-environnementale-et-solidaire-samedi-4-juin","status":"publish","type":"post","link":"http:\/\/www.letourismeaparis.fr\/index.php\/2016\/05\/30\/repair-days-une-operation-environnementale-et-solidaire-samedi-4-juin\/","title":{"rendered":"Repair Days, une op\u00e9ration environnementale et solidaire  samedi 4 juin."},"content":{"rendered":"<p>Samedi 4 juin prochain, un Repair Truck stationnera\u00a0sur le parvis MK2 Biblioth\u00e8que (Paris 13\u00e8me) et invitera\u00a0chacun \u00e0 y d\u00e9poser ses objets usag\u00e9s : petit<br \/>\n\u00e9lectrom\u00e9nager, jouets, textile, lampes, etc,.\u00a0Ces objets seront ensuite achemin\u00e9s vers la\u00a0\u00ab Ressourcerie \u00bb la plus proche du point de collecte,afin d\u2019\u00eatre r\u00e9par\u00e9s par les salari\u00e9s et b\u00e9n\u00e9voles de\u00a0l\u2019association.<!--more--><br \/>\nUne fois transform\u00e9s, ils seront revendus \u00e0 un prix\u00a0symbolique, et retrouveront une nouvelle vie au\u00a0b\u00e9n\u00e9fice de tous.Pour comprendre toutes les vertus de la r\u00e9paration, et<br \/>\nm\u00eame s\u2019y initier, le public pourra \u00e9galement assister \u00e0\u00a0des ateliers r\u00e9paration.<br \/>\nRendez-vous \u00e0 Paris, le 4 juin, de 11h \u00e0 19h<br \/>\ndevant le MK2 Biblioth\u00e8que, 128-162 Avenue de France, 75013 Paris<\/p>\n","protected":false},"excerpt":{"rendered":"<p>Samedi 4 juin prochain, un Repair Truck stationnera\u00a0sur le parvis MK2 Biblioth\u00e8que (Paris 13\u00e8me) et invitera\u00a0chacun \u00e0 y d\u00e9poser ses objets usag\u00e9s : petit \u00e9lectrom\u00e9nager, jouets, textile, lampes, etc,.\u00a0Ces objets seront ensuite achemin\u00e9s vers la\u00a0\u00ab Ressourcerie \u00bb la plus proche&#8230;<\/p>\n","protected":false},"author":2,"featured_media":0,"comment_status":"open","ping_status":"open","sticky":false,"template":"","format":"standard","meta":{"ngg_post_thumbnail":0,"jetpack_post_was_ever_published":false,"_jetpack_newsletter_access":"","footnotes":""},"categories":[1],"tags":[],"class_list":["post-18297","post","type-post","status-publish","format-standard","hentry","category-non-classe"],"jetpack_featured_media_url":"","jetpack-related-posts":[{"id":13573,"url":"http:\/\/www.letourismeaparis.fr\/index.php\/2013\/07\/07\/le-festival-paris-cinema-2013\/","url_meta":{"origin":18297,"position":0},"title":"Festival  Paris Cin\u00e9ma  jusqu&#039;au 9 juillet","author":"Fabienne TM","date":"7 juillet 2013","format":false,"excerpt":"Plus de 200 films seront projet\u00e9s , dont de nombreux in\u00e9dits. Le Festival Paris Cin\u00e9ma proposera des avant-premi\u00e8res , une comp\u00e9tition internationale de longs m\u00e9trages, des films rares ou inattendus, et des rencontres avec des personnalit\u00e9s\u00a0 du cin\u00e9ma. Ouverture du festival : C\u2019est arriv\u00e9 pr\u00e8s de chez vous Vendredi 28\u2026","rel":"","context":"Dans &quot;Cin\u00e9ma&quot;","block_context":{"text":"Cin\u00e9ma","link":"http:\/\/www.letourismeaparis.fr\/index.php\/category\/spectacle\/cinema\/"},"img":{"alt_text":"","src":"","width":0,"height":0},"classes":[]},{"id":3527,"url":"http:\/\/www.letourismeaparis.fr\/index.php\/2009\/07\/04\/festival-paris-cinema\/","url_meta":{"origin":18297,"position":1},"title":"Festival Paris Cin\u00e9ma","author":"Fabienne TM","date":"4 juillet 2009","format":false,"excerpt":"Cette ann\u00e9e la premi\u00e8re \"Nuit du Cin\u00e9ma\".\u00a0 le Palais de Tokyo propose, dans la nuit du samedi 4 au dimanche 5 juillet, une \"installation\" in\u00e9dite pour plonger dans les abysses d\u2019une nuit noire et sans fin\u2026 De 21h \u00e0 minuit sera projet\u00e9 sur une fenetre du Palais de Tokyo \"L\u2019Odyss\u00e9e\u2026","rel":"","context":"Dans &quot;Non class\u00e9&quot;","block_context":{"text":"Non class\u00e9","link":"http:\/\/www.letourismeaparis.fr\/index.php\/category\/non-classe\/"},"img":{"alt_text":"","src":"","width":0,"height":0},"classes":[]},{"id":3440,"url":"http:\/\/www.letourismeaparis.fr\/index.php\/2009\/07\/01\/festival-paris-cinema-214-juillet\/","url_meta":{"origin":18297,"position":2},"title":"Festival Paris Cin\u00e9ma 2\/14 juillet","author":"Fabienne TM","date":"1 juillet 2009","format":false,"excerpt":"La Viaccia de Mauro Bolognini, en copie neuve le 3 juillet \u00e0 20h au Grand Action.- Projection de Goodbye, Dragon Inn\u00a0 le 5 juillet \u00e0 20h30 \u00e0 l'Auditorium du Louvre de Tsa\u00ef Ming-liang....- Projection du film Les Climats le samedi 4 juillet \u00e0 19h au MK2 Biblioth\u00e8que. - Projection de\u2026","rel":"","context":"Dans &quot;Non class\u00e9&quot;","block_context":{"text":"Non class\u00e9","link":"http:\/\/www.letourismeaparis.fr\/index.php\/category\/non-classe\/"},"img":{"alt_text":"","src":"","width":0,"height":0},"classes":[]},{"id":6310,"url":"http:\/\/www.letourismeaparis.fr\/index.php\/2010\/01\/30\/avatar-en-3d-numerique-a-paris\/","url_meta":{"origin":18297,"position":3},"title":"AVATAR en  3D, num\u00e9rique \u00e0 Paris","author":"Fabienne TM","date":"30 janvier 2010","format":false,"excerpt":"MK2 Od\u00e9on\u00a0 113, bd Saint-Germain 75006 Paris Max Linder Panorama 24, bd Poissonniere 75009 Paris Bretagne 73, bd du Montparnasse 75006 Paris Gaumont Gobelins 58, av. des Gobelins 75013 Paris Gaumont Op\u00e9ra 2, bd des Capucines 75009 Paris Gaumont Nation 133, bd Diderot 75012 Paris MK2 Biblioth\u00e8que 128-162 avenue de\u2026","rel":"","context":"Dans &quot;Non class\u00e9&quot;","block_context":{"text":"Non class\u00e9","link":"http:\/\/www.letourismeaparis.fr\/index.php\/category\/non-classe\/"},"img":{"alt_text":"","src":"","width":0,"height":0},"classes":[]},{"id":11716,"url":"http:\/\/www.letourismeaparis.fr\/index.php\/2012\/05\/30\/le-nouveau-quartier-latin-du-13e-vous-attend-pour-de-nombreuses-manifestations\/","url_meta":{"origin":18297,"position":4},"title":"Le &quot;nouveau quartier latin du 13e&quot; vous attend pour de nombreuses manifestations","author":"Fabienne TM","date":"30 mai 2012","format":false,"excerpt":"de grandes institutions install\u00e9es dans le \"nouveau quartier latin du 13e\"vous ouvrent leurs portes : animations, conf\u00e9rences, performances artistiques, lieux insolites, fanfares et visites guid\u00e9es... jeudi 31 mai jusqu\u2019\u00e0 20 heures [BnF] Journ\u00e9e portes ouvertes avec acc\u00e8s libre aux expositions, \u00e0 la biblioth\u00e8que d\u2019\u00e9tude, au belv\u00e9d\u00e8re et visites de la\u2026","rel":"","context":"Dans &quot;Non class\u00e9&quot;","block_context":{"text":"Non class\u00e9","link":"http:\/\/www.letourismeaparis.fr\/index.php\/category\/non-classe\/"},"img":{"alt_text":"","src":"","width":0,"height":0},"classes":[]},{"id":10689,"url":"http:\/\/www.letourismeaparis.fr\/index.php\/2011\/07\/07\/du-3-au-13-juillet-2011-festival-paris-cinema\/","url_meta":{"origin":18297,"position":5},"title":"Festival Paris Cin\u00e9ma jusqu&#039;au 13 juillet","author":"Fabienne TM","date":"7 juillet 2011","format":false,"excerpt":"Le Festival Paris Cin\u00e9ma propose des avant-premi\u00e8res prestigieuses, une comp\u00e9tition internationale de longs m\u00e9trages, des films rares ou inattendus, et des rencontres avec des personnalit\u00e9s marquantes du cin\u00e9ma. Le Mexique\u00a0 est \u00e0 l\u2019honneur ; Hommages et r\u00e9trospectives .... Hommage \u00e0 Isabella Rossellini Michael Lonsdale Gael Garc\u00eda Bernal Dans le cadre\u2026","rel":"","context":"Dans &quot;Non class\u00e9&quot;","block_context":{"text":"Non class\u00e9","link":"http:\/\/www.letourismeaparis.fr\/index.php\/category\/non-classe\/"},"img":{"alt_text":"","src":"","width":0,"height":0},"classes":[]}],"jetpack_sharing_enabled":true,"jetpack_likes_enabled":true,"_links":{"self":[{"href":"http:\/\/www.letourismeaparis.fr\/index.php\/wp-json\/wp\/v2\/posts\/18297","targetHints":{"allow":["GET"]}}],"collection":[{"href":"http:\/\/www.letourismeaparis.fr\/index.php\/wp-json\/wp\/v2\/posts"}],"about":[{"href":"http:\/\/www.letourismeaparis.fr\/index.php\/wp-json\/wp\/v2\/types\/post"}],"author":[{"embeddable":true,"href":"http:\/\/www.letourismeaparis.fr\/index.php\/wp-json\/wp\/v2\/users\/2"}],"replies":[{"embeddable":true,"href":"http:\/\/www.letourismeaparis.fr\/index.php\/wp-json\/wp\/v2\/comments?post=18297"}],"version-history":[{"count":0,"href":"http:\/\/www.letourismeaparis.fr\/index.php\/wp-json\/wp\/v2\/posts\/18297\/revisions"}],"wp:attachment":[{"href":"http:\/\/www.letourismeaparis.fr\/index.php\/wp-json\/wp\/v2\/media?parent=18297"}],"wp:term":[{"taxonomy":"category","embeddable":true,"href":"http:\/\/www.letourismeaparis.fr\/index.php\/wp-json\/wp\/v2\/categories?post=18297"},{"taxonomy":"post_tag","embeddable":true,"href":"http:\/\/www.letourismeaparis.fr\/index.php\/wp-json\/wp\/v2\/tags?post=18297"}],"curies":[{"name":"wp","href":"https:\/\/api.w.org\/{rel}","templated":true}]}}