{"id":18329,"date":"2018-01-27T16:10:32","date_gmt":"2018-01-27T15:10:32","guid":{"rendered":"http:\/\/www.letourismeaparis.fr\/?p=18329"},"modified":"2018-01-27T16:10:32","modified_gmt":"2018-01-27T15:10:32","slug":"qui-est-donc-ce-zouave-du-pont-de-lalma-un-petit-sourire","status":"publish","type":"post","link":"http:\/\/www.letourismeaparis.fr\/index.php\/2018\/01\/27\/qui-est-donc-ce-zouave-du-pont-de-lalma-un-petit-sourire\/","title":{"rendered":"Qui est donc ce zouave du Pont de l&#039;Alma ? un petit sourire ?"},"content":{"rendered":"<p>Il \u00e9voque la victoire franco-anglaise sur les Russes \u00e0 Alma en Crim\u00e9e &nbsp;en 1854. Le 3\u00e8me r\u00e9giment des Zouaves avait r\u00e9ussi \u00e0 prendre les canons de l&rsquo;ennemi.<br \/>\nC&rsquo;est une statue en pierre de <strong>Georges Diebolt.<\/strong><a href=\"http:\/\/www.letourismeaparis.fr\/wp-content\/uploads\/2016\/06\/zouave.jpg\"><img loading=\"lazy\" decoding=\"async\" class=\"aligncenter size-medium wp-image-18334\" src=\"http:\/\/www.letourismeaparis.fr\/wp-content\/uploads\/2016\/06\/zouave-169x300.jpg\" alt=\"zouave\" width=\"169\" height=\"300\"><\/a><br \/>\n(photo FTM)<br \/>\nLe pr\u00e9c\u00e9dent pont, remplac\u00e9 en1974, \u00e9tait orn\u00e9 de statues repr\u00e9sentant des soldats des 4 arm\u00e9es qui particip\u00e8rent \u00e0 la Bataille. On conserva en 1974 , pour le pont &nbsp;m\u00e9tallique \u00e0 une seule pile, le Zouave de Diebolt.<!--more--><br \/>\nles autres repr\u00e9sentaient un artilleur et un chasseur par Arnaud; un grenadier par Diebolt..<\/p>\n","protected":false},"excerpt":{"rendered":"<p>Il \u00e9voque la victoire franco-anglaise sur les Russes \u00e0 Alma en Crim\u00e9e &nbsp;en 1854. Le 3\u00e8me r\u00e9giment des Zouaves avait r\u00e9ussi \u00e0 prendre les canons de l&rsquo;ennemi. C&rsquo;est une statue en pierre de Georges Diebolt. (photo FTM) Le pr\u00e9c\u00e9dent pont,&#8230;<\/p>\n","protected":false},"author":2,"featured_media":0,"comment_status":"open","ping_status":"open","sticky":false,"template":"","format":"standard","meta":{"ngg_post_thumbnail":0,"jetpack_post_was_ever_published":false,"_jetpack_newsletter_access":"","footnotes":""},"categories":[2],"tags":[],"class_list":["post-18329","post","type-post","status-publish","format-standard","hentry","category-actualite"],"jetpack_featured_media_url":"","jetpack-related-posts":[{"id":15431,"url":"http:\/\/www.letourismeaparis.fr\/index.php\/2014\/07\/12\/dimanche-13-juillet-partir-de-8h30-la-seine-en-musique-3000defilants-pour-une-traversee-exceptionnelle\/","url_meta":{"origin":18329,"position":0},"title":"Dimanche 13 juillet \u00e0 partir de 8h30  : la Seine en musique ,3000 d\u00e9filants pour une travers\u00e9e exceptionnelle !","author":"Fabienne TM","date":"12 juillet 2014","format":false,"excerpt":"\u00a0 \u00a0LA SEINE EN MUSIQUE\u00a0 Travers\u00e9e exceptionnelle de 3000 d\u00e9filants du 14 juillet et 2 grands orchestres de la Brigade des Sapeurs-Pompiers de Paris\u00a0 Dimanche 13 juillet, \u00e0 partir de 8h30, la Compagnie des Bateaux-Mouches \u2013 Pont de l\u2019Alma accueillera 3000 d\u00e9filants pour une travers\u00e9e exceptionnelle. 3 bateaux participeront \u00e0\u2026","rel":"","context":"Dans &quot;Familles&quot;","block_context":{"text":"Familles","link":"http:\/\/www.letourismeaparis.fr\/index.php\/category\/familles\/"},"img":{"alt_text":"","src":"","width":0,"height":0},"classes":[]},{"id":18366,"url":"http:\/\/www.letourismeaparis.fr\/index.php\/2016\/06\/10\/anatomie-dune-collection-au-palais-galliera\/","url_meta":{"origin":18329,"position":1},"title":"&quot;Anatomie d\u2019une collection &quot;au Palais Galli\u00e9ra","author":"Fabienne TM","date":"10 juin 2016","format":false,"excerpt":"De l\u2019habit de cour au bleu de chauffe, entre anonymes et c\u00e9l\u00e9brit\u00e9s, l\u2019exposition r\u00e9unit une centaine de pi\u00e8ces de v\u00eatements et accessoires issus du fonds Galliera pour revisiter la mode du XVIIIe si\u00e8cle \u00e0 nos jours. Ainsi, parmi tous les corsets des r\u00e9serves du mus\u00e9e de la Mode de la\u2026","rel":"","context":"Dans &quot;Mode \/ Shopping&quot;","block_context":{"text":"Mode \/ Shopping","link":"http:\/\/www.letourismeaparis.fr\/index.php\/category\/loisirs\/mode\/"},"img":{"alt_text":"","src":"","width":0,"height":0},"classes":[]},{"id":12566,"url":"http:\/\/www.letourismeaparis.fr\/index.php\/2013\/01\/13\/les-transports-dans-paris-le-13-janvier-certaines-stations-seront-fermees-ratp-rer-les-parcours-actualises\/","url_meta":{"origin":18329,"position":2},"title":"Les transports dans Paris le 13 janvier : certaines stations seront ferm\u00e9es( ratp, rer), les parcours actualis\u00e9s.","author":"Fabienne TM","date":"13 janvier 2013","format":false,"excerpt":"M\u00e9tro Dimanche 13 janvier 2013, stations ferm\u00e9es pour manifestation dans Paris - Stations ferm\u00e9es au d\u00e9part des cort\u00e8ges : Place d'Italie (correspondances non assur\u00e9es) Porte Dauphine, et Les Gobelins \u00e0 partir 10h00 et jusqu'\u00e0 17h00 environ. - Stations ferm\u00e9es lors de la dispersion des cort\u00e8ges : Passy, Ecole Militaire et\u2026","rel":"","context":"Dans &quot;Non class\u00e9&quot;","block_context":{"text":"Non class\u00e9","link":"http:\/\/www.letourismeaparis.fr\/index.php\/category\/non-classe\/"},"img":{"alt_text":"","src":"","width":0,"height":0},"classes":[]},{"id":336,"url":"http:\/\/www.letourismeaparis.fr\/index.php\/2008\/09\/12\/visite-du-pape-messe-aux-invalides\/","url_meta":{"origin":18329,"position":3},"title":"Visite du Pape Benoit XVI ,messe aux invalides le 13\/09","author":"Fabienne TM","date":"12 septembre 2008","format":false,"excerpt":"Visite du Pape et RATP Programmez vos moyens de transport avant de vous rendre sur l'esplanade des invalides pour la messe de 10 h ,samedi 13 septembre; les stations de m\u00e9tro: Invalides, La Tour-Maubourg,Varennes et Pont de l'Alma seront ferm\u00e9es.L'esplanade sera partiellement et progressivement ouverte au cours de la nuit.\u2026","rel":"","context":"Dans &quot;Non class\u00e9&quot;","block_context":{"text":"Non class\u00e9","link":"http:\/\/www.letourismeaparis.fr\/index.php\/category\/non-classe\/"},"img":{"alt_text":"","src":"","width":0,"height":0},"classes":[]},{"id":8118,"url":"http:\/\/www.letourismeaparis.fr\/index.php\/2010\/07\/12\/le-feu-dartifice-du-14-juillet-a-paris-magnifique\/","url_meta":{"origin":18329,"position":4},"title":"Le feu d\u2019artifice du 14 juillet \u00e0 Paris  et la circulation automobile !","author":"Fabienne TM","date":"12 juillet 2010","format":false,"excerpt":"Le feu d\u2019artifice sera tir\u00e9 \u00e0 23h le 14 juillet depuis les jardins du Trocad\u00e9ro sur le th\u00e8me des couleurs de la francophonie. un voyage de 30 minutes au coeur des pays francophones. Interdictions de stationnement Du mercredi 14 \u00e0 partir de 08h au jeudi 15 juillet 01h, le stationnement\u2026","rel":"","context":"Dans &quot;Non class\u00e9&quot;","block_context":{"text":"Non class\u00e9","link":"http:\/\/www.letourismeaparis.fr\/index.php\/category\/non-classe\/"},"img":{"alt_text":"","src":"","width":0,"height":0},"classes":[]},{"id":18760,"url":"http:\/\/www.letourismeaparis.fr\/index.php\/2016\/10\/01\/participez-a-la-grande-parade-fluviale-de-la-nuit-blanche\/","url_meta":{"origin":18329,"position":5},"title":"Participez \u00e0 la grande parade fluviale de la nuit blanche","author":"Fabienne TM","date":"1 octobre 2016","format":false,"excerpt":"Un bateau origami g\u00e9ant, un bateau lumineux recouvert de n\u00e9ons, 5 \u00e9ventails monumentaux aux couleurs des anneaux olympiques, 1000 drapeaux blancs\u2026\u00a0A partir de 21h, 25 bateaux traverseront Paris. Chacun se fera l\u2019\u00e9tendard d\u2019un sport auquel Fabrice Hyber donnera vie par des sons particuliers qui \u00e9voqueront tour \u00e0 tour le bruit\u2026","rel":"","context":"Dans &quot;Non class\u00e9&quot;","block_context":{"text":"Non class\u00e9","link":"http:\/\/www.letourismeaparis.fr\/index.php\/category\/non-classe\/"},"img":{"alt_text":"","src":"","width":0,"height":0},"classes":[]}],"jetpack_sharing_enabled":true,"jetpack_likes_enabled":true,"_links":{"self":[{"href":"http:\/\/www.letourismeaparis.fr\/index.php\/wp-json\/wp\/v2\/posts\/18329","targetHints":{"allow":["GET"]}}],"collection":[{"href":"http:\/\/www.letourismeaparis.fr\/index.php\/wp-json\/wp\/v2\/posts"}],"about":[{"href":"http:\/\/www.letourismeaparis.fr\/index.php\/wp-json\/wp\/v2\/types\/post"}],"author":[{"embeddable":true,"href":"http:\/\/www.letourismeaparis.fr\/index.php\/wp-json\/wp\/v2\/users\/2"}],"replies":[{"embeddable":true,"href":"http:\/\/www.letourismeaparis.fr\/index.php\/wp-json\/wp\/v2\/comments?post=18329"}],"version-history":[{"count":0,"href":"http:\/\/www.letourismeaparis.fr\/index.php\/wp-json\/wp\/v2\/posts\/18329\/revisions"}],"wp:attachment":[{"href":"http:\/\/www.letourismeaparis.fr\/index.php\/wp-json\/wp\/v2\/media?parent=18329"}],"wp:term":[{"taxonomy":"category","embeddable":true,"href":"http:\/\/www.letourismeaparis.fr\/index.php\/wp-json\/wp\/v2\/categories?post=18329"},{"taxonomy":"post_tag","embeddable":true,"href":"http:\/\/www.letourismeaparis.fr\/index.php\/wp-json\/wp\/v2\/tags?post=18329"}],"curies":[{"name":"wp","href":"https:\/\/api.w.org\/{rel}","templated":true}]}}