{"id":18366,"date":"2016-06-10T12:21:58","date_gmt":"2016-06-10T11:21:58","guid":{"rendered":"http:\/\/www.letourismeaparis.fr\/?p=18366"},"modified":"2020-12-01T15:36:29","modified_gmt":"2020-12-01T14:36:29","slug":"anatomie-dune-collection-au-palais-galliera","status":"publish","type":"post","link":"http:\/\/www.letourismeaparis.fr\/index.php\/2016\/06\/10\/anatomie-dune-collection-au-palais-galliera\/","title":{"rendered":"&quot;Anatomie d\u2019une collection &quot;au Palais Galli\u00e9ra"},"content":{"rendered":"<p>De l\u2019habit de cour au bleu de chauffe, entre anonymes et c\u00e9l\u00e9brit\u00e9s, l\u2019exposition r\u00e9unit une centaine de pi\u00e8ces de v\u00eatements et accessoires issus du fonds Galliera pour revisiter la mode du XVIIIe si\u00e8cle \u00e0 nos jours.<a href=\"http:\/\/www.letourismeaparis.fr\/wp-content\/uploads\/2016\/06\/givenchy_robe_daudrey_hepburn.jpg\"><img loading=\"lazy\" decoding=\"async\" class=\"aligncenter size-medium wp-image-18367\" src=\"http:\/\/www.letourismeaparis.fr\/wp-content\/uploads\/2016\/06\/givenchy_robe_daudrey_hepburn-300x142.jpg\" alt=\"givenchy_robe_daudrey_hepburn\" width=\"300\" height=\"142\" \/><\/a><br \/>\nAinsi, parmi tous les corsets des r\u00e9serves du mus\u00e9e de la Mode de la ville de Paris, Anatomie d\u2019une collection pr\u00e9sente \u00a0un corset \u00a0de Marie-Antoinette et une blousesd\u2019une infirmi\u00e8re de la Premi\u00e8re Guerre Mondiale\u00a0<!--more--><br \/>\nHabit du Dauphin, gilet de Napol\u00e9on, robe de l\u2019imp\u00e9ratrice Jos\u00e9phine, veste d\u2019amazone de Cl\u00e9o de M\u00e9rode, pantalon d\u2019ouvrier, robe de George Sand, collet de Sarah Bernhardt, uniforme de zouave, salom\u00e9s de Mistinguett, habit de for\u00e7at, chapeau-chaussure de Gala, tablier de travail, tailleur d\u2019Audrey Hepburn, manteau d\u2019Elsa Schiaparelli, robe de la duchesse de Windsor, pyjama du soir de Tilda Swinton&#8230; une centaine de pi\u00e8ces avec ou sans pedigree identifient ceux qui les ont port\u00e9es.<br \/>\n&nbsp;<br \/>\n&nbsp;<br \/>\n&nbsp;<br \/>\nPalais Galliera, mus\u00e9e de la Mode de la Ville de Paris<br \/>\n10,\u00a0Avenue\u00a0Pierre-1er-de-Serbie, 75116 Paris<br \/>\nT\u00e9l : 01 56 52 86 00<br \/>\n&nbsp;<br \/>\n&nbsp;<br \/>\nDu mardi au dimanche de 10h \u00e0 18h<br \/>\nNocturne les jeudis jusqu&rsquo;\u00e0 21h<br \/>\nFerm\u00e9 les lundis et certains jours f\u00e9ri\u00e9s*<br \/>\n<strong>Dernier acc\u00e8s \u00e0 l&rsquo;exposition 45 minutes avant la fermeture du mus\u00e9e\u00a0<\/strong><\/p>\n","protected":false},"excerpt":{"rendered":"<p>De l\u2019habit de cour au bleu de chauffe, entre anonymes et c\u00e9l\u00e9brit\u00e9s, l\u2019exposition r\u00e9unit une centaine de pi\u00e8ces de v\u00eatements et accessoires issus du fonds Galliera pour revisiter la mode du XVIIIe si\u00e8cle \u00e0 nos jours. Ainsi, parmi tous les&#8230;<\/p>\n","protected":false},"author":2,"featured_media":0,"comment_status":"open","ping_status":"open","sticky":false,"template":"","format":"standard","meta":{"ngg_post_thumbnail":0,"jetpack_post_was_ever_published":false,"_jetpack_newsletter_access":"","footnotes":""},"categories":[37],"tags":[],"class_list":["post-18366","post","type-post","status-publish","format-standard","hentry","category-mode"],"jetpack_featured_media_url":"","jetpack-related-posts":[{"id":16355,"url":"http:\/\/www.letourismeaparis.fr\/index.php\/2015\/03\/07\/jeanne-lanvin-galliera-du-8-mars-au-23-aout-2015\/","url_meta":{"origin":18366,"position":0},"title":"Jeanne Lanvin \u00e0 Galli\u00e9ra   du 8 mars au 23 ao\u00fbt 2015","author":"Fabienne TM","date":"7 mars 2015","format":false,"excerpt":"Jeanne Lanvin, robe du soir (d\u00e9tail), 1935-1936. Collection Palais Galliera. Photo : \u00a9 R. Briant et L. Degr\u00e2ces \/ Galliera \/ Roger-Viollet Le Palais Galliera, c\u00e9l\u00e8bre la plus ancienne maison de couture fran\u00e7aise encore en activit\u00e9. Consacr\u00e9e \u00e0 Jeanne Lanvin (1867-1946), cette premi\u00e8re retrospective parisienne r\u00e9unit, en une centaine de\u2026","rel":"","context":"Dans &quot;Luxe&quot;","block_context":{"text":"Luxe","link":"http:\/\/www.letourismeaparis.fr\/index.php\/category\/luxe\/"},"img":{"alt_text":"","src":"","width":0,"height":0},"classes":[]},{"id":17339,"url":"http:\/\/www.letourismeaparis.fr\/index.php\/2015\/12\/02\/jusquau-20-mars-2016-le-musee-galliera-presente-la-garde-robe-de-la-comtesse-greffulhe\/","url_meta":{"origin":18366,"position":1},"title":"Jusqu\u2019au 20 mars 2016, le Mus\u00e9e Galliera pr\u00e9sente la garde-robe de la Comtesse Greffulhe.","author":"Fabienne TM","date":"2 d\u00e9cembre 2015","format":false,"excerpt":"\"la femme la plus en vue de la capitale\"\u00a0dans la premi\u00e8re moiti\u00e9 du XXe si\u00e8cle. elle fut\u00a0la muse de Proust,\u00a0et l'inspira pour le personnage d'Oriane de Guermantes dans son si c\u00e9l\u00e8bre\u00a0A la recherche du temps perdu. elle organisera notamment des \u00e9v\u00e9nements caritatifs, \u00a0 Marcel Proust affirmait dans un article de\u2026","rel":"","context":"Dans &quot;Mode \/ Shopping&quot;","block_context":{"text":"Mode \/ Shopping","link":"http:\/\/www.letourismeaparis.fr\/index.php\/category\/loisirs\/mode\/"},"img":{"alt_text":"","src":"https:\/\/i0.wp.com\/www.letourismeaparis.fr\/wp-content\/uploads\/2015\/11\/150402-la-garde-robe-de-la-comtesse-greffulhe-au-musee-galliera-225x300.jpg?resize=350%2C200","width":350,"height":200},"classes":[]},{"id":16186,"url":"http:\/\/www.letourismeaparis.fr\/index.php\/2015\/02\/21\/jeanne-lanvin-au-palais-galliera-du-8-mars-au-23-aout-2015\/","url_meta":{"origin":18366,"position":2},"title":"Jeanne Lanvin au Palais Galli\u00e9ra  du 8 mars au 23 ao\u00fbt 2015","author":"Fabienne TM","date":"21 f\u00e9vrier 2015","format":false,"excerpt":"Consacr\u00e9e \u00e0 Jeanne Lanvin (1867-1946), cette premi\u00e8re retrospective parisienne r\u00e9unit, en une centaine de mod\u00e8les, les fonds exceptionnels du Palais Galliera et du Patrimoine Lanvin. \u00ab\u00a0Mademoiselle Jeanne d\u00e9bute comme modiste en 1885. D\u00e8s 1889, elle ouvre une boutique \u00ab\u00a0Lanvin (Melle Jeanne) Modes\u00a0\u00bb au 16 rue Boissy d\u2019Anglas, avant d\u2019obtenir son\u2026","rel":"","context":"Dans &quot;Mode \/ Shopping&quot;","block_context":{"text":"Mode \/ Shopping","link":"http:\/\/www.letourismeaparis.fr\/index.php\/category\/loisirs\/mode\/"},"img":{"alt_text":"","src":"","width":0,"height":0},"classes":[]},{"id":14041,"url":"http:\/\/www.letourismeaparis.fr\/index.php\/2013\/09\/17\/retrospective-au-palais-galliera-consacree-au-couturier-azzedine-alaia\/","url_meta":{"origin":18366,"position":3},"title":"R\u00e9trospective au Palais Galli\u00e9ra consacr\u00e9e au couturier Azzedine Ala\u00efa.","author":"Fabienne TM","date":"17 septembre 2013","format":false,"excerpt":"Une magnifique exposition ! de merveilleuse cr\u00e9ations intemporelles et des mati\u00e8res extraordinaires. Arriv\u00e9 \u00e0 Paris au milieu des ann\u00e9es 50 apr\u00e8s des \u00e9tudes \u00e0 l\u2019\u00e9cole des Beaux-Arts de Tunis, Ala\u00efa est tr\u00e8s rapidement devenu le noble artisan de lui-m\u00eame, poussant \u00e0 la perfection le raffinement parisien. Son apprentissage est intimement\u2026","rel":"","context":"Dans &quot;Mode \/ Shopping&quot;","block_context":{"text":"Mode \/ Shopping","link":"http:\/\/www.letourismeaparis.fr\/index.php\/category\/loisirs\/mode\/"},"img":{"alt_text":"","src":"","width":0,"height":0},"classes":[]},{"id":8576,"url":"http:\/\/www.letourismeaparis.fr\/index.php\/2010\/09\/17\/hors-les-murs-du-musee-galliera-au-musee-dart-moderne-de-la-ville-de-paris-sonia-delaunay-1885-1979-et-natalia-gontcharova-1881-1962\/","url_meta":{"origin":18366,"position":4},"title":"Hors les murs du Mus\u00e9e Galliera au Mus\u00e9e d\u2019Art moderne de la Ville de Paris Sonia Delaunay (1885-1979) et Natalia Gontcharova (1881-1962)","author":"Fabienne TM","date":"17 septembre 2010","format":false,"excerpt":"On notera la parent\u00e9 d\u2019inspiration entre la cr\u00e9ation picturale et textile de Sonia Delaunay (1885-1979) et Natalia Gontcharova (1881-1962), deux artistes d\u2019origine russe install\u00e9es \u00e0 Paris. Cette pr\u00e9sentation est organis\u00e9e dans le cadre de l\u2019Ann\u00e9e France Russie 2010. A partir du 8 octobre. Natalia Gontcharova pour salon Myrbor .Satin de\u2026","rel":"","context":"Dans &quot;Non class\u00e9&quot;","block_context":{"text":"Non class\u00e9","link":"http:\/\/www.letourismeaparis.fr\/index.php\/category\/non-classe\/"},"img":{"alt_text":"","src":"http:\/\/www.letourismeaparis.fr\/wp-content\/uploads\/2010\/09\/galliera1.bmp","width":350,"height":200},"classes":[]},{"id":9701,"url":"http:\/\/www.letourismeaparis.fr\/index.php\/2011\/03\/22\/madame-gres-la-couture-a-loeuvre-au-musee-bourdelle\/","url_meta":{"origin":18366,"position":5},"title":"Madame Gr\u00e8s, la couture \u00e0 l&#039;oeuvre au mus\u00e9e Bourdelle","author":"Fabienne TM","date":"22 mars 2011","format":false,"excerpt":"1e r\u00e9trospective parisienne j consacr\u00e9e \u00e0 Madame Gr\u00e8s (1903-1993). Ma\u00eetre de la couture , Madame Gr\u00e8s ne cessa de r\u00e9p\u00e9ter tout au long de sa vie : \u00ab Je voulais \u00eatre sculpteur. Pour moi, c\u2019est la m\u00eame chose de travailler le tissu ou la pierre \u00bb. Sa qu\u00eate lui fit\u2026","rel":"","context":"Dans &quot;Non class\u00e9&quot;","block_context":{"text":"Non class\u00e9","link":"http:\/\/www.letourismeaparis.fr\/index.php\/category\/non-classe\/"},"img":{"alt_text":"cr\u00c3\u00a9dits : Henry Clarke \/ Galliera \/ ADAGP, Paris 2010","src":"http:\/\/www.paris.fr\/portail\/viewmultimediadocument?multimediadocument-id=94498&role=2","width":350,"height":200},"classes":[]}],"jetpack_sharing_enabled":true,"jetpack_likes_enabled":true,"_links":{"self":[{"href":"http:\/\/www.letourismeaparis.fr\/index.php\/wp-json\/wp\/v2\/posts\/18366","targetHints":{"allow":["GET"]}}],"collection":[{"href":"http:\/\/www.letourismeaparis.fr\/index.php\/wp-json\/wp\/v2\/posts"}],"about":[{"href":"http:\/\/www.letourismeaparis.fr\/index.php\/wp-json\/wp\/v2\/types\/post"}],"author":[{"embeddable":true,"href":"http:\/\/www.letourismeaparis.fr\/index.php\/wp-json\/wp\/v2\/users\/2"}],"replies":[{"embeddable":true,"href":"http:\/\/www.letourismeaparis.fr\/index.php\/wp-json\/wp\/v2\/comments?post=18366"}],"version-history":[{"count":1,"href":"http:\/\/www.letourismeaparis.fr\/index.php\/wp-json\/wp\/v2\/posts\/18366\/revisions"}],"predecessor-version":[{"id":24248,"href":"http:\/\/www.letourismeaparis.fr\/index.php\/wp-json\/wp\/v2\/posts\/18366\/revisions\/24248"}],"wp:attachment":[{"href":"http:\/\/www.letourismeaparis.fr\/index.php\/wp-json\/wp\/v2\/media?parent=18366"}],"wp:term":[{"taxonomy":"category","embeddable":true,"href":"http:\/\/www.letourismeaparis.fr\/index.php\/wp-json\/wp\/v2\/categories?post=18366"},{"taxonomy":"post_tag","embeddable":true,"href":"http:\/\/www.letourismeaparis.fr\/index.php\/wp-json\/wp\/v2\/tags?post=18366"}],"curies":[{"name":"wp","href":"https:\/\/api.w.org\/{rel}","templated":true}]}}