{"id":18374,"date":"2016-06-10T13:41:07","date_gmt":"2016-06-10T11:41:07","guid":{"rendered":"http:\/\/www.letourismeaparis.fr\/?p=18374"},"modified":"2016-06-10T13:41:07","modified_gmt":"2016-06-10T11:41:07","slug":"opera-cote-cour-a-bercy-villages-des-spectacles-gratuits-le-dimanche-a-partir-du-12-juin","status":"publish","type":"post","link":"http:\/\/www.letourismeaparis.fr\/index.php\/2016\/06\/10\/opera-cote-cour-a-bercy-villages-des-spectacles-gratuits-le-dimanche-a-partir-du-12-juin\/","title":{"rendered":"&quot;Op\u00e9ra cot\u00e9 cour&quot; \u00e0 Bercy village : des spectacles gratuits le dimanche \u00e0 partir du 12 juin"},"content":{"rendered":"<p>le festival lyrique Op\u00e9ra c\u00f4t\u00e9 Cour, orchestr\u00e9 par Bercy Village et l\u2019association \u00ab Autres Voix \u00bb, revient pour sa 5e \u00e9dition. Rendez-vous d\u00e8s le dimanche 12 juin pour l&rsquo;inauguration du festival sur la sc\u00e8ne de la Cour Saint-Emilion, puis tous les dimanches de juin et de septembre pour une \u00e9dition sous le signe de Paris et de l\u2019art de vivre \u00e0 la fran\u00e7aise, autour des plus beaux airs d\u2019op\u00e9ra !<a href=\"http:\/\/www.letourismeaparis.fr\/wp-content\/uploads\/2016\/06\/bb.png\"><img loading=\"lazy\" decoding=\"async\" class=\"aligncenter size-medium wp-image-18375\" src=\"http:\/\/www.letourismeaparis.fr\/wp-content\/uploads\/2016\/06\/bb-300x172.png\" alt=\"bb\" width=\"300\" height=\"172\" \/><\/a><br \/>\nAu programme cette ann\u00e9e, sept spectacles d\u2019op\u00e9ra enti\u00e8rement gratuits <!--more-->et en plein air d\u00e9di\u00e9s \u00e0 la Ville Lumi\u00e8re ! Un festival pour tous les amoureux de Paris et d\u2019op\u00e9ra, \u00e0 savourer sous toutes ses formes, dans une ambiance festive et conviviale. De quoi passer un dimanche en plein air au c\u0153ur de Paris, entre musique, shopping et pause gourmande en terrasse.<br \/>\nDates des concerts : Dimanches 12, 19 juin et 26 juin et 4, 11, 18 et 25 septembre 2016, deux repr\u00e9sentations \u00e0 15h30 et \u00e0 17h. Spectacles gratuits et en plein air.<br \/>\n<strong>\u00a0programme du mois de juin :\u00a0\u00a0<\/strong><br \/>\n<strong>Lever de rideau le dimanche 12 juin 2016 avec le spectacle \u00ab Paris ! \u00bb :\u00a0<\/strong><br \/>\nTrois chanteurs lyriques accompagn\u00e9s au piano nous embarquent dans un voyage \u00e0 Paris en compagnie de Massenet, Verdi, Puccini, Offenbach, Bernstein et Poulenc, avec un final par trois danseurs de French Cancan haut en couleurs !<br \/>\nAvec El\u00e9onore Lemaire (soprano), Laurent Bourdeau (baryton), Samy Camps (t\u00e9nor), Juliette Brulin (danseuse), M\u00e9lodie D\u00e9cultieux (danseuse), Maxim Campistron (danseur) et Jonas Atlan (piano).<br \/>\n<strong>Repr\u00e9sentations \u00e0 15h30 et 17h (dur\u00e9e de chaque spectacle : 45 min)<\/strong><br \/>\n<strong>Dimanche 19 juin 2016 pour d\u00e9couvrir \u00ab Le Jamjam le bonbon de bayonne \u00bb :<\/strong><br \/>\nUne satire tendre et drolatique du monde des chanteurs lyriques au 19e si\u00e8cle et de leur \u00e9go d\u00e9mesur\u00e9 ! Sur sc\u00e8ne, les cinq chanteurs et com\u00e9diens de la compagnie L\u2019Arsenal d\u2019apparitions m\u00ealent leurs voix lyriques \u00e0 l\u2019accord\u00e9on pour revisiter \u00ab Tromb-al-cazar \u00bb, chef d\u2019\u0153uvre peu connu d\u2019Offenbach, l&rsquo;inventeur de l&rsquo;op\u00e9rette.<br \/>\nAdaptation et mise en sc\u00e8ne d&rsquo;Andr\u00e9 Roche.<br \/>\nArrangements musicaux de Fr\u00e9d\u00e9ric Daverio.<br \/>\nProduction l&rsquo;Arsenal d&rsquo;apparitions compagnie de th\u00e9\u00e2tre lyrique &amp; musical<br \/>\nAvec Christophe Caul (t\u00e9nor),\u00a0 Margaux Toqu\u00e9 (soprano), Vincent Vantyghem (baryton), Eva Kovic (com\u00e9dienne-chanteuse), Andr\u00e9 Roche (com\u00e9dien) et Fr\u00e9d\u00e9ric Daverio (accord\u00e9on et jeu).<br \/>\n<strong>Repr\u00e9sentations \u00e0 15h30 et 17h (dur\u00e9e de chaque spectacle : 45 min)<\/strong><br \/>\n<strong>Derni\u00e8re halte avant l\u2019\u00e9t\u00e9, cap sur les Tropiques le dimanche 26 juin 2016 avec la compagnie Carib\u2019 ensemble :\u00a0<\/strong><br \/>\nNeuf chanteurs lyriques originaires des \u00eeles lointaines nous feront d\u00e9couvrir non pas le zouk ni la salsa, mais la musique classique des Cara\u00efbes ! Place \u00e0 des rythmes chaloup\u00e9s aux onomatop\u00e9es et aux sonorit\u00e9s in\u00e9dites lors d\u2019un \u00ab\u00a0<strong>Hommage<\/strong>\u00a0\u00bb au monde musical carib\u00e9en alliant le classique et la diversit\u00e9 !<br \/>\nAvec les chanteurs : D\u00e9borah M\u00e9n\u00e9lia Attal, Marie-Claude Bottius, Catherine Lafont, Da\u00efa Durimel, Jo\u00ebl O&rsquo;Cancha, Mowgli Laps, Jean-Luc Faraux, Ren\u00e9 Ramos, Olivier Kontogom et Amos Coulanges (guitariste)<br \/>\n<strong>Repr\u00e9sentations \u00e0 15h30 et 17h (dur\u00e9e de chaque spectacle : 40 min)<\/strong><!--more--><!--more--><\/p>\n","protected":false},"excerpt":{"rendered":"<p>le festival lyrique Op\u00e9ra c\u00f4t\u00e9 Cour, orchestr\u00e9 par Bercy Village et l\u2019association \u00ab Autres Voix \u00bb, revient pour sa 5e \u00e9dition. Rendez-vous d\u00e8s le dimanche 12 juin pour l&rsquo;inauguration du festival sur la sc\u00e8ne de la Cour Saint-Emilion, puis tous&#8230;<\/p>\n","protected":false},"author":2,"featured_media":0,"comment_status":"open","ping_status":"open","sticky":false,"template":"","format":"standard","meta":{"ngg_post_thumbnail":0,"jetpack_post_was_ever_published":false,"_jetpack_newsletter_access":"","footnotes":""},"categories":[28,39,42,47],"tags":[],"class_list":["post-18374","post","type-post","status-publish","format-standard","hentry","category-familles","category-musique","category-nature-plein-air","category-spectacle"],"jetpack_featured_media_url":"","jetpack-related-posts":[{"id":18075,"url":"http:\/\/www.letourismeaparis.fr\/index.php\/2016\/03\/26\/5-eme-edition-du-festival-opera-cote-cour-a-bercy-village\/","url_meta":{"origin":18374,"position":0},"title":"5 \u00e8me \u00e9dition du festival  Op\u00e9ra c\u00f4t\u00e9 Cour \u00e0 Bercy Village","author":"Fabienne TM","date":"26 mars 2016","format":false,"excerpt":"Sp\u00e9cial Paris :\u00a0Les dimanches de juin et septembre 2016 Spectacles gratuits et en plein air Ancien march\u00e9 vinicole, Bercy Village, situ\u00e9 dans le 12e arrondissement, est un lieu r\u00e9solument atypique \u00e0 Paris, et une v\u00e9ritable destination touristique. Avec ses 40 enseignes toutes destin\u00e9es \u00e0 l\u2019art de vivre, \u00e0 la gourmandise\u2026","rel":"","context":"Dans &quot;Non class\u00e9&quot;","block_context":{"text":"Non class\u00e9","link":"http:\/\/www.letourismeaparis.fr\/index.php\/category\/non-classe\/"},"img":{"alt_text":"","src":"","width":0,"height":0},"classes":[]},{"id":18287,"url":"http:\/\/www.letourismeaparis.fr\/index.php\/2016\/05\/27\/festival-opera-cote-cour-a-bercy-village\/","url_meta":{"origin":18374,"position":1},"title":"Festival Op\u00e9ra c\u00f4t\u00e9 Cour \u00e0 Bercy Village","author":"Fabienne TM","date":"27 mai 2016","format":false,"excerpt":"\u00a0 Sp\u00e9cial Paris\u00a0Les dimanches de juin et septembre 2016 \u00a0 Dates des concerts : Dimanches 12, 19 juin et 26 juin et 4, 11, 18 et 25 septembre 2016, deux repr\u00e9sentations \u00e0 15h30 et \u00e0 17h. Spectacles gratuits et en plein air. Sc\u00e8ne de Bercy Village, Cour SaintEmilion. En face\u2026","rel":"","context":"Dans &quot;Non class\u00e9&quot;","block_context":{"text":"Non class\u00e9","link":"http:\/\/www.letourismeaparis.fr\/index.php\/category\/non-classe\/"},"img":{"alt_text":"","src":"","width":0,"height":0},"classes":[]},{"id":16844,"url":"http:\/\/www.letourismeaparis.fr\/index.php\/2015\/06\/30\/le-festival-opera-cote-cour-a-bercy-village-dimanche-14-28-juin-et-5-juillet-2015\/","url_meta":{"origin":18374,"position":2},"title":"Le festival Op\u00e9ra c\u00f4t\u00e9 Cour \u00e0 Bercy Village !  Dimanche  5 juillet 2015  &#8230;..","author":"Fabienne TM","date":"30 juin 2015","format":false,"excerpt":"\u2014 Spectacles gratuits et en plein air\u2014 Op\u00e9ra c\u00f4t\u00e9 Cour : Les plus grands airs d\u2019op\u00e9ra, Cie Etoile du Jour Grande nouveaut\u00e9 de cette \u00e9dition,les spectateurs sont appel\u00e9s \u00e0 se pr\u00eater \u00e0 l\u2019exercice du chant lyrique, \u00e0 travers un atelier de pratique et la r\u00e9p\u00e9tition d\u2019airs avec les chanteurs \u00e0\u2026","rel":"","context":"Dans &quot;Familles&quot;","block_context":{"text":"Familles","link":"http:\/\/www.letourismeaparis.fr\/index.php\/category\/familles\/"},"img":{"alt_text":"","src":"","width":0,"height":0},"classes":[]},{"id":14881,"url":"http:\/\/www.letourismeaparis.fr\/index.php\/2014\/04\/03\/le-festival-opera-cote-cour-r-bercy-village-tous-les-dimanches-du-8-juin-au-6-juillet-et-du-7-au-28-septembre-2014\/","url_meta":{"origin":18374,"position":3},"title":"Le festival Op\u00e9ra c\u00f4t\u00e9 Cour \u00e0 Bercy Village tous les dimanches du 8 juin au 6 juillet  et du 7 au 28 septembre 2014","author":"Fabienne TM","date":"3 avril 2014","format":false,"excerpt":"Dimanche 8 juin 2014 \u00a0\u00a015h et 16h30 Les plus grands airs et duos d'op\u00e9ra \u00a0 \u00a0 \u00a0 \u00a0 \u00a0 \u00a0 \u00a0 \u00a0 \u00a0 \u00a0 \u00a0 \u00a0 \u00a0 \u00a0 \u00a0 \u00a0 \u00a0 \u00a0 \u00a0 \u00a0 \u00a0 \u00a0 \u00a0 \u00a0 \u00a0 \u00a0 \u00a0 \u00a0 \u00a0 \u00a0 \u00a0 \u00a0 \u00a0 \u00a0 \u00a0 \u00a0\u2026","rel":"","context":"Dans &quot;Familles&quot;","block_context":{"text":"Familles","link":"http:\/\/www.letourismeaparis.fr\/index.php\/category\/familles\/"},"img":{"alt_text":"","src":"","width":0,"height":0},"classes":[]},{"id":20033,"url":"http:\/\/www.letourismeaparis.fr\/index.php\/2017\/06\/24\/20033-2\/","url_meta":{"origin":18374,"position":4},"title":"BERCY VILLAGE PREND DES AIRS\u2026","author":"Fabienne TM","date":"24 juin 2017","format":false,"excerpt":"BERCY VILLAGE PREND DES AIRS D\u2019OP\u00c9RA Le festival Op\u00e9ra C\u00f4t\u00e9 Cour revient pour sa 6\u00e8me \u00e9dition, tous les dimanches de juin et de septembre, animer la cour pav\u00e9e de Bercy Village. Avec son concept unique de spectacles courts et surprenants d\u00e9velopp\u00e9s en partenariat avec l\u2019association Autres Voix - association ayant\u2026","rel":"","context":"Dans &quot;Musique&quot;","block_context":{"text":"Musique","link":"http:\/\/www.letourismeaparis.fr\/index.php\/category\/culture\/concerts-musique\/musique\/"},"img":{"alt_text":"","src":"","width":0,"height":0},"classes":[]},{"id":7795,"url":"http:\/\/www.letourismeaparis.fr\/index.php\/2010\/06\/08\/les-12-et-13-juin-10eme-edition-du-festival-de-loh\/","url_meta":{"origin":18374,"position":5},"title":"Les 12 et 13 juin ,10\u00e8me \u00e9dition du Festival de l\u2019Oh !","author":"Fabienne TM","date":"8 juin 2010","format":false,"excerpt":"Deux jours de festivit\u00e9s, de spectacles gratuits et de d\u00e9couvertes fluviales : Samedi : 14h-21h, dimanche : 11h-20h Ports de Paris accueille de nouveau le festival de l\u2019Oh ! Sur le port de Bercy (c\u00f4t\u00e9 12e) et sur le port de la Gare (c\u00f4t\u00e9 13e) avec la piscine Josephine Baker.\u2026","rel":"","context":"Dans &quot;Non class\u00e9&quot;","block_context":{"text":"Non class\u00e9","link":"http:\/\/www.letourismeaparis.fr\/index.php\/category\/non-classe\/"},"img":{"alt_text":"","src":"https:\/\/i0.wp.com\/www.letourismeaparis.fr\/wp-content\/uploads\/2010\/06\/festival-de-loh.jpg?resize=350%2C200","width":350,"height":200},"classes":[]}],"jetpack_sharing_enabled":true,"jetpack_likes_enabled":true,"_links":{"self":[{"href":"http:\/\/www.letourismeaparis.fr\/index.php\/wp-json\/wp\/v2\/posts\/18374","targetHints":{"allow":["GET"]}}],"collection":[{"href":"http:\/\/www.letourismeaparis.fr\/index.php\/wp-json\/wp\/v2\/posts"}],"about":[{"href":"http:\/\/www.letourismeaparis.fr\/index.php\/wp-json\/wp\/v2\/types\/post"}],"author":[{"embeddable":true,"href":"http:\/\/www.letourismeaparis.fr\/index.php\/wp-json\/wp\/v2\/users\/2"}],"replies":[{"embeddable":true,"href":"http:\/\/www.letourismeaparis.fr\/index.php\/wp-json\/wp\/v2\/comments?post=18374"}],"version-history":[{"count":0,"href":"http:\/\/www.letourismeaparis.fr\/index.php\/wp-json\/wp\/v2\/posts\/18374\/revisions"}],"wp:attachment":[{"href":"http:\/\/www.letourismeaparis.fr\/index.php\/wp-json\/wp\/v2\/media?parent=18374"}],"wp:term":[{"taxonomy":"category","embeddable":true,"href":"http:\/\/www.letourismeaparis.fr\/index.php\/wp-json\/wp\/v2\/categories?post=18374"},{"taxonomy":"post_tag","embeddable":true,"href":"http:\/\/www.letourismeaparis.fr\/index.php\/wp-json\/wp\/v2\/tags?post=18374"}],"curies":[{"name":"wp","href":"https:\/\/api.w.org\/{rel}","templated":true}]}}