{"id":18412,"date":"2016-08-04T15:39:17","date_gmt":"2016-08-04T13:39:17","guid":{"rendered":"http:\/\/www.letourismeaparis.fr\/?p=18412"},"modified":"2016-08-04T15:39:17","modified_gmt":"2016-08-04T13:39:17","slug":"le-grand-orchestre-des-animaux-a-la-fondation-cartier","status":"publish","type":"post","link":"http:\/\/www.letourismeaparis.fr\/index.php\/2016\/08\/04\/le-grand-orchestre-des-animaux-a-la-fondation-cartier\/","title":{"rendered":"Le grand orchestre des animaux \u00e0 la Fondation Cartier"},"content":{"rendered":"<p>la Fondation Cartier pour l\u2019art contemporain pr\u00e9sente Le Grand Orchestre des Animaux, inspir\u00e9 par l\u2019oeuvre de Bernie Krause, musicien et bioacousticien am\u00e9ricain. L\u2019exposition, qui r\u00e9unit des artistes du monde entier, invite le public \u00e0 s\u2019immerger dans une m\u00e9ditation esth\u00e9tique, \u00e0 la fois sonore et visuelle, autour d\u2019un monde animal de plus en plus menac\u00e9.<a href=\"http:\/\/www.letourismeaparis.fr\/wp-content\/uploads\/2016\/07\/fc.jpg\"><img loading=\"lazy\" decoding=\"async\" class=\"aligncenter size-medium wp-image-18413\" src=\"http:\/\/www.letourismeaparis.fr\/wp-content\/uploads\/2016\/07\/fc-212x300.jpg\" alt=\"fc\" width=\"212\" height=\"300\" \/><\/a><br \/>\nOuvert du mardi au dimanche de 11h \u00e0 20h<br \/>\nNocturne le mardi jusqu\u2019\u00e0 22h.<br \/>\n261 bvd Raspail Paris 75014<\/p>\n","protected":false},"excerpt":{"rendered":"<p>la Fondation Cartier pour l\u2019art contemporain pr\u00e9sente Le Grand Orchestre des Animaux, inspir\u00e9 par l\u2019oeuvre de Bernie Krause, musicien et bioacousticien am\u00e9ricain. L\u2019exposition, qui r\u00e9unit des artistes du monde entier, invite le public \u00e0 s\u2019immerger dans une m\u00e9ditation esth\u00e9tique, \u00e0&#8230;<\/p>\n","protected":false},"author":2,"featured_media":0,"comment_status":"open","ping_status":"open","sticky":false,"template":"","format":"standard","meta":{"ngg_post_thumbnail":0,"jetpack_post_was_ever_published":false,"_jetpack_newsletter_access":"","footnotes":""},"categories":[1],"tags":[],"class_list":["post-18412","post","type-post","status-publish","format-standard","hentry","category-non-classe"],"jetpack_featured_media_url":"","jetpack-related-posts":[{"id":17845,"url":"http:\/\/www.letourismeaparis.fr\/index.php\/2016\/01\/20\/salsa-calena-de-colombie-orchestre-cours-de-danse-et-street-food-colombienne\/","url_meta":{"origin":18412,"position":0},"title":"Salsa cale\u00f1a de Colombie  Orchestre, cours de danse et street food colombienne.","author":"Fabienne TM","date":"20 janvier 2016","format":false,"excerpt":"Les Soir\u00e9es Nomades installent un parquet dans le jardin de la Fondation Cartier pour un apr\u00e8s-midi festif au rythme entra\u00eenant et effr\u00e9n\u00e9 de la cale\u00f1a, salsa colombienne qui se danse \u00e0 Cali plus vite que partout ailleurs. Samedi 28 mai de 15h \u00e0 20h Saturday, May 28th from 3 pm\u2026","rel":"","context":"Dans &quot;Non class\u00e9&quot;","block_context":{"text":"Non class\u00e9","link":"http:\/\/www.letourismeaparis.fr\/index.php\/category\/non-classe\/"},"img":{"alt_text":"","src":"","width":0,"height":0},"classes":[]},{"id":3875,"url":"http:\/\/www.letourismeaparis.fr\/index.php\/2009\/11\/14\/ne-dans-la-rue-le-graffiti-et-son-histoire-a-la-fondation-cartier\/","url_meta":{"origin":18412,"position":1},"title":"&quot;N\u00e9 dans la rue&quot;: le graffiti et son histoire \u00e0 la Fondation Cartier","author":"Fabienne TM","date":"14 novembre 2009","format":false,"excerpt":"L\u2019exposition explique\u00a0 ce mouvement artistique qui a pris son essor dans les rues de New York au d\u00e9but des ann\u00e9es 1970 et raconte, de tag, en graff, en pixo, son histoire et ses raisons d\u2019\u00eatre. Solidement ancr\u00e9 dans le paysage culturel, le graffiti traverse aujourd\u2019hui les domaines des arts plastiques,\u2026","rel":"","context":"Dans &quot;Non class\u00e9&quot;","block_context":{"text":"Non class\u00e9","link":"http:\/\/www.letourismeaparis.fr\/index.php\/category\/non-classe\/"},"img":{"alt_text":"","src":"","width":0,"height":0},"classes":[]},{"id":16959,"url":"http:\/\/www.letourismeaparis.fr\/index.php\/2015\/08\/11\/beaute-congo-1926-2015-congo-kitoko-jusquau-15-novembre-2015-a-la-fondation-cartier\/","url_meta":{"origin":18412,"position":2},"title":"BEAUT\u00c9 CONGO  1926-2015  CONGO KITOKO  jusqu&#039;au 15 novembre 2015 \u00e0 la fondation Cartier","author":"Fabienne TM","date":"11 ao\u00fbt 2015","format":false,"excerpt":"La peinture moderne au Congo\u00a0 dans les ann\u00e9es 1920 Prenant pour point de d\u00e9part la naissance de la peinture moderne au Congo dans les ann\u00e9es 1920, cette exposition audacieuse retrace pr\u00e8s d\u2019un si\u00e8cle de production artistique congolaise. Si la peinture est au coeur de l\u2019exposition, la musique, la sculpture, la\u2026","rel":"","context":"Dans &quot;Cultures du Monde&quot;","block_context":{"text":"Cultures du Monde","link":"http:\/\/www.letourismeaparis.fr\/index.php\/category\/culture\/musees-expositions\/cultures-du-monde\/"},"img":{"alt_text":"","src":"","width":0,"height":0},"classes":[]},{"id":24315,"url":"http:\/\/www.letourismeaparis.fr\/index.php\/2021\/06\/15\/henri-cartier-bresson-revoir-paris\/","url_meta":{"origin":18412,"position":3},"title":"HENRI CARTIER-BRESSON &#8211; REVOIR PARIS","author":"Fabienne TM","date":"15 juin 2021","format":false,"excerpt":"au mus\u00e9e Carnavalet jusqu'au dimanche 31 octobre 2021 Pour sa premi\u00e8re exposition apr\u00e8s r\u00e9ouverture, le mus\u00e9e Carnavalet \u2013 Histoire de Paris s\u2019associe avec la Fondation Henri Cartier-Bresson pour mettre en lumi\u00e8re l\u2019importance de Paris dans la vie et l\u2019\u0153uvre d\u2019Henri Cartier-Bresson, l\u2019un des plus grands photographes fran\u00e7ais du 20e si\u00e8cle.\u2026","rel":"","context":"Dans &quot;Culture&quot;","block_context":{"text":"Culture","link":"http:\/\/www.letourismeaparis.fr\/index.php\/category\/culture\/"},"img":{"alt_text":"","src":"https:\/\/i0.wp.com\/www.letourismeaparis.fr\/wp-content\/uploads\/2021\/06\/Capture-d%E2%80%99e%CC%81cran-2021-06-15-a%CC%80-11.31.34.png?resize=350%2C200","width":350,"height":200},"classes":[]},{"id":17976,"url":"http:\/\/www.letourismeaparis.fr\/index.php\/2016\/02\/19\/daido-moriyama-a-la-fondation-cartier-jusquau-5-juin\/","url_meta":{"origin":18412,"position":4},"title":"DAIDO MORIYAMA \u00e0 la Fondation Cartier jusqu&#039;au 5 juin","author":"Fabienne TM","date":"19 f\u00e9vrier 2016","format":false,"excerpt":"\u00a0 Marqu\u00e9e par les changements spectaculaires du Japon dans les d\u00e9cennies suivant la Seconde Guerre mondiale, la g\u00e9n\u00e9ration de photographes \u00e0 laquelle appartient Daido Moriyama contribue \u00e0 l\u2019invention d\u2019un langage visuel nouveau, voulant saisir les mutations d\u2019une soci\u00e9t\u00e9 nippone qui oscille entre tradition et modernit\u00e9. \u00a0 IMAGES DE TOKYO Fascin\u00e9\u2026","rel":"","context":"Dans &quot;Mus\u00e9es \/ Expositions&quot;","block_context":{"text":"Mus\u00e9es \/ Expositions","link":"http:\/\/www.letourismeaparis.fr\/index.php\/category\/culture\/musees-expositions\/"},"img":{"alt_text":"","src":"https:\/\/i0.wp.com\/www.letourismeaparis.fr\/wp-content\/uploads\/2016\/02\/f-cartier-212x300.jpg?resize=350%2C200","width":350,"height":200},"classes":[]},{"id":8707,"url":"http:\/\/www.letourismeaparis.fr\/index.php\/2010\/11\/05\/harry-callahan-a-la-fondation-henri-cartier-bresson\/","url_meta":{"origin":18412,"position":5},"title":"Le mois de la photo :Harry Callahan,  \u00e0 la Fondation Henri-Cartier-Bresson","author":"Fabienne TM","date":"5 novembre 2010","format":false,"excerpt":"\"La photographie est une aventure, tout comme la vie est une aventure. Si une personne veut s\u2019exprimer photographiquement, elle doit absolument comprendre sa propre relation \u00e0 la vie.\" Une centaine de tirages noir et blanc, r\u00e9alis\u00e9s par l\u2019auteur vous sont propos\u00e9s;Cette pr\u00e9sentation permet de d\u00e9couvrir les th\u00e8mes de pr\u00e9dilection du\u2026","rel":"","context":"Dans &quot;Non class\u00e9&quot;","block_context":{"text":"Non class\u00e9","link":"http:\/\/www.letourismeaparis.fr\/index.php\/category\/non-classe\/"},"img":{"alt_text":"","src":"","width":0,"height":0},"classes":[]}],"jetpack_sharing_enabled":true,"jetpack_likes_enabled":true,"_links":{"self":[{"href":"http:\/\/www.letourismeaparis.fr\/index.php\/wp-json\/wp\/v2\/posts\/18412","targetHints":{"allow":["GET"]}}],"collection":[{"href":"http:\/\/www.letourismeaparis.fr\/index.php\/wp-json\/wp\/v2\/posts"}],"about":[{"href":"http:\/\/www.letourismeaparis.fr\/index.php\/wp-json\/wp\/v2\/types\/post"}],"author":[{"embeddable":true,"href":"http:\/\/www.letourismeaparis.fr\/index.php\/wp-json\/wp\/v2\/users\/2"}],"replies":[{"embeddable":true,"href":"http:\/\/www.letourismeaparis.fr\/index.php\/wp-json\/wp\/v2\/comments?post=18412"}],"version-history":[{"count":0,"href":"http:\/\/www.letourismeaparis.fr\/index.php\/wp-json\/wp\/v2\/posts\/18412\/revisions"}],"wp:attachment":[{"href":"http:\/\/www.letourismeaparis.fr\/index.php\/wp-json\/wp\/v2\/media?parent=18412"}],"wp:term":[{"taxonomy":"category","embeddable":true,"href":"http:\/\/www.letourismeaparis.fr\/index.php\/wp-json\/wp\/v2\/categories?post=18412"},{"taxonomy":"post_tag","embeddable":true,"href":"http:\/\/www.letourismeaparis.fr\/index.php\/wp-json\/wp\/v2\/tags?post=18412"}],"curies":[{"name":"wp","href":"https:\/\/api.w.org\/{rel}","templated":true}]}}