{"id":18422,"date":"2016-08-01T19:37:05","date_gmt":"2016-08-01T17:37:05","guid":{"rendered":"http:\/\/www.letourismeaparis.fr\/?p=18422"},"modified":"2016-08-01T19:37:05","modified_gmt":"2016-08-01T17:37:05","slug":"lete-du-canal-de-lourcq","status":"publish","type":"post","link":"http:\/\/www.letourismeaparis.fr\/index.php\/2016\/08\/01\/lete-du-canal-de-lourcq\/","title":{"rendered":"L&#039;\u00e9t\u00e9 du Canal de l&#039;Ourcq"},"content":{"rendered":"<p>9 et 10 Juillet ! L\u2019\u00c9t\u00e9 du Canal accueillera ses visiteurs autour d\u2019activit\u00e9s ludiques, sportives et culturelles, ainsi qu\u2019autour d\u2019animations culinaires : en voici une s\u00e9lection pour ce week-end.<br \/>\n\u00c0 la fois sur l\u2019eau et sur les berges, la manifesta5on anime le Canal de l\u2019Ourcq &#8211; du Bassin de la Ville0e au Parc fores5er de la Poudrerie &#8211; pour une \u00e9di5on tr\u00e8s fes5ve, tous les week-ends du 2 juillet au 21 ao\u00fbt !<!--more--><br \/>\n&nbsp;<br \/>\nPendant ces deux mois, le canal va proposer des ac5vit\u00e9s ludiques, spor5ves et culturelles, que ce soit pour les grands comme pour les plus pe5ts ! SUR LE PORT DE LOISIRS : Ce lieu de f\u00eate et de convivialit\u00e9 sera anim\u00e9 chaque week-end de l\u2019Et\u00e9 du Canal pour offrir \u00e0 tous un espace de d\u00e9tente au grand air au bord de l\u2019eau.<br \/>\nOuvert \u00e0 tous \/ Gratuit. Le Port de loisirs est accessible par les Nave0es fluviales de l\u2019Et\u00e9 du Canal qui naviguent sur le canal de l\u2019Ourcq du Bassin de la Ville0e \u00e0 Bobigny \/ Port de loisirs.<br \/>\nD\u00e9part toutes les 30min de 12h30 \u00e0 21h30<br \/>\n<a href=\"http:\/\/www.tourisme93.com\/ete-du-canal\">http:\/\/www.tourisme93.com\/ete-du-canal<\/a><br \/>\n&nbsp;<\/p>\n","protected":false},"excerpt":{"rendered":"<p>9 et 10 Juillet ! L\u2019\u00c9t\u00e9 du Canal accueillera ses visiteurs autour d\u2019activit\u00e9s ludiques, sportives et culturelles, ainsi qu\u2019autour d\u2019animations culinaires : en voici une s\u00e9lection pour ce week-end. \u00c0 la fois sur l\u2019eau et sur les berges, la manifesta5on&#8230;<\/p>\n","protected":false},"author":2,"featured_media":0,"comment_status":"open","ping_status":"open","sticky":false,"template":"","format":"standard","meta":{"ngg_post_thumbnail":0,"jetpack_post_was_ever_published":false,"_jetpack_newsletter_access":"","footnotes":""},"categories":[28],"tags":[],"class_list":["post-18422","post","type-post","status-publish","format-standard","hentry","category-familles"],"jetpack_featured_media_url":"","jetpack-related-posts":[{"id":17034,"url":"http:\/\/www.letourismeaparis.fr\/index.php\/2015\/08\/02\/lete-du-canal-festival-de-lourcq\/","url_meta":{"origin":18422,"position":0},"title":"L&#039;\u00e9t\u00e9 du Canal &#8211; Festival de l&#039;Ourcq","author":"Fabienne TM","date":"2 ao\u00fbt 2015","format":false,"excerpt":"L'\u00e9t\u00e9 du Canal - Festival de l'Ourcq L'\u00e9t\u00e9 du Canal anime les berges du canal de l'Ourcq tout l'\u00e9t\u00e9, jusqu\u2019au dimanche 23 ao\u00fbt 2015.\u00a0 le canal propose des activit\u00e9s ludiques, sportives et culturelles : concerts, bals, loisirs nautiques, street art, croisi\u00e8res, f\u00eates, balades, cin\u00e9ma en plein air, le tout au\u2026","rel":"","context":"Dans &quot;Non class\u00e9&quot;","block_context":{"text":"Non class\u00e9","link":"http:\/\/www.letourismeaparis.fr\/index.php\/category\/non-classe\/"},"img":{"alt_text":"","src":"","width":0,"height":0},"classes":[]},{"id":18464,"url":"http:\/\/www.letourismeaparis.fr\/index.php\/2016\/08\/10\/lete-du-canal-de-lourcq-en-2016\/","url_meta":{"origin":18422,"position":1},"title":"L&#039;\u00c9t\u00e9 du Canal de l&#039;Ourcq en 2016 !","author":"Fabienne TM","date":"10 ao\u00fbt 2016","format":false,"excerpt":"Bienvenue \u00e0 bord ! L'\u00e9t\u00e9 du Canal anime les berges du canal de l'Ourcq tout l'\u00e9t\u00e9, du samedi 2 juillet au dimanche 21 ao\u00fbt 2016. Pendant deux mois, le canal propose des activit\u00e9s ludiques, sportives et culturelles : concerts, bals, loisirs nautiques, street-art, croisi\u00e8res, f\u00eates, balades, cin\u00e9ma en plein air...\u2026","rel":"","context":"Dans &quot;Familles&quot;","block_context":{"text":"Familles","link":"http:\/\/www.letourismeaparis.fr\/index.php\/category\/familles\/"},"img":{"alt_text":"","src":"","width":0,"height":0},"classes":[]},{"id":7950,"url":"http:\/\/www.letourismeaparis.fr\/index.php\/2010\/08\/24\/le-canal-de-lourcq-en-fete-jusquau-29-aout\/","url_meta":{"origin":18422,"position":2},"title":"Le canal de l&#039;Ourcq en f\u00eate jusqu&#039;au 29 ao\u00fbt","author":"Fabienne TM","date":"24 ao\u00fbt 2010","format":false,"excerpt":"Naviguez, cabotez, bronzez, dansez, observez, r\u00eavez sur le canal de l\u2019Ourcq, Des navettes pour d\u00e9couvrir la Seine-Saint-Denis Le week-end, voguez sur des navettes fluviales entre le bassin de la Villette et Aulnay-sous-Bois\u00a0 . Elles vous emm\u00e8neront aux diff\u00e9rentes plages install\u00e9es le long du canal (Paris Plage La Villette, Bobigny sur\u2026","rel":"","context":"Dans &quot;Non class\u00e9&quot;","block_context":{"text":"Non class\u00e9","link":"http:\/\/www.letourismeaparis.fr\/index.php\/category\/non-classe\/"},"img":{"alt_text":"","src":"","width":0,"height":0},"classes":[]},{"id":7722,"url":"http:\/\/www.letourismeaparis.fr\/index.php\/2010\/06\/04\/canaux-en-fete-jusquau-6-juin\/","url_meta":{"origin":18422,"position":3},"title":"Canaux en f\u00eate jusqu&#039;au 6 juin","author":"Fabienne TM","date":"4 juin 2010","format":false,"excerpt":"Sur une sc\u00e8ne flottante du bassin de la Villette Samedi 5 juin de 19h \u00e0 21h\u00a0 : concert de jazz Funky Delay Dimanche 6 juin de 16h \u00e0 18h : ball jazz avec Balbazar Sur l\u2019eau Jeudi 3 juin de 14h \u00e0 19h : grutage de bateaux en acajou de\u2026","rel":"","context":"Dans &quot;Non class\u00e9&quot;","block_context":{"text":"Non class\u00e9","link":"http:\/\/www.letourismeaparis.fr\/index.php\/category\/non-classe\/"},"img":{"alt_text":"","src":"https:\/\/i0.wp.com\/www.letourismeaparis.fr\/wp-content\/uploads\/2010\/05\/canaux-en-f%C3%83%C2%AAte.jpg?resize=350%2C200","width":350,"height":200},"classes":[]},{"id":8209,"url":"http:\/\/www.letourismeaparis.fr\/index.php\/2010\/07\/29\/balade-theatrale-quand-le-canal-entra-en-seine-canal-de-l-ourcq\/","url_meta":{"origin":18422,"position":4},"title":"Balade th\u00e9\u00e2trale: &quot;Quand le canal entra en Seine&quot; (canal de l&#039; Ourcq)","author":"Fabienne TM","date":"29 juillet 2010","format":false,"excerpt":"Circuit th\u00e9\u00e2tralis\u00e9 au d\u00e9part de la Rotonde de Ledoux jusqu'au rond point des canaux, du quai de Loire au quai de Marne, o\u00f9 seront \u00e9voqu\u00e9s, sur un ton po\u00e9tique et ludique, le d\u00e9veloppement des axes de navigation et leurs r\u00e9percussions sur l'\u00e9conomie et la sociologie de ce territoire: Au menu:\u2026","rel":"","context":"Dans &quot;Non class\u00e9&quot;","block_context":{"text":"Non class\u00e9","link":"http:\/\/www.letourismeaparis.fr\/index.php\/category\/non-classe\/"},"img":{"alt_text":"","src":"","width":0,"height":0},"classes":[]},{"id":13785,"url":"http:\/\/www.letourismeaparis.fr\/index.php\/2013\/07\/03\/les-bals-barges-de-lete-du-canal-ourcq-et-saint-denis\/","url_meta":{"origin":18422,"position":5},"title":"Les Bals Barges de L&#039;\u00e9t\u00e9 du Canal (Ourcq et Saint Denis).","author":"Fabienne TM","date":"3 juillet 2013","format":false,"excerpt":"\u00a0 \u00a0 \u00a0 \u00a0 Les bals barges \u00ab Dansez sur l'eau ! \u00bb Chaque samedi ou dimanche, jusqu' au 25 ao\u00fbt, La B\u00e2ronne d\u2019Paname et l'association Balajoie vous invitent \u00e0 guincher sur les berges des canaux de l\u2019Ourcq et de Saint-Denis. Au programme, des groupes fougueux et joyeux renouant avec\u2026","rel":"","context":"Dans &quot;Danse&quot;","block_context":{"text":"Danse","link":"http:\/\/www.letourismeaparis.fr\/index.php\/category\/spectacle\/danse\/"},"img":{"alt_text":"","src":"","width":0,"height":0},"classes":[]}],"jetpack_sharing_enabled":true,"jetpack_likes_enabled":true,"_links":{"self":[{"href":"http:\/\/www.letourismeaparis.fr\/index.php\/wp-json\/wp\/v2\/posts\/18422","targetHints":{"allow":["GET"]}}],"collection":[{"href":"http:\/\/www.letourismeaparis.fr\/index.php\/wp-json\/wp\/v2\/posts"}],"about":[{"href":"http:\/\/www.letourismeaparis.fr\/index.php\/wp-json\/wp\/v2\/types\/post"}],"author":[{"embeddable":true,"href":"http:\/\/www.letourismeaparis.fr\/index.php\/wp-json\/wp\/v2\/users\/2"}],"replies":[{"embeddable":true,"href":"http:\/\/www.letourismeaparis.fr\/index.php\/wp-json\/wp\/v2\/comments?post=18422"}],"version-history":[{"count":0,"href":"http:\/\/www.letourismeaparis.fr\/index.php\/wp-json\/wp\/v2\/posts\/18422\/revisions"}],"wp:attachment":[{"href":"http:\/\/www.letourismeaparis.fr\/index.php\/wp-json\/wp\/v2\/media?parent=18422"}],"wp:term":[{"taxonomy":"category","embeddable":true,"href":"http:\/\/www.letourismeaparis.fr\/index.php\/wp-json\/wp\/v2\/categories?post=18422"},{"taxonomy":"post_tag","embeddable":true,"href":"http:\/\/www.letourismeaparis.fr\/index.php\/wp-json\/wp\/v2\/tags?post=18422"}],"curies":[{"name":"wp","href":"https:\/\/api.w.org\/{rel}","templated":true}]}}