{"id":18427,"date":"2016-07-07T20:03:10","date_gmt":"2016-07-07T18:03:10","guid":{"rendered":"http:\/\/www.letourismeaparis.fr\/?p=18427"},"modified":"2016-07-07T20:03:10","modified_gmt":"2016-07-07T18:03:10","slug":"une-escapade-gastronomique-en-bourgognefranche-comte","status":"publish","type":"post","link":"http:\/\/www.letourismeaparis.fr\/index.php\/2016\/07\/07\/une-escapade-gastronomique-en-bourgognefranche-comte\/","title":{"rendered":"Une escapade gastronomique en Bourgogne\/Franche-Comt\u00e9"},"content":{"rendered":"<p>une id\u00e9e de sortie pour des week-end :<br \/>\nDes restaurants \u00a0et des \u00ab\u00a0chefs\u00a0\u00bb:<br \/>\nLe Coq Hardi \u00e0 Pouilly sur Loire avec Fran\u00e7oise et Dominique Fonseca 58150<br \/>\nLa Chaumi\u00e8re \u00e0 Dole 30100<br \/>\nLa table de J\u00e9r\u00f4me \u00e0 Luzy 58170<!--more--><br \/>\nLe moulin des Ruats \u00e0 Avallon 89200<br \/>\nLes Caudalies \u00e0 Arbois 39600<br \/>\nLe Bois du Mont \u00e0 Champagnolle 39<br \/>\n&nbsp;<br \/>\nLes \u00a0excellents macarons de Ludovic Maire \u00e0 Belfort<\/p>\n","protected":false},"excerpt":{"rendered":"<p>une id\u00e9e de sortie pour des week-end : Des restaurants \u00a0et des \u00ab\u00a0chefs\u00a0\u00bb: Le Coq Hardi \u00e0 Pouilly sur Loire avec Fran\u00e7oise et Dominique Fonseca 58150 La Chaumi\u00e8re \u00e0 Dole 30100 La table de J\u00e9r\u00f4me \u00e0 Luzy 58170<\/p>\n","protected":false},"author":2,"featured_media":0,"comment_status":"open","ping_status":"open","sticky":false,"template":"","format":"standard","meta":{"ngg_post_thumbnail":0,"jetpack_post_was_ever_published":false,"_jetpack_newsletter_access":"","footnotes":""},"categories":[30],"tags":[],"class_list":["post-18427","post","type-post","status-publish","format-standard","hentry","category-gastronomie"],"jetpack_featured_media_url":"","jetpack-related-posts":[{"id":21229,"url":"http:\/\/www.letourismeaparis.fr\/index.php\/2018\/09\/13\/le-village-international-de-la-gastronomie-au-pied-de-la-tour-eiffel-les-21-22-et-23-septembre\/","url_meta":{"origin":18427,"position":0},"title":"le Village International de la Gastronomie au pied de la Tour Eiffel les 21 ,22 et 23 septembre","author":"Fabienne TM","date":"13 septembre 2018","format":false,"excerpt":"A l\u2019occasion de la F\u00eate de la Gastronomie rebaptis\u00e9e Gout de France\/ Good France, le Village International de la Gastronomie revient pour sa 3\u00e8me \u00e9dition au coeur de la capitale pour vous faire vivre une exp\u00e9rience gastronomique et culturelle in\u00e9dite ! \u00a0 Du 21 au 23 septembre, au pied de\u2026","rel":"","context":"Dans &quot;Gastronomie&quot;","block_context":{"text":"Gastronomie","link":"http:\/\/www.letourismeaparis.fr\/index.php\/category\/gastronomie\/"},"img":{"alt_text":"","src":"","width":0,"height":0},"classes":[]},{"id":25127,"url":"http:\/\/www.letourismeaparis.fr\/index.php\/2023\/04\/21\/paris-capitale-de-la-gastronomie\/","url_meta":{"origin":18427,"position":1},"title":"Paris \u00ab\u00a0capitale de la Gastronomie\u00a0\u00bb","author":"Fabienne TM","date":"21 avril 2023","format":false,"excerpt":"L\u2019exposition explore le r\u00f4le de Paris, capitale politique, dans le rayonnement de la gastronomie fran\u00e7aise.La premi\u00e8re partie met \u00e0 l\u2019honneur la table m\u00e9di\u00e9vale .Une exp\u00e9rience immersive au sein du banquet de Charles V et dans les cuisines, enrichie de nouvelles reconstitutions en 3D sur l\u2019Histopad, tablette de r\u00e9alit\u00e9 augment\u00e9e de\u2026","rel":"","context":"Dans &quot;Gastronomie&quot;","block_context":{"text":"Gastronomie","link":"http:\/\/www.letourismeaparis.fr\/index.php\/category\/gastronomie\/"},"img":{"alt_text":"","src":"https:\/\/i0.wp.com\/www.letourismeaparis.fr\/wp-content\/uploads\/2023\/04\/Capture-decran-2023-04-21-a-16.40.54.png?resize=350%2C200","width":350,"height":200},"classes":[]},{"id":18420,"url":"http:\/\/www.letourismeaparis.fr\/index.php\/2016\/07\/06\/pour-les-gastronomes-une-date-a-noterallons-au-marche-avec-les-chefs-relais-chateaux-dimanche-25-septembre\/","url_meta":{"origin":18427,"position":2},"title":"Pour les gastronomes, une date \u00e0 noter\u00abAllons au march\u00e9 avec les chefs Relais &amp; Ch\u00e2teaux\u00bb dimanche 25 septembre","author":"Fabienne TM","date":"6 juillet 2016","format":false,"excerpt":"\u00abAllons au march\u00e9 avec les chefs Relais & Ch\u00e2teaux\u00bb Dimanche 25 septembre 2016, de 8h30 \u00e0 14h Place Lino Ventura, 9\u00e8me arrondissement de Paris Le 25 septembre 2016, \u00e0 l\u2019occasion de la F\u00eate de la Gastronomie, Relais & Ch\u00e2teaux\u00a0invite le grand public au march\u00e9 des plus beaux mara\u00eechers de France\u2026","rel":"","context":"Dans &quot;Familles&quot;","block_context":{"text":"Familles","link":"http:\/\/www.letourismeaparis.fr\/index.php\/category\/familles\/"},"img":{"alt_text":"","src":"","width":0,"height":0},"classes":[]},{"id":15687,"url":"http:\/\/www.letourismeaparis.fr\/index.php\/2014\/09\/24\/festival-de-la-fine-bouche-la-mairie-du-9eme-samedi-27-septembre\/","url_meta":{"origin":18427,"position":3},"title":"Festival de la Fine Bouche \u00e0 la mairie du 9\u00e8me ,samedi 27 septembre","author":"Fabienne TM","date":"24 septembre 2014","format":false,"excerpt":"Venez d\u00e9couvrir sur le parvis de la Mairie du 9\u00e8me arrondissement les nouveaux noms de la Gastronomie parisienne. \u00a0Venez rencontrer les jeunes entreprises qui participent \u00e0 l'animation de notre ville. Au programme, des d\u00e9gustations, des conf\u00e9rences, des animations, des cours et bien plus encore !\u2028\u2028 Liste des participants\u00a0: Marlette Glaces\u2026","rel":"","context":"Dans &quot;Gastronomie&quot;","block_context":{"text":"Gastronomie","link":"http:\/\/www.letourismeaparis.fr\/index.php\/category\/gastronomie\/"},"img":{"alt_text":"","src":"","width":0,"height":0},"classes":[]},{"id":8646,"url":"http:\/\/www.letourismeaparis.fr\/index.php\/2010\/10\/01\/viva-colombia-les-2-et-3-octobre-a-la-mairie-du-12eme-theatre-salsa-concert-gastronomie\/","url_meta":{"origin":18427,"position":4},"title":"Viva Colombia les 2 et 3 octobre \u00e0 la mairie du 12\u00e8me : th\u00e9atre, salsa, concert, gastronomie &#8230;","author":"Fabienne TM","date":"1 octobre 2010","format":false,"excerpt":"L'Association franco-colombienne \"Tierradentro\" vous invite les samedi 2 et dimanche 3 octobre Expositions d'artistes et d'artisans, stands associatifs et gastronomiques, performances artistiques. SAMEDI 2 OCTOBRE De 10h30 \u00e0 23h : Village du \u00ab Bicentenaire de l'Am\u00e9rique latine\u00bb Rue Bignon - gastronomie colombienne - Exposition d'artisanat et d'artistes plasticiens 10h30-17h: Exposition\u2026","rel":"","context":"Dans &quot;Non class\u00e9&quot;","block_context":{"text":"Non class\u00e9","link":"http:\/\/www.letourismeaparis.fr\/index.php\/category\/non-classe\/"},"img":{"alt_text":"","src":"https:\/\/i0.wp.com\/www.letourismeaparis.fr\/wp-content\/uploads\/2010\/09\/viva-colombia-213x300.jpg?resize=350%2C200","width":350,"height":200},"classes":[]},{"id":20857,"url":"http:\/\/www.letourismeaparis.fr\/index.php\/2018\/03\/14\/edouard-vii-du-coeur-repas-de-chefs-au-profit-des-restos-du-coeur-de-paris-16-et-17-mars\/","url_meta":{"origin":18427,"position":5},"title":"\u00ab \u00c9DOUARD VII A DU C\u0152UR \u00bb\u00a0 REPAS DE CHEFS AU PROFIT DES RESTOS DU C\u0152UR DE PARIS \u00a0 16 et 17 mars","author":"Fabienne TM","date":"14 mars 2018","format":false,"excerpt":"Les 16 et 17 mars de midi \u00e0 minuit Place \u00c9douard VII - Paris 9e\u00a0 La place \u00c9douard VII se transformera\u00a0pour l\u2019occasion\u00a0en village gastronomique\u00a0ouvert \u00e0 tous.\u00a0Nicolas Sale,\u00a0Chef de l\u2019ann\u00e9e 2017,\u00a0doublement \u00e9toil\u00e9, signera pour l\u2019occasion\u00a0une blanquette de veau, \u00e0 d\u00e9guster sur place ou \u00e0 emporter, le midi et le soir.\u00a0 Ces\u2026","rel":"","context":"Dans &quot;Gastronomie&quot;","block_context":{"text":"Gastronomie","link":"http:\/\/www.letourismeaparis.fr\/index.php\/category\/gastronomie\/"},"img":{"alt_text":"","src":"https:\/\/i0.wp.com\/www.letourismeaparis.fr\/wp-content\/uploads\/2018\/03\/Capture-d%C3%A2%C2%80%C2%99e%C3%8C%C2%81cran-2018-03-14-a%C3%8C%C2%80-10.17.20-225x300.png?resize=350%2C200","width":350,"height":200},"classes":[]}],"jetpack_sharing_enabled":true,"jetpack_likes_enabled":true,"_links":{"self":[{"href":"http:\/\/www.letourismeaparis.fr\/index.php\/wp-json\/wp\/v2\/posts\/18427","targetHints":{"allow":["GET"]}}],"collection":[{"href":"http:\/\/www.letourismeaparis.fr\/index.php\/wp-json\/wp\/v2\/posts"}],"about":[{"href":"http:\/\/www.letourismeaparis.fr\/index.php\/wp-json\/wp\/v2\/types\/post"}],"author":[{"embeddable":true,"href":"http:\/\/www.letourismeaparis.fr\/index.php\/wp-json\/wp\/v2\/users\/2"}],"replies":[{"embeddable":true,"href":"http:\/\/www.letourismeaparis.fr\/index.php\/wp-json\/wp\/v2\/comments?post=18427"}],"version-history":[{"count":0,"href":"http:\/\/www.letourismeaparis.fr\/index.php\/wp-json\/wp\/v2\/posts\/18427\/revisions"}],"wp:attachment":[{"href":"http:\/\/www.letourismeaparis.fr\/index.php\/wp-json\/wp\/v2\/media?parent=18427"}],"wp:term":[{"taxonomy":"category","embeddable":true,"href":"http:\/\/www.letourismeaparis.fr\/index.php\/wp-json\/wp\/v2\/categories?post=18427"},{"taxonomy":"post_tag","embeddable":true,"href":"http:\/\/www.letourismeaparis.fr\/index.php\/wp-json\/wp\/v2\/tags?post=18427"}],"curies":[{"name":"wp","href":"https:\/\/api.w.org\/{rel}","templated":true}]}}