{"id":18432,"date":"2016-07-30T13:22:36","date_gmt":"2016-07-30T11:22:36","guid":{"rendered":"http:\/\/www.letourismeaparis.fr\/?p=18432"},"modified":"2016-07-30T13:22:36","modified_gmt":"2016-07-30T11:22:36","slug":"paris-plages-2016","status":"publish","type":"post","link":"http:\/\/www.letourismeaparis.fr\/index.php\/2016\/07\/30\/paris-plages-2016\/","title":{"rendered":"Paris Plages 2016"},"content":{"rendered":"<p>La voie Georges-Pompidou (4e) et le Bassin de la Villette (19e), le parvis de l&rsquo;H\u00f4tel de ville \u00a0deviennent des\u00a0oasis \u00a0conviant gratuitement les Parisiens. De nombreuses activit\u00e9s sont propos\u00e9es pour les petits et \u00a0les grands .<br \/>\n<em>Paris Plages 2016<\/em><br \/>\n<em>Du lundi 18 juillet au dimanche 21 ao\u00fbt 2016<br \/>\nHoraires : De 9h \u00e0 minuit<\/em><!--more--><\/p>\n","protected":false},"excerpt":{"rendered":"<p>La voie Georges-Pompidou (4e) et le Bassin de la Villette (19e), le parvis de l&rsquo;H\u00f4tel de ville \u00a0deviennent des\u00a0oasis \u00a0conviant gratuitement les Parisiens. De nombreuses activit\u00e9s sont propos\u00e9es pour les petits et \u00a0les grands . Paris Plages 2016 Du lundi&#8230;<\/p>\n","protected":false},"author":2,"featured_media":0,"comment_status":"open","ping_status":"open","sticky":false,"template":"","format":"standard","meta":{"ngg_post_thumbnail":0,"jetpack_post_was_ever_published":false,"_jetpack_newsletter_access":"","footnotes":""},"categories":[28],"tags":[],"class_list":["post-18432","post","type-post","status-publish","format-standard","hentry","category-familles"],"jetpack_featured_media_url":"","jetpack-related-posts":[{"id":18214,"url":"http:\/\/www.letourismeaparis.fr\/index.php\/2016\/05\/13\/les-21-et-22-mai-lancement-de-e-mehari-a-la-plage-de-la-bastille\/","url_meta":{"origin":18432,"position":0},"title":"LES 21 ET 22 MAI, LANCEMENT DE E-MEHARI  \u00c0 LA PLAGE\u2026 DE LA BASTILLE !","author":"Fabienne TM","date":"13 mai 2016","format":false,"excerpt":"\u00a0 La c\u00e9l\u00e8bre place se transformera en plage le week-end des 21 et 22 mai. L\u2019esprit \u2018Feel Good\u2019 de la Marque soufflera avec des animations 100 % gratuites et ouvertes \u00e0 tous : surf m\u00e9canique, beach volley, p\u00e9tanque, sans oublier des essais \u00e0 bord de l\u2019\u00e9lectron libre de la gamme,\u2026","rel":"","context":"Dans &quot;Automobiles&quot;","block_context":{"text":"Automobiles","link":"http:\/\/www.letourismeaparis.fr\/index.php\/category\/culture\/musees-expositions\/automobiles\/"},"img":{"alt_text":"","src":"https:\/\/i0.wp.com\/www.letourismeaparis.fr\/wp-content\/uploads\/2016\/05\/citroen-paris-251x300.png?resize=350%2C200","width":350,"height":200},"classes":[]},{"id":18519,"url":"http:\/\/www.letourismeaparis.fr\/index.php\/2016\/07\/29\/les-expositions-de-la-rentree-a-paris\/","url_meta":{"origin":18432,"position":1},"title":"Les expositions de la rentr\u00e9e \u00e0 Paris","author":"Fabienne TM","date":"29 juillet 2016","format":false,"excerpt":"Bernard Buffet au mus\u00e9e d'art moderne Jade au mus\u00e9e Guimet Holder, Munch, Monet \u00e0 Marmottan Rembrandt \u00e0 Jacquemart Andr\u00e9 Magritte au Centre Pompidou, Le second empire \u00a0au mus\u00e9e d'Orsay Bazille au Mus\u00e9e d'Orsay Herg\u00e9 au Grand Palis, Tous \u00e0 la plage \u00e0 la cit\u00e9 de l'architecture Beethoven \u00e0 la Philharmonie\u2026","rel":"","context":"Dans &quot;Non class\u00e9&quot;","block_context":{"text":"Non class\u00e9","link":"http:\/\/www.letourismeaparis.fr\/index.php\/category\/non-classe\/"},"img":{"alt_text":"","src":"","width":0,"height":0},"classes":[]},{"id":219,"url":"http:\/\/www.letourismeaparis.fr\/index.php\/2008\/07\/22\/festival-de-musique-a-paris-plage-du-2507-au-1608\/","url_meta":{"origin":18432,"position":2},"title":"Festival de musique \u00e0 Paris-Plage  du 25\/07 au 16\/08","author":"Fabienne TM","date":"22 juillet 2008","format":false,"excerpt":"Paris Advisor \u00a0\u00a0\u00a0 \u00a0\u00a0\u00a0 Le Tourisme \u00e0 Paris Le festival \"fnacInd\u00e9tendances\" s'installe \u00e0 Paris -Plage; pendant neuf soir\u00e9es, soit un mois de concert gratuits les vendredis et samedis soir et un dimanche, la sc\u00e8ne de Paris- Plage accueillerai des artistes. Paris-Plage, Pont de Sully Paris-75004 www.lefestivalfnac.com","rel":"","context":"Dans &quot;Non class\u00e9&quot;","block_context":{"text":"Non class\u00e9","link":"http:\/\/www.letourismeaparis.fr\/index.php\/category\/non-classe\/"},"img":{"alt_text":"","src":"","width":0,"height":0},"classes":[]},{"id":17024,"url":"http:\/\/www.letourismeaparis.fr\/index.php\/2015\/08\/03\/paris-plages-2\/","url_meta":{"origin":18432,"position":3},"title":"Paris plages","author":"Fabienne TM","date":"3 ao\u00fbt 2015","format":false,"excerpt":"Dde 9h \u00e0 minuit, Paris Plages permet \u00e0 tous les Parisiens de profiter des vacances Ce rendez-vous se tient sur le parvis de l\u2019H\u00f4tel de Ville, sur la voie Georges-Pompidou et au bassin de la Villette. Ce dernier jouera les prolongations jusqu\u2019au 23 ao\u00fbt, les 14e et 20earrondissements installent leur\u2026","rel":"","context":"Dans &quot;Familles&quot;","block_context":{"text":"Familles","link":"http:\/\/www.letourismeaparis.fr\/index.php\/category\/familles\/"},"img":{"alt_text":"","src":"","width":0,"height":0},"classes":[]},{"id":21168,"url":"http:\/\/www.letourismeaparis.fr\/index.php\/2018\/08\/02\/paris-plage-vous-attend\/","url_meta":{"origin":18432,"position":4},"title":"Paris plage vous attend &#8230;..","author":"Fabienne TM","date":"2 ao\u00fbt 2018","format":false,"excerpt":"Jusqu'au 2 septembre Paris plage vous assister Profitez de la douceur estivale au Parc Rives de Seine et au bassin de la Villette. \u00a0 De nombreuses activit\u00e9s sont propos\u00e9es aux grands aux petits: baignade et loisirs nautiques dans le bassin de la Villette, mais aussi ateliers pour enfants, jeux de\u2026","rel":"","context":"Dans &quot;Non class\u00e9&quot;","block_context":{"text":"Non class\u00e9","link":"http:\/\/www.letourismeaparis.fr\/index.php\/category\/non-classe\/"},"img":{"alt_text":"","src":"https:\/\/i0.wp.com\/www.letourismeaparis.fr\/wp-content\/uploads\/2018\/07\/Capture-d%C3%A2%C2%80%C2%99e%C3%8C%C2%81cran-2018-07-16-a%C3%8C%C2%80-22.21.09-300x216.png?resize=350%2C200","width":350,"height":200},"classes":[]},{"id":8156,"url":"http:\/\/www.letourismeaparis.fr\/index.php\/2010\/07\/20\/paris-plages-a-partir-du-20-juillet\/","url_meta":{"origin":18432,"position":5},"title":"Paris Plages \u00e0 partir du 20 juillet &#8230;.","author":"Fabienne TM","date":"20 juillet 2010","format":false,"excerpt":"Paris Plages, du 20 juillet au 20 ao\u00fbt, transforme\u00a0 la capitale en station baln\u00e9aire. voie Georges Pompidou (1er et 4e), bassin de la Villette (19e) et pelouse de Reuilly avec Paris slide (12e). Toutes les activit\u00e9s sont gratuites. une manifestation unique et gratuite, ouverte \u00e0 tous. Gratuit, tous les vendredi\u2026","rel":"","context":"Dans &quot;Non class\u00e9&quot;","block_context":{"text":"Non class\u00e9","link":"http:\/\/www.letourismeaparis.fr\/index.php\/category\/non-classe\/"},"img":{"alt_text":"","src":"","width":0,"height":0},"classes":[]}],"jetpack_sharing_enabled":true,"jetpack_likes_enabled":true,"_links":{"self":[{"href":"http:\/\/www.letourismeaparis.fr\/index.php\/wp-json\/wp\/v2\/posts\/18432","targetHints":{"allow":["GET"]}}],"collection":[{"href":"http:\/\/www.letourismeaparis.fr\/index.php\/wp-json\/wp\/v2\/posts"}],"about":[{"href":"http:\/\/www.letourismeaparis.fr\/index.php\/wp-json\/wp\/v2\/types\/post"}],"author":[{"embeddable":true,"href":"http:\/\/www.letourismeaparis.fr\/index.php\/wp-json\/wp\/v2\/users\/2"}],"replies":[{"embeddable":true,"href":"http:\/\/www.letourismeaparis.fr\/index.php\/wp-json\/wp\/v2\/comments?post=18432"}],"version-history":[{"count":0,"href":"http:\/\/www.letourismeaparis.fr\/index.php\/wp-json\/wp\/v2\/posts\/18432\/revisions"}],"wp:attachment":[{"href":"http:\/\/www.letourismeaparis.fr\/index.php\/wp-json\/wp\/v2\/media?parent=18432"}],"wp:term":[{"taxonomy":"category","embeddable":true,"href":"http:\/\/www.letourismeaparis.fr\/index.php\/wp-json\/wp\/v2\/categories?post=18432"},{"taxonomy":"post_tag","embeddable":true,"href":"http:\/\/www.letourismeaparis.fr\/index.php\/wp-json\/wp\/v2\/tags?post=18432"}],"curies":[{"name":"wp","href":"https:\/\/api.w.org\/{rel}","templated":true}]}}