{"id":18460,"date":"2016-08-02T15:45:56","date_gmt":"2016-08-02T13:45:56","guid":{"rendered":"http:\/\/www.letourismeaparis.fr\/?p=18460"},"modified":"2016-08-02T15:45:56","modified_gmt":"2016-08-02T13:45:56","slug":"la-nuit-des-etoiles-2016-a-lobservatoire-panoramique-de-la-tour-montparnasse","status":"publish","type":"post","link":"http:\/\/www.letourismeaparis.fr\/index.php\/2016\/08\/02\/la-nuit-des-etoiles-2016-a-lobservatoire-panoramique-de-la-tour-montparnasse\/","title":{"rendered":"La Nuit des Etoiles 2016  \u00e0 l&#039;Observatoire Panoramique de la Tour Montparnasse"},"content":{"rendered":"<p>&nbsp;<br \/>\nL&rsquo;Observatoire panoramique de la Tour Montparnasse, plus haut point de vue touristique de Paris, propose aux passionn\u00e9s de venir admirer le ciel scintillant les 5,6 et 7 ao\u00fbt 2016 lors de la Nuit des Etoiles 2016. Pour cette 26\u00e8me \u00e9dition, les \u00e9toiles en d\u00e9voileront un peu plus sur une possible vie dans le syst\u00e8me solaire&#8230;<!--more--><br \/>\n&nbsp;<br \/>\nCulminant \u00e0 210 m de hauteur, l&rsquo;observatoire panoramique de la Tour Montparnasse offre la plus belle vue de Paris. C&rsquo;est le spot id\u00e9al pour observer le ciel et les \u00e9toiles, \u00e0 travers deux niveaux de visite : le 56\u00e8me \u00e9tage couvert et la terrasse panoramique en plein air, qui offre une vue \u00e9poustouflante \u00e0 360\u00b0.<br \/>\nUne nuit dans les \u00e9toiles<br \/>\n&nbsp;<br \/>\nLa recherche de la vie dans le syst\u00e8me solaire et dans l&rsquo;univers suscite bon nombre d&rsquo;interrogations aussi bien des professionnels que du grand public. Afin d&rsquo;y r\u00e9pondre, une \u00e9quipe d&rsquo;animateurs de l&rsquo;AFA, form\u00e9e gr\u00e2ce au soutien du Centre National d&rsquo;Etudes Spatiales, d&rsquo;Airbus Defence &amp; Space et du CEA, sera pr\u00e9sente pour informer tous les astronomes en herbe \u00e0 travers diverses activit\u00e9s le temps de la Nuit des Etoiles.<br \/>\nPour que les visiteurs soient toujours au plus proche du spectacle, l&rsquo;Observatoire panoramique de la Tour Montparnasse met \u00e0 disposition cinq p\u00f4les d&rsquo;observation sur le toit terrasse. Les astronomes en herbe seront aux premi\u00e8res loges pour contempler les splendeurs du ciel ! De nombreuses animations ponctueront la soir\u00e9e.<br \/>\nProgrammation<br \/>\nSur la terrasse panoramique :<br \/>\n&#8211; 5 p\u00f4les d&rsquo;observation du ciel nocturne, de ses \u00e9toiles et constellations estivales.<br \/>\nAu 56\u00e8me \u00e9tage :<br \/>\n&#8211; Quatre conf\u00e9rences autour de la vie dans le syst\u00e8me solaire \u00e0 20h, 21h, 22h et 23h.<br \/>\n&#8211; Une exposition \u00ab Ciel, miroir des cultures \u00bb autour de l&rsquo;astronomie, sur fond de cultures et de civilisations.<br \/>\n&#8211; Un atelier autour de l&rsquo;exploration du ciel en num\u00e9rique au moyen de tablettes.<br \/>\n5 \u00a06 \u00a07 \u00a0ao\u00fbt<br \/>\n<a href=\"http:\/\/www.tourmontparnass56.com\">www.tourmontparnass56.com<\/a><\/p>\n","protected":false},"excerpt":{"rendered":"<p>&nbsp; L&rsquo;Observatoire panoramique de la Tour Montparnasse, plus haut point de vue touristique de Paris, propose aux passionn\u00e9s de venir admirer le ciel scintillant les 5,6 et 7 ao\u00fbt 2016 lors de la Nuit des Etoiles 2016. Pour cette 26\u00e8me&#8230;<\/p>\n","protected":false},"author":2,"featured_media":0,"comment_status":"open","ping_status":"open","sticky":false,"template":"","format":"standard","meta":{"ngg_post_thumbnail":0,"jetpack_post_was_ever_published":false,"_jetpack_newsletter_access":"","footnotes":""},"categories":[28],"tags":[],"class_list":["post-18460","post","type-post","status-publish","format-standard","hentry","category-familles"],"jetpack_featured_media_url":"","jetpack-related-posts":[{"id":20145,"url":"http:\/\/www.letourismeaparis.fr\/index.php\/2017\/07\/26\/la-nuit-des-etoiles-les-27-28-et-29-juillet-a-la-tout-montparnasse\/","url_meta":{"origin":18460,"position":0},"title":"La nuit des \u00e9toiles les 27 28 et 29 juillet \u00e0 la tour Montparnasse","author":"Fabienne TM","date":"26 juillet 2017","format":false,"excerpt":"Programme de la Nuit des Etoiles 2017 \u00e0 l\u2019Observatoire Panoramique de la Tour Montparnasse Les 28, 29 et 30 juillet prochains , l\u2019Observatoire Panoramique de la Tour Montparnasse invite petits et grands,passionn\u00e9s et amateurs, \u00e0 vivre LaNuit des Etoiles au plus pr\u00e8s du ciel \u00a0 Partez \u00e0 la recherche de\u2026","rel":"","context":"Dans &quot;Astronomie&quot;","block_context":{"text":"Astronomie","link":"http:\/\/www.letourismeaparis.fr\/index.php\/category\/culture\/musees-expositions\/astronomie\/"},"img":{"alt_text":"","src":"","width":0,"height":0},"classes":[]},{"id":20274,"url":"http:\/\/www.letourismeaparis.fr\/index.php\/2017\/09\/29\/nuit-blanche-2017-16eme-edition-a-lobservatoire-panoramique-de-la-tour-montparnasse\/","url_meta":{"origin":18460,"position":1},"title":"Nuit Blanche 2017, 16\u00e8me \u00e9dition  \u00e0 l&#039;Observatoire Panoramique de la Tour Montparnasse","author":"Fabienne TM","date":"29 septembre 2017","format":false,"excerpt":"Nuit Blanche 2017, 16\u00e8me \u00e9dition ! C'est dans la nuit du 7 au 8 octobre que se tiendra l'\u00e9dition 2017 de Nuit Blanche, \u00e0 Paris. Chaque ann\u00e9e, cette manifestation gratuite et ouverte \u00e0 tous accueille plusieurs millions de visiteurs. Au c\u0153ur de l'espace public, en plein air ou dans des\u2026","rel":"","context":"Dans &quot;Non class\u00e9&quot;","block_context":{"text":"Non class\u00e9","link":"http:\/\/www.letourismeaparis.fr\/index.php\/category\/non-classe\/"},"img":{"alt_text":"","src":"","width":0,"height":0},"classes":[]},{"id":3686,"url":"http:\/\/www.letourismeaparis.fr\/index.php\/2009\/07\/22\/nuit-des-etoiles-a-la-tour-montparnasse-les-24-et-25-juillet\/","url_meta":{"origin":18460,"position":2},"title":"Nuit des \u00e9toiles \u00e0 la tour Montparnasse les 24 et 25 juillet","author":"Fabienne TM","date":"22 juillet 2009","format":false,"excerpt":"Les 24 et 25 juillet prochains, , Montparnasse 56,\u00a0 transforme son toit-terrasse du 59e \u00e9tage - \u00e0 210 m\u00e8tres d\u2019altitude - en un gigantesque observatoire plein ciel. Sur la terrasse panoramique, tous les astronomes novices ou confirm\u00e9s, profiteront de t\u00e9lescopes et de jumelles plusieurs animateurs confirm\u00e9s et conf\u00e9renciers de l\u2019AFA\u2026","rel":"","context":"Dans &quot;Non class\u00e9&quot;","block_context":{"text":"Non class\u00e9","link":"http:\/\/www.letourismeaparis.fr\/index.php\/category\/non-classe\/"},"img":{"alt_text":"","src":"","width":0,"height":0},"classes":[]},{"id":20728,"url":"http:\/\/www.letourismeaparis.fr\/index.php\/2018\/01\/24\/lobservatoire-panoramique-de-la-tour-montparnasse-celebre-le-nouvel-chinois\/","url_meta":{"origin":18460,"position":3},"title":"L\u2019Observatoire Panoramique de la Tour Montparnasse  c\u00e9l\u00e8bre le Nouvel An Chinois !","author":"Fabienne TM","date":"24 janvier 2018","format":false,"excerpt":", l'Observatoire Panoramique de la TourMontparnasse vous propose de faire place aux festivit\u00e9s et vous emm\u00e8ne en voyage ! Les 10 et 11f\u00e9vrier, \u00e0 l\u2019occasion du Nouvel An Chinois, le 56\u00e8me \u00e9tage de la tour rev\u00eat les couleurs de la Chine et offre une immersion totale dans la culture traditionnelle.\u2026","rel":"","context":"Dans &quot;Cultures du Monde&quot;","block_context":{"text":"Cultures du Monde","link":"http:\/\/www.letourismeaparis.fr\/index.php\/category\/culture\/musees-expositions\/cultures-du-monde\/"},"img":{"alt_text":"","src":"","width":0,"height":0},"classes":[]},{"id":5156,"url":"http:\/\/www.letourismeaparis.fr\/index.php\/2013\/02\/26\/voir-paris-de-haut\/","url_meta":{"origin":18460,"position":4},"title":"Voir Paris de haut !","author":"Fabienne TM","date":"26 f\u00e9vrier 2013","format":false,"excerpt":"Quleques id\u00e9es\u00a0 pour avoir une sacr\u00e9e vue : La tour Eiffel et ses restaurants, L\u2019Institut du Monde Arabe au dernier \u00e9tage.(1, rue des foss\u00e9s Saint Bernard Paris 75005) l'h\u00f4tel Concorde-Lafayette et son bar panoramique\u00a0\u00a0 situ\u00e9 au 43\u00e8me \u00e9tage (Porte maillot Paris 75017) Le Printemps Haussmann. Une caf\u00e9t\u00e9ria panoramique, le \"D\u00e9li-cieux\"\u2026","rel":"","context":"Dans &quot;Non class\u00e9&quot;","block_context":{"text":"Non class\u00e9","link":"http:\/\/www.letourismeaparis.fr\/index.php\/category\/non-classe\/"},"img":{"alt_text":"","src":"","width":0,"height":0},"classes":[]},{"id":7246,"url":"http:\/\/www.letourismeaparis.fr\/index.php\/2010\/03\/27\/les-nuits-des-planetes-a-lobservatoire-de-paris\/","url_meta":{"origin":18460,"position":5},"title":"&quot;Les Nuits des plan\u00e8tes&quot; \u00e0 l\u2019Observatoire de Paris","author":"Fabienne TM","date":"27 mars 2010","format":false,"excerpt":"\"Les Nuits des plan\u00e8tes\" \u00e0 l\u2019Observatoire de Paris jusqu'au 28 mars, l\u2019Observatoire de Paris organise \u00ab les Nuits des plan\u00e8tes \u00bb, une manifestation destin\u00e9e \u00e0 faire d\u00e9couvrir au public le ciel nocturne sur des instruments performants avec des astronomes professionnels. \u2026 des observations libres de la Lune, des plan\u00e8tes, \u00e9toiles\u2026","rel":"","context":"Dans &quot;Non class\u00e9&quot;","block_context":{"text":"Non class\u00e9","link":"http:\/\/www.letourismeaparis.fr\/index.php\/category\/non-classe\/"},"img":{"alt_text":"","src":"","width":0,"height":0},"classes":[]}],"jetpack_sharing_enabled":true,"jetpack_likes_enabled":true,"_links":{"self":[{"href":"http:\/\/www.letourismeaparis.fr\/index.php\/wp-json\/wp\/v2\/posts\/18460","targetHints":{"allow":["GET"]}}],"collection":[{"href":"http:\/\/www.letourismeaparis.fr\/index.php\/wp-json\/wp\/v2\/posts"}],"about":[{"href":"http:\/\/www.letourismeaparis.fr\/index.php\/wp-json\/wp\/v2\/types\/post"}],"author":[{"embeddable":true,"href":"http:\/\/www.letourismeaparis.fr\/index.php\/wp-json\/wp\/v2\/users\/2"}],"replies":[{"embeddable":true,"href":"http:\/\/www.letourismeaparis.fr\/index.php\/wp-json\/wp\/v2\/comments?post=18460"}],"version-history":[{"count":0,"href":"http:\/\/www.letourismeaparis.fr\/index.php\/wp-json\/wp\/v2\/posts\/18460\/revisions"}],"wp:attachment":[{"href":"http:\/\/www.letourismeaparis.fr\/index.php\/wp-json\/wp\/v2\/media?parent=18460"}],"wp:term":[{"taxonomy":"category","embeddable":true,"href":"http:\/\/www.letourismeaparis.fr\/index.php\/wp-json\/wp\/v2\/categories?post=18460"},{"taxonomy":"post_tag","embeddable":true,"href":"http:\/\/www.letourismeaparis.fr\/index.php\/wp-json\/wp\/v2\/tags?post=18460"}],"curies":[{"name":"wp","href":"https:\/\/api.w.org\/{rel}","templated":true}]}}